{"id":26113,"date":"2018-02-16T00:00:00","date_gmt":"2018-02-15T23:00:00","guid":{"rendered":"https:\/\/imagazine.it\/?p=26113"},"modified":"2018-02-16T00:00:00","modified_gmt":"2018-02-15T23:00:00","slug":"lo-studio-zunarelli-nel-gotha-mondiale-dei-servizi-legali","status":"publish","type":"post","link":"https:\/\/imagazine.it\/home_desk\/lo-studio-zunarelli-nel-gotha-mondiale-dei-servizi-legali\/","title":{"rendered":"Lo Studio Zunarelli nel Gotha mondiale dei servizi legali"},"content":{"rendered":"<p>Promozione a pieni voti dei servizi legali fruibili nel Friuli Venezia Giulia e segnalazione dello Studio Zunarelli, con ufficio a Trieste, nell\u2019edizione 2018 nella guida <em>Chambers Global<\/em>.<\/p>\n<p>La pubblicazione, edita da Chambers and Partners, casa editrice britannica nota per le guide che dal 1990 dedica all\u2019analisi del mercato dei servizi legali, contiene un\u2019analisi autonoma del mercato mondiale ed europeo dei servizi legali, ed \u00e8 fondata sui giudizi di clienti e avvocati. Le grandi aziende vi fanno ricorso nello scegliere gli studi legali ai quali affidarsi in Paesi diversi dal loro.<\/p>\n<p>La guida <em>Chambers Global 2018<\/em>, divisa per nazione e per materia di specializzazione, contiene una sezione dedicata all\u2019Italia, include una cinquantina di studi legali del Belpaese; di questi circa un quarto sono rappresentati da grandi firme con sede principale all\u2019estero, e vengono classificati nell\u2019ambito di alcune materie di specializzazione (diritto bancario e finanziario; mercato dei capitali; fusioni e acquisizioni; contenzioso; tutela della propriet\u00e0 intellettuale).<\/p>\n<p>Lo Studio Zunarelli, unico tra gli studi segnalati dalla guida ad avere una sede nel Friuli Venezia Giulia, viene indicato tra le eccellenze italiane nell\u2019area del contenzioso; <u><a href=\"https:\/\/www.chambersandpartners.com\/117\/467\/editorial\/2\/1\" target=\"_blank\" rel=\"noopener\">secondo <em>Chambers Global<\/em><\/a><\/u>, infatti, il dipartimento dello Studio Zunarelli dedicato al contenzioso \u00aboffre abilit\u00e0 nelle vertenze in materia di trasporti, incluse le liti in tema di shipping e diritto aereonautico. Combina la propria competenza in quest\u2019area con l\u2019abilit\u00e0 nelle dispute in materia commerciale, societaria, della concorrenza e fiscale. Alberto Pasino \u00e8 a capo del team ed \u00e8 un contatto chiave per i clienti\u00bb.<\/p>\n<p>Menzione personale anche per il professionista triestino, che viene incluso tra i circa settanta avvocati italiani segnalati individualmente nell\u2019area della guida dedicata ai \u201c<em>ranked lawyers<\/em>\u201d.<\/p>\n<p>\u00abAffinch\u00e9 gli Studi legali del Friuli Venezia Giulia ambiscano a contendere quote di mercato agli Studi strutturati prevalentemente operanti nell\u2019area lombarda e, talora, in Veneto, non basta siano bravi, ma occorre sia il mercato a riconoscerne l\u2019eccellenza. La presenza nel capoluogo giuliano di uno Studio segnalato da un\u2019autorevole guida indipendente &#8211; commenta il direttore dell\u2019Ufficio triestino dello Studio Zunarelli <strong>Alberto Pasino<\/strong> &#8211; rafforza non solo il ceto forense della nostra regione ma, considerato che, all\u2019atto della scelta se investire in un determinato luogo, uno degli aspetti che le multinazionali valutano con maggiore attenzione \u00e8 la qualit\u00e0 della giustizia e dei servizi legali ivi disponibili, si traduce in un vantaggio anche in termini di aumentata capacit\u00e0 di Trieste e della nostra regione di attrarre investimenti\u00bb.<\/p>\n<p>\u00abIl risultato testimonia che il nostro Studio, nato con una chiara vocazione trasportista, \u00e8 ora internazionalmente riconosciuto come partner affidabile anche in segmenti, quali ad esempio la gestione del contenzioso, in cui le multinazionali tendevano tradizionalmente a servirsi in modo pressoch\u00e9 esclusivo di un numero molto limitato di Studi, prevalentemente milanesi. \u00c8 una crescita \u2013 commenta dalla casa madre bolognese <strong>Massimo Campailla<\/strong>, Managing Partner dello Studio \u2013 che premia la visione del nostro socio fondatore, il professor Stefano Zunarelli, che nell\u2019impegno sul piano internazionale ha creduto strenuamente sin dagli albori dell\u2019attivit\u00e0 dello Studio\u00bb.<\/p>\n","protected":false},"excerpt":{"rendered":"<p>Secondo la &#8220;Chambers Global 2018&#8221;<\/p>\n","protected":false},"author":28,"featured_media":0,"comment_status":"closed","ping_status":"closed","sticky":false,"template":"","format":"standard","meta":{"dwc-title":[],"dwc-content":[],"footnotes":""},"categories":[5],"tags":[],"class_list":["post-26113","post","type-post","status-publish","format-standard","hentry","category-attualita"],"rttpg_featured_image_url":null,"rttpg_author":{"display_name":"redazione","author_link":"https:\/\/imagazine.it\/home_desk\/author\/redazione\/"},"rttpg_comment":0,"rttpg_category":"<a href=\"https:\/\/imagazine.it\/home_desk\/category\/attualita\/\" rel=\"category tag\">ATTUALIT\u00c0<\/a>","rttpg_excerpt":"Secondo la \"Chambers Global 2018\"","_links":{"self":[{"href":"https:\/\/imagazine.it\/home_desk\/wp-json\/wp\/v2\/posts\/26113","targetHints":{"allow":["GET"]}}],"collection":[{"href":"https:\/\/imagazine.it\/home_desk\/wp-json\/wp\/v2\/posts"}],"about":[{"href":"https:\/\/imagazine.it\/home_desk\/wp-json\/wp\/v2\/types\/post"}],"author":[{"embeddable":true,"href":"https:\/\/imagazine.it\/home_desk\/wp-json\/wp\/v2\/users\/28"}],"replies":[{"embeddable":true,"href":"https:\/\/imagazine.it\/home_desk\/wp-json\/wp\/v2\/comments?post=26113"}],"version-history":[{"count":0,"href":"https:\/\/imagazine.it\/home_desk\/wp-json\/wp\/v2\/posts\/26113\/revisions"}],"wp:attachment":[{"href":"https:\/\/imagazine.it\/home_desk\/wp-json\/wp\/v2\/media?parent=26113"}],"wp:term":[{"taxonomy":"category","embeddable":true,"href":"https:\/\/imagazine.it\/home_desk\/wp-json\/wp\/v2\/categories?post=26113"},{"taxonomy":"post_tag","embeddable":true,"href":"https:\/\/imagazine.it\/home_desk\/wp-json\/wp\/v2\/tags?post=26113"}],"curies":[{"name":"wp","href":"https:\/\/api.w.org\/{rel}","templated":true}]}}