{"id":26099,"date":"2018-02-15T00:00:00","date_gmt":"2018-02-14T23:00:00","guid":{"rendered":"https:\/\/imagazine.it\/?p=26099"},"modified":"2018-02-15T00:00:00","modified_gmt":"2018-02-14T23:00:00","slug":"castello-di-duino-mille-autori-da-tutto-il-mondo","status":"publish","type":"post","link":"https:\/\/imagazine.it\/home_desk\/castello-di-duino-mille-autori-da-tutto-il-mondo\/","title":{"rendered":"&#8220;Castello di Duino&#8221;, mille autori da tutto il mondo"},"content":{"rendered":"<p>Sono arrivate da 57 diversi Paesi, scritte in un caleidoscopio di lingue, le poesie che hanno partecipato quest\u2019anno al <strong>XIV Concorso Internazionale di Poesia e Teatro Castello di Duino, <\/strong>competizione letteraria internazionale per giovani autori, che la <strong>Commissione Nazionale Unesco<\/strong> patrocina dal 2009. Anche quest\u2019anno i lavori della giuria, di carattere internazionale e composta da poeti, critici e docenti di letterature comparate, hanno richiesto alcuni mesi, perch\u00e9 peculiarit\u00e0 del concorso \u00e8 di<strong> valutare tutti i testi in lingua originale<\/strong>. Ai giovani poeti \u00e8 stato chiesto di ispirarsi al tema di quest\u2019anno: \u201c<strong>Home\/Casa<\/strong>\u201d, intesa come luogo fisico o metaforico da cui si parte e a cui si ritorna, il proprio paese, la \u201cpatria\u201d, ma anche un rifugio dell\u2019anima, insieme di memorie, consuetudini, affetti. La competizione \u00e8 riservata ai poeti fino ai 30 anni di et\u00e0, con una graduatoria speciale per i giovanissimi, una sezione per le scuole e una sezione teatrale.<\/p>\n<p>Una cinquantina tra i giovani autori che quest\u2019anno hanno inviato versi e pi\u00e8ce teatrali da ogni angolo del globo arriveranno a Trieste per partecipare, dall\u2019<strong>11 al 24 marzo<\/strong>, alla <strong>Festa della letteratura e della poesia. Quattordici giornate <\/strong>di <strong>conferenze, letture, workshop, concerti, spettacoli teatrali ed esposizioni<\/strong>, nel cui ambito, il <strong>18 marzo<\/strong>, si svolger\u00e0 la <strong>cerimonia di premiazioni del Concorso<\/strong>, ospitata nel <strong>Castello di Duino<\/strong>, la dimora che ispir\u00f2 Rainer Maria Rilke per le sue elegie.<\/p>\n<p>Per la prima volta nella storia del Concorso quest\u2019anno il podio va moltiplicato per tre: il <strong>primo premio <\/strong>se lo sono aggiudicati il nigeriano <strong>Chinua Ezenwa-Ohaeto<\/strong> con \u201cMy Home: May a Dawn bring a new Smile upon it\u201d (La mia casa: possa un\u2019alba portarle un nuovo sorriso), la sudafricana <strong>Sarah Lubala<\/strong> con \u201cWhat to Say to the Immigration Officer When He Asks You Where You Are From\u201d (Che cosa dire al funzionario dell\u2019Ufficio immigrazione quando domanda \u201cda dove vieni\u201d) e il messicano <strong>Alan Boj<\/strong><strong>\u00f3rquez Mendoza<\/strong> con \u201cCita con La Muerte\u201d (Appuntamento con la morte). Vola in Messico anche il <strong>secondo premio<\/strong>, vinto da <strong>Daniel<\/strong> <strong>Alberto P<\/strong><strong>\u00e9<\/strong><strong>rez Segura<\/strong> con \u201cDespedidas\u201d (Congedi). <strong>Terzo premio <\/strong>alla croata <strong>Ines Kosturin<\/strong> con \u201cDje\u010dje slabosti\u201d (Debolezze infantili). A ciascuno di questi poeti va un <strong>premio in denaro di 500 euro<\/strong>, di cui una parte per regolamento del concorso viene devoluta dai vincitori a progetti umanitari nel loro Paese d\u2019origine. Segnalato invece con il <strong>premio speciale <\/strong><strong>della giuria <\/strong>\u201cCaravel\u201d, dell\u2019ucraina <strong>Yuliia Kozhukhovska<\/strong>.<\/p>\n<p>Vola in Nigeria anche la <strong>Targa Centro UNESCO di Trieste<\/strong>, vinta da <strong>Jonathan Otamere <\/strong>con<strong> \u201c<\/strong>Ashes&#8221; (Ceneri), mentre la <strong>Targa Alut<\/strong> rimane in <strong>Italia<\/strong>: va al napoletano <strong>Emanuele Esempio<\/strong>, con \u201cAustera\u201d. Va a un giovanissimo autore italiano anche la <strong>Targa <\/strong>dedicata a <strong>Sergio Penco<\/strong>, compianto membro della giuria e raffinato poeta, destinata ai poeti under 16: quest\u2019anno se la aggiudica il ferrarese <strong>Alessandro Gobbato,<\/strong> con \u201cParole di casa\u201d.<\/p>\n<p>Podio tutto italiano per la <strong>sezione teatrale del Concorso:<\/strong> la giuria ha assegnato un primo premio ex aequo (coppa, lettura scenica e pubblicazione) a <strong>Michael Crisantemi<\/strong>, di Terni, per \u201cIo amavo quella casa\u201d e a <strong>Francesca Venturelli<\/strong> (Giussago, Brescia), per \u201cLa piccola stanza a Kojo\u201d. Secondo premio per <strong>Matteo Taccola <\/strong>(Livorno), con \u201cChe il fango ci sia lieve\u201d, terzo premio ex aequo per <strong>Michele Marro<\/strong> (Vernante, Cuneo), con \u201cL\u2019anonimo\u201d, e <strong>Dario Pezzotti <\/strong>(Cimbergo, Brescia), con \u201cLa partita che finiva sempre in parit\u00e0\u201d.<\/p>\n<p>Per la <strong>sezione riservata ai progetti delle scuole<\/strong>, infine, il primo premio, del valore di 500 euro, va stavolta diviso tra il <strong>liceo scientifico Antonio Roiti <\/strong>di Ferrara, per \u201cThe Poetry Art Book: Messages for Syrian Hell\u201d e la scuola secondaria di I grado \u201c<strong>Giacomo Bresadola<\/strong>\u201d- I.C. Trento 5, per \u201cIl villaggio della Poesia\u201d. Il <strong>secondo premio<\/strong>, di 250 euro, \u00e8 stato assegnato alla <strong>scuola secondaria di I grado Don Milani, dell\u2019I.C. di Lesmo <\/strong>(MB), per \u201cEsercizi di Poesia\u201d e \u201cL\u2019officina delle parole\u201d. <strong>Terzo premio <\/strong>ex aequo, 250 euro da dividere, alla <strong>scuola secondaria di I grado F. Rismondo di Trieste<\/strong>, per \u201cCasa, metafora del nostro io\u201d, e alla <strong>scuola secondaria di I grado Nazario Sauro dell\u2019I.C. Giovanni Lucio<\/strong> (Muggia, TS) per \u201cCasa Home\u201d.<\/p>\n<p>A testimonianza dell\u2019impegno civile che caratterizza il concorso e per volont\u00e0 di <strong>Antonietta Risolo<\/strong>, titolare della Casa Editrice Ibiskos Risolo, il ricavato del libro che raccoglier\u00e0 le poesie dei vincitori andr\u00e0 alla <strong>Fondazione Luchetta Ota D\u2019Angelo Hrovatin<\/strong>, per i bambini vittime di guerra.<\/p>\n","protected":false},"excerpt":{"rendered":"<p>A marzo la Festa della letteratura<\/p>\n","protected":false},"author":28,"featured_media":26100,"comment_status":"closed","ping_status":"closed","sticky":false,"template":"","format":"standard","meta":{"dwc-title":[],"dwc-content":[],"footnotes":""},"categories":[37],"tags":[],"class_list":["post-26099","post","type-post","status-publish","format-standard","has-post-thumbnail","hentry","category-cultura-e-spettacolo"],"rttpg_featured_image_url":{"full":["https:\/\/imagazine.it\/wp-content\/uploads\/2024\/01\/24042-1.webp",750,498,false],"landscape":["https:\/\/imagazine.it\/wp-content\/uploads\/2024\/01\/24042-1.webp",750,498,false],"portraits":["https:\/\/imagazine.it\/wp-content\/uploads\/2024\/01\/24042-1.webp",750,498,false],"thumbnail":["https:\/\/imagazine.it\/wp-content\/uploads\/2024\/01\/24042-1-150x150.webp",150,150,true],"medium":["https:\/\/imagazine.it\/wp-content\/uploads\/2024\/01\/24042-1-300x199.webp",300,199,true],"large":["https:\/\/imagazine.it\/wp-content\/uploads\/2024\/01\/24042-1.webp",640,425,false],"thumblist":["https:\/\/imagazine.it\/wp-content\/uploads\/2024\/01\/24042-1.webp",300,199,false],"thumbrelated":["https:\/\/imagazine.it\/wp-content\/uploads\/2024\/01\/24042-1.webp",500,332,false],"meccarouselthumb":["https:\/\/imagazine.it\/wp-content\/uploads\/2024\/01\/24042-1.webp",474,315,false],"gridsquare":["https:\/\/imagazine.it\/wp-content\/uploads\/2024\/01\/24042-1.webp",391,260,false],"tileview":["https:\/\/imagazine.it\/wp-content\/uploads\/2024\/01\/24042-1.webp",300,199,false],"1536x1536":["https:\/\/imagazine.it\/wp-content\/uploads\/2024\/01\/24042-1.webp",750,498,false],"2048x2048":["https:\/\/imagazine.it\/wp-content\/uploads\/2024\/01\/24042-1.webp",750,498,false],"newsup-slider-full":["https:\/\/imagazine.it\/wp-content\/uploads\/2024\/01\/24042-1.webp",750,498,false],"newsup-featured":["https:\/\/imagazine.it\/wp-content\/uploads\/2024\/01\/24042-1.webp",750,498,false],"newsup-medium":["https:\/\/imagazine.it\/wp-content\/uploads\/2024\/01\/24042-1-720x380.webp",720,380,true],"tptn_thumbnail":["https:\/\/imagazine.it\/wp-content\/uploads\/2024\/01\/24042-1.webp",250,166,false],"sow-carousel-default":["https:\/\/imagazine.it\/wp-content\/uploads\/2024\/01\/24042-1-272x182.webp",272,182,true]},"rttpg_author":{"display_name":"redazione","author_link":"https:\/\/imagazine.it\/home_desk\/author\/redazione\/"},"rttpg_comment":0,"rttpg_category":"<a href=\"https:\/\/imagazine.it\/home_desk\/category\/cultura-e-spettacolo\/\" rel=\"category tag\">CULTURA&amp;SPETTACOLO<\/a>","rttpg_excerpt":"A marzo la Festa della letteratura","_links":{"self":[{"href":"https:\/\/imagazine.it\/home_desk\/wp-json\/wp\/v2\/posts\/26099","targetHints":{"allow":["GET"]}}],"collection":[{"href":"https:\/\/imagazine.it\/home_desk\/wp-json\/wp\/v2\/posts"}],"about":[{"href":"https:\/\/imagazine.it\/home_desk\/wp-json\/wp\/v2\/types\/post"}],"author":[{"embeddable":true,"href":"https:\/\/imagazine.it\/home_desk\/wp-json\/wp\/v2\/users\/28"}],"replies":[{"embeddable":true,"href":"https:\/\/imagazine.it\/home_desk\/wp-json\/wp\/v2\/comments?post=26099"}],"version-history":[{"count":0,"href":"https:\/\/imagazine.it\/home_desk\/wp-json\/wp\/v2\/posts\/26099\/revisions"}],"wp:featuredmedia":[{"embeddable":true,"href":"https:\/\/imagazine.it\/home_desk\/wp-json\/wp\/v2\/media\/26100"}],"wp:attachment":[{"href":"https:\/\/imagazine.it\/home_desk\/wp-json\/wp\/v2\/media?parent=26099"}],"wp:term":[{"taxonomy":"category","embeddable":true,"href":"https:\/\/imagazine.it\/home_desk\/wp-json\/wp\/v2\/categories?post=26099"},{"taxonomy":"post_tag","embeddable":true,"href":"https:\/\/imagazine.it\/home_desk\/wp-json\/wp\/v2\/tags?post=26099"}],"curies":[{"name":"wp","href":"https:\/\/api.w.org\/{rel}","templated":true}]}}