{"id":26075,"date":"2018-02-10T00:00:00","date_gmt":"2018-02-09T23:00:00","guid":{"rendered":"https:\/\/imagazine.it\/?p=26075"},"modified":"2018-02-10T00:00:00","modified_gmt":"2018-02-09T23:00:00","slug":"trieste-premia-i-suoi-azzurri","status":"publish","type":"post","link":"https:\/\/imagazine.it\/home_desk\/trieste-premia-i-suoi-azzurri\/","title":{"rendered":"Trieste premia i suoi Azzurri"},"content":{"rendered":"<p>Nella cornice del Ridotto del Teatro Verdi di Trieste si \u00e8 tenuta la cerimonia annuale di premiazione degli atleti azzurri che hanno rappresentato Trieste e l&#39;Italia nel mondo.<\/p>\n<p>\u201cTrieste Azzurra\u201d \u2013 come ha ricordato la presidente dell&#39;Associazione Nazionale Atleti Olimpici e Azzurri <strong>Marcella Skabar<\/strong> \u2013 \u00e8 una festa che da tre decenni l&#39;Associazione Nazionale Atleti Olimpici e Azzurri d&#39;Italia co-organizza con il Comune di Trieste per premiare in modo equo, tutti assieme e nella stessa occasione, gli atleti che nel corso dell&#39;annata appena conclusa hanno rappresentato Trieste e l&#39;Italia in vari incontri internazionali vestendo la maglia azzurra e facendo parte della Nazionale ufficiale delle singole federazioni sportive del CONI.<\/p>\n<p>Per l&#39;anno 2017 sono stati premiati 86 atleti. Un premio speciale \u00e8 stato consegnato <strong>Maurizio Fermeglia<\/strong>, magnifico rettore dell\u2019Universit\u00e0 di Trieste, appellato quale \u201cRettore pi\u00f9 sportivo d\u2019Italia\u201d. Come giocatore e come sportivo ha praticato agonisticamente la pallavolo con l&#39;Arc Linea juniores, vincendo una medaglia d&#39;argento e per 4 anni ha giocato nel campionato danese. Ha praticato basket, tennis, motocross, alpinismo, sci e sci alpinismo; \u00e8 accademico del CAI, esperto in salite alle pi\u00f9 alte vette, fra le quali l&#39;Huascaran nelle Ande peruviane e il Capitain nello Yosemite in California. \u00c8 anche Responsabile della Stazione di Soccorso Alpino di Trieste e Istruttore di sci-alpinismo. Fra le imprese sportive vanta anche la discesa del versante Nord del Gran Paradiso. \u201cLo sport \u2013 ha dichiarato \u2013 \u00e8 scuola di vita per porsi, come negli studi, degli obiettivi nel rispetto degli avversari cosa che non succede in altri contesti e che aiuta a maturare\u201d.<\/p>\n<p>Questo l\u2019elenco degli atleti premiati:<\/p>\n<p>\u00a0<\/p>\n<p><strong>PALLANUOTO<\/strong><\/p>\n<p align=\"center\">\u00a0<\/p>\n<p><strong>Sara INGANNAMORTE e Lucrezia\u00a0 CERGOL. <\/strong>Hanno partecipato ai Campionati Europei svoltisi a Novi Sad, in Serbia.<\/p>\n<p><strong>Michele MEZZAROBBA. <\/strong>Con la Nazionale ha partecipato ai Campionati Mondiali in Serbia e alla Comen Cup in Montenegro.<\/p>\n<p align=\"center\">\u00a0<\/p>\n<p><strong>PALLACANESTRO<\/strong><\/p>\n<p align=\"center\">\u00a0<\/p>\n<p><strong>Francesco BONICIOLLI. <\/strong>Con la Nazionale U16 ha partecipato agli EYOF in Ungheria, conquistando il 7\u00b0 posto.<\/p>\n<p><strong>Chiara CAMPOREALE. <\/strong>Agli Europei di Bourges, in Francia, ha ottenuto la medaglia di Bronzo con la Nazionale U 16.<\/p>\n<p><strong>Giulia IANEZIC. <\/strong>Gioca con l&#39;Interclub Muggia ed ha partecipato ai Mondiali Under 19 a Udine conquistando l\u201911\u00b0 posto. Con la squadra azzurra\u00a0 U18 si \u00e8 classificata al 10\u00b0 posto ai Campionati Europei in Ungheria.\u00a0\u00a0\u00a0\u00a0\u00a0\u00a0\u00a0\u00a0\u00a0\u00a0\u00a0\u00a0\u00a0\u00a0\u00a0\u00a0\u00a0\u00a0\u00a0\u00a0\u00a0\u00a0\u00a0\u00a0\u00a0\u00a0\u00a0\u00a0\u00a0\u00a0\u00a0\u00a0\u00a0\u00a0\u00a0\u00a0\u00a0\u00a0\u00a0\u00a0\u00a0\u00a0\u00a0\u00a0\u00a0\u00a0\u00a0\u00a0\u00a0\u00a0\u00a0\u00a0\u00a0\u00a0\u00a0\u00a0\u00a0\u00a0\u00a0\u00a0\u00a0\u00a0\u00a0 \u00a0\u00a0\u00a0\u00a0\u00a0\u00a0\u00a0\u00a0\u00a0\u00a0\u00a0<\/p>\n<p><strong>Francesca LEONARDI. <\/strong>Con la Nazionale U15 si \u00e8 classificata al 4\u00b0 posto al Torneo dell\u2019Amicizia in Grecia. Con la Nazionale U16 invece, ha partecipato agli EYOF in Ungheria, classificandosi 7.a<\/p>\n<p><strong>Alice RICHTER. <\/strong>Ha partecipato al World Cup Nazionale 3vs3 in Francia ottenendo il 5\u00b0 posto.<\/p>\n<p><strong>Matteo SCHINA. <\/strong>Con la Nazionale Under 16 si \u00e8 classificato al 9\u00b0 al Campionato Europeo di Podgorica in Montenegro.<\/p>\n<p><strong>Sara VOLPE. <\/strong>Ha partecipato al Torneo BAM Under 14 in Slovenia piazzandosi al 4\u00b0 posto.<\/p>\n<p>\u00a0<\/p>\n<p><strong>PALLAMANO<\/strong><\/p>\n<p><strong>Thomas POSTOGNA e Gianluca DAPIRAN. <\/strong>Hanno partecipato con la Nazionale Italiana a diversi incontri affrontando Spagna, Grecia e Israele, in vista della partecipazione ai Campionati Mondiali del 2018.<\/p>\n<p>\u00a0<\/p>\n<p><strong>CALCIO<\/strong><\/p>\n<p><strong>Sara GAMA. <\/strong>In forza alla Juventus Women. Con la Nazionale ha partecipato all&#39; Europeo in Olanda e alle prime quattro partite delle Qualificazioni per il Mondiale di Francia 2019.<\/p>\n<p><strong>Andrea PETAGNA. <\/strong>All\u2019Europeo Under 21, in Polonia, realizza il suo primo gol nella prima gara del girone vinta poi 2-0 contro la Danimarca. A marzo \u00e8 stato convocato nella Nazionale maggiore in occasione della partita di qualificazione al Mondiale 2018 contro l\u2019Albania. A 21 anni fa il suo debutto nella Nazionale maggiore sostituendo \u00c9der nel secondo tempo della partita amichevole vinta 2-1 contro l&#39;Olanda ad Amsterdam.<\/p>\n<p>\u00a0<\/p>\n<p><strong>JUDO<\/strong><\/p>\n<p><strong>Elisa TONIOLO. <\/strong>Agli EYOF in Ungheria ha vinto\u00a0 la Medaglia d&#39;Oro nella gara a squadre e si \u00e8 piazzata al 5\u00b0 posto nella gara individuale. Ha partecipato\u00a0 anche al Campionato Mondiale Under 18 svoltosi in Cile ad agosto.<\/p>\n<p>\u00a0<\/p>\n<p><strong>KUNG FU<\/strong><\/p>\n<p><strong>Marco BAZZARA. <\/strong>Ha conquistato il titolo mondiale nella specialit\u00e0 del Kung Fu da combattimento (il Sand\u00e0) ai Campionati del Mondo Unificati WTKA .<\/p>\n<p>\u00a0<\/p>\n<p><strong>KARATE <\/strong><\/p>\n<p><strong>Diana NAPOLITANO. \u00a0<\/strong>Ha vinto la medaglia d&#39;oro al Campionato del Mondo a Barcellona e al Campionato del Mondo in Irlanda \u00e8 arrivata 3.a nella gara individuale e 1.a nella gara a squadre.<\/p>\n<p><strong>Ion JORNEA. <\/strong>Ha vinto la medaglia di bronzo nel kumite categoria cadetti agli Open in Croazia<\/p>\n<p><strong>Filippo DE PALMA. <\/strong>Con la World Karate Federation ha vinto la doppia medaglia di bronzo in due specialit\u00e0, Kata e Kumite,\u00a0 partecipando agli Open di Postumia.<\/p>\n<p>\u00a0<\/p>\n<p><strong>PUGILATO<\/strong><\/p>\n<p><strong>Mattias ZDRINCA. <\/strong>Ha vinto la Medaglia di Bronzo ai Campionati Europei in Bulgaria. Ha partecipato a tutte le attivit\u00e0 della Nazionale Italiana in Francia, Montenegro e Italia.<\/p>\n<p>\u00a0<\/p>\n<p><strong>TIRO CON L\u2019ARCO<\/strong><\/p>\n<p><strong>Karen HERVAT. <\/strong>Categoria allieve femminile. Alla 1\u00b0 tappa dell&#39;Europeo Giovanile in Grecia ha vinto la Medaglia d\u2019Argento a squadre e il 9\u00b0 posto individuale, e ancora il 9\u00b0 posto squadra mix-team.\u00a0 Alla 2\u00b0 tappa\u00a0 si \u00e8 classificata 6.a\u00a0 individuale e 6.a con la squadra. Al Campionato del Mondo Giovanile in Argentina, si \u00e8 classificata 17\u00b0 individuale e 9\u00b0 con la squadra.<\/p>\n<p>\u00a0<\/p>\n<p><strong>MOTOCICLISMO<\/strong><\/p>\n<p><strong>Mattia LENARDUZZI. <\/strong>Ha partecipato alle qualificazioni per il Campionato del Mondo Under 21 a Udine e al Campionato Europeo Under 21 a Macon in Francia.<\/p>\n<p>\u00a0<\/p>\n<p><strong>FLAG FOOTBALL<\/strong><\/p>\n<p><strong>Diana VERCH, Monica BUCCI, Sara CASERTANO. <\/strong>Hanno partecipato agli Europei di Flag Football di Madrid.<\/p>\n<p>\u00a0<\/p>\n<p><strong>PENTATHLON MODERNO<\/strong><\/p>\n<p><strong>Auro FRANCESCHINI. <\/strong>Ha partecipato ai Campionati Mondiali Militari in Polonia, classificandosi al 20\u00b0 posto.<\/p>\n<p>\u00a0<\/p>\n<p><strong>PESCA\u00a0 SPORTIVA<\/strong><\/p>\n<p><strong>Stefano CLAUT. <\/strong>Nel 2017 ha partecipato al campionato\u00a0 europeo arrivando 4\u00b0 individuale e terzo a squadre . Medaglia d&#39;oro alla gara internazionale a squadre a Zara in Croazia.\u00a0\u00a0<\/p>\n<p><strong>Gabriele BRUNETTIN. <\/strong>Con la Nazionale italiana \u00e8 arrivato 2\u00b0 ai mondiali 2017 in Croazia, e ai mondiali per Club in Montenegro ha vinto la medaglia d&#39;oro.<\/p>\n<p>\u00a0<\/p>\n<p><strong>PARALIMPICI<\/strong><\/p>\n<p><strong>Giorgia MARCHI \u2013 Nuoto. <\/strong>Ha vinto la Medaglia d\u2019Oro nei 100m rana al Campionato Europeo Giovanile Paralimpico a Genova, stabilendo il record italiano FINP di categoria.<\/p>\n<p><strong>Matteo PARENZAN \u2013 Tennis tavolo. <\/strong>Al Campionato Europeo Under 23 di Genova si \u00e8 classificato 3\u00b0 al singolo, 3\u00b0 al doppio e ha vinto l\u2019argento a squadre. Al Campionato assoluto internazionale si \u00e8 classificato 3\u00b0 a squadre.<\/p>\n<p><strong>Andrea STERLE \u2013 Boccia. <\/strong>Ha partecipato al Campionato Europeo a Povoa de Varzim in Portogallo.<\/p>\n<p align=\"center\">\u00a0<\/p>\n<p><strong>SCI ALPINO<\/strong><\/p>\n<p><strong>Pietro CANZIO. <\/strong>Gareggia in Super G, Slalom Gigante e in Combinata alpina. Vanta la partecipazione a 15 incontri internazionali con piazzamenti al 6\u00b0 posto nella Combinata alpina in Austria, 7\u00b0 nello Slalom Gigante in Svizzera e 10\u00b0 nel Super G in Austria.<\/p>\n<p>\u00a0<\/p>\n<p><strong>SCI D\u2019ERBA<\/strong><\/p>\n<p><strong>Nicholas ANZIUTTI. <\/strong>Fra i numerosi incontri di World Cup, Campionati Mondiali e Internazionali,\u00a0citiamo il 6\u00b0 posto nello Slalom e l&#39; 8\u00b0 posto nel Super G all&#39; Incontro Internazionale a Bolzano e il 10\u00b0 posto nel Super Combinato al World Cup di Rettenbach in Austria.<\/p>\n<p>\u00a0<\/p>\n<p><strong>SKIROLL<\/strong><\/p>\n<p><strong>Dana TENZE. <\/strong>Ha ottenuto il 9\u00b0 posto nelle prove di Coppa del Mondo a Trento nella prova sprint in Tecnica Libera, il 16\u00b0 posto nella prova in salita Tecnica Classica e il 15\u00b0 posto nell\u2019inseguimento in Tecnica Libera.<\/p>\n<p>\u00a0<\/p>\n<p><strong>ATLETICA LEGGERA<\/strong><\/p>\n<p><strong>Jacopo DE MARCHI. <\/strong>Specialit\u00e0 cross. Ha partecipato ai Campionati Europei Under 20 a Grosseto e ai Campionati Europei di Cross 1500M a Samorin in Slovacchia.<\/p>\n<p><strong>Alessio DI BLASIO. <\/strong>Specialit\u00e0 lancio del giavellotto. Si \u00e8 classificato al 1\u00b0 posto nei Campionati Mondiali Studenteschi a Nancy in Francia.<\/p>\n<p><strong>Elisa Maria DI LAZZARO. <\/strong>Ostacolista, ha partecipato ai Campionati Europei Under 20 a Grosseto e al Triangolare ITA\/GER\/FRA Indoor ad Halle in Germania.<\/p>\n<p><strong>Nicla MOSETTI. <\/strong>Anche lei ostacolista, ha partecipato ai Campionati Europei Under 23 nella gara dei 100 ostacoli svoltisi a Bydgoscsz in Polonia.<\/p>\n<p><strong>Max MANDUSIC. <\/strong>Saltatore con l\u2019asta. Ha partecipato ai Campionati Europei Under 20 a Grosseto. Ha preso parte anc he al Triangolare ITA\/GER\/FRA Indoor ad Halle in Germania.<\/p>\n<p><strong>Enrico SANCIN. <\/strong>Velocista, si \u00e8 classificato al 3\u00b0 posto nei 100m agli EYOF in Ungheria.<\/p>\n<p>\u00a0<\/p>\n<p><strong>CANOA<\/strong><\/p>\n<p><strong>Francesca GENZO. <\/strong>Si \u00e8 classificata 2\u00b0 alla 2\u00b0 Prova Coppa del Mondo in Ungheria, in K2 200m e 18\u00b0 in K4 500m e al 5\u00b0 posto in K2 200m al Campionato Europeo Senior di Plodiv in Bulgaria. Infine,\u00a0 \u00e8 arrivata 2\u00b0 in K2 200m al Campionato del Mondo Senior in Repubblica Ceca.<\/p>\n<p><strong>Agnese DERIN e Zoe FAIMAN. <\/strong>Gareggiano nella disciplina canoa polo. Si sono classificate al 7\u00b0 posto al Campionato Europeo di Saint Omer in Francia.<\/p>\n<p>\u00a0<\/p>\n<p><strong>TUFFI<\/strong><\/p>\n<p><strong>Silvia ALESSIO. <\/strong>Al Torneo 7 Nazioni a Bourg en Bresse (Francia) si \u00e8 classificata 8\u00b0 nel trampolino da 1m e al 9\u00b0 posto nel trampolino da 3metri. \u00c8 arrivata 5\u00b0 nel sincro da 3m.<\/p>\n<p><strong>Gabriele AUBER. <\/strong>Agli Europei di Kiev si \u00e8 classificato 5\u00b0 nel sincro da 3m. E ai Mondiali di Budapest \u00e8 arrivato 11\u00b0 nel sincro da 3m. Inoltre alle Universiadi di Taipei ha conquistato la medaglia di bronzo sia nel sincro da 3m che nella gara sincro misto da 3m.<\/p>\n<p><strong>Noemi BATKI. <\/strong>Specialista nella piattaforma da 10 m. agli Europei di Kiev ha conquistato la medaglia di bronzo nel sincro misto\u00a0 e il\u00a0 4\u00b0 posto nel sincro donne sempre da 10m. Al Grand Prix di Madrid si \u00e8 classificata 2\u00b0 nel sincro donne da 10m. Ha partecipato ai Mondiali di Budapest arrivando all&#39;11\u00b0 posto sia nel sincro misto da 10m che nel sincro donne da 10m. Ai World Series di Kazan e Windsor si \u00e8 piazzata al 5\u00b0 posto nel sincro misto da 10m.<\/p>\n<p><strong>Samuel D\u2019ALESSANDRO. <\/strong>Portabandiera della Nazionale, al Bergen Open Norvegia si \u00e8 classificato 18\u00b0 nella piattaforma da 10m.<br \/> <strong>Alessandro DE ROSE. <\/strong>Nella Coppa del Mondo ad Abu Dhabi in febbraio\u00a0 \u00e8 arrivato 10\u00b0 nella prova dai 27m (high diving). Ai Mondiali di Budapest sempre nella gara dei 27 metri ha conquistato la medaglia di bronzo.<\/p>\n<p><strong>Lucia ZEBOCHIN. <\/strong>Al Torneo 7 Nazioni a Bourg en Bresse si \u00e8 classificata al 6\u00b0 posto nel trampolino da 3m e al 9\u00b0 posto nel trampolino da 1m.<\/p>\n<p>\u00a0<\/p>\n<p><strong>NUOTO<\/strong><\/p>\n<p><strong>Piero CODIA. <\/strong>Ha partecipato ai Campionati Mondiali di Budapest arrivando 10\u00b0 nei 50m delfino. Nei 100m delfino \u00e8 arrivato ancora 10\u00b0 conquistando per\u00f2\u00a0 il Record Italiano Assoluto in vasca corta. Ai Campionati Europei vasca corta in Danimarca, ha conquistato l\u2019Argento nei 100m delfino , il 9\u00b0 posto nei 50 delfino e\u00a0 nella 4x50m mista ancora la medaglia d&#39;argento.\u00a0\u00a0\u00a0\u00a0<\/p>\n<p>\u00a0<\/p>\n<p><strong>VELA<\/strong><\/p>\n<p><strong>Carolina ALBANO. <\/strong>Classe Laser Radial &#8211; Ha\u00a0 partecipato al Campionato del Mondo di Medemblik in Olanda e a quello Europeo di Barcellona, in Spagna.<\/p>\n<p><strong>Giovanni COCCOLUTO.\u00a0 <\/strong>Classe Laser Standard \u2013 E&#39; stato in Nazionale\u00a0 al Campionato del Mondo di Spalato in Croazia e a quello Europeo di Barcellona, in Spagna.<\/p>\n<p><strong>Martha FARAGUNA. <\/strong>Classe Laser radial &#8211; Si \u00e8 classificata al 18\u00b0 posto al Campionato Europeo di Barcellona in Spagna.<\/p>\n<p><strong>Francesco RIPANDELLI. <\/strong>Classe 420 &#8211; Al Campionato Europeo Juniores sul Lago di Garda\u00a0 \u00e8 arrivato al 7\u00b0 posto. A quello Assoluto di Atene in Grecia, si \u00e8 classificato 16\u00b0. Ha vinto la Medaglia d\u2019Oro all\u2019 Imperia Winter Regatta ad Imperia e alla Carnival Race Classe 420 di Sanremo ha conquistato il 12\u00b0 posto.<\/p>\n<p><strong>Andrea TESEI. <\/strong>Classe 49ER &#8211; Ha vinto la Medaglia di Bronzo al Campionato Europeo di Kiel in Germania. Al Campionato del Mondo di Porto in Portogallo si \u00e8 classificato al 10\u00b0 posto.<\/p>\n<p><strong>Francesca BERGAMO e Jana GERMANI. <\/strong>Classe 49er &#8211; Al Campionato Europeo di Kiel in Germania\u00a0 sono arrivate al 25\u00b0 posto e al 3\u00b0 posto categoria Junior Femminile. Al Campionato Mondiale 49er &#038; 49erFX in Portogallo si sono classificate 27\u00b0 e 4.e nella Classe Under 23. Hanno vinto la medaglia d&#39;argento alla 42\u00b0 Christmas Race in Spagna e sono arrivate 17.me alla World Cup Series in Francia.<\/p>\n<p><strong>Alice LINUSSI e Francesca RUSSO CIRILLO. <\/strong>Classe 470 &#8211; 10\u00b0 classificate ai Campionati Europei Juniores Classe 470 sul Lago di Garda.<\/p>\n<p><strong>Cecilia FEDEL e Maria Vittoria MARCHESINI. <\/strong>Classe 470 &#8211; Si sono piazzate al 7\u00b0 posto ai Campionati Europei Juniores Classe 470 sul Lago di Garda e al 20 \u00b0 posto alla World Cup Series di Hy\u00e8res in Francia. Hanno poi conquistato il 31\u00b0 posto al Trofeo Princesa Sofia a Palma di Maiorca.<\/p>\n<p><strong>Carlotta OMARI e Matilda DISTEFANO. <\/strong>Classe 49er femminile &#8211; Hanno partecipato al Campionato Europeo di Kiel in Germania, classificandosi\u00a0 21.me\u00a0 e al 2\u00b0 posto categoria Junior Femminile. Al Campionato Mondiale di Matosinhos in Portogallo\u00a0 sono arrivate al\u00a0 42\u00b0 posto.\u00a0 Hanno vinto la Medaglia d\u2019Oro alla 42\u00b0 Christmas Race in Spagna.<\/p>\n<p><strong>Silvia PENSO. <\/strong>Classe 420\u00a0 &#8211; a Kiel\u00a0 in Germania \u00e8 arrivata 16.a e al Campionato Europeo femminile di Atene \u00e8 arrivata 30.a<\/p>\n<p><strong>Giulia BERNARDI. <\/strong>Con la collega Penso si \u00e8 classificata al 30\u00b0 posto ad Atene all&#39;Europeo femminile.<\/p>\n<p\n<strong>Giorgia SINIGOI e Sara ZUPPIN. <\/strong>Classe 420 &#8211; Sono arrivate al 20\u00b0 posto al Campionato Mondiale di Perth in Australia. Hanno partecipato al Campionato Europeo Femminile di Atene in Grecia, e ai Campionati Europei Juniores sul Lago di Garda sono arrivate 12.me.<\/p>\n<p>\u00a0<\/p>\n<p><strong>CANOTTAGGIO<\/strong><\/p>\n<p><strong>Ilaria CORAZZA. <\/strong>Bronzo in quattro di coppia e 4\u00b0 posto in Quattro di Coppia alla Coupe de la Jeunesse in Belgio.<\/p>\n<p><strong>Gustavo FERRIO. <\/strong><a name=\"_GoBack1\"><\/a>Riserva al Campionato del Mondo Under 23 a Plovdiv in Bulgaria.<\/p>\n<p><strong>Federico DUCHICH. <\/strong>Campione del Mondo in quattro senza Pesi Leggeri a Sarasota (USA). Oro in quattro senza Pesi Leggeri nella III\u00b0 Prova di Coppa del Mondo in Svizzera.<\/p>\n<p><strong>Simone MARTINI. <\/strong>Ha conquistato il 15\u00b0 posto in singolo al Campionato Europeo a Racice in Repubblica Ceca ed ha partecipato al Memorial d\u2019Aloja.<\/p>\n<p><strong>Beatrice MILLO. <\/strong>8\u00b0 posto in Otto al Campionato del Mondo Under23 a Plovdiv in Bulgaria.<\/p>\n<p><strong>Stefano MORGANTI. <\/strong>Argento in quattro senza e Argento in otto al Memorial d\u2019Aloja.<\/p>\n<p><strong>Martina PELLIZZARI. <\/strong>8\u00b0 posto assoluto in singolo alla Coupe de la Jeunesse in Belgio.<\/p>\n<p><strong>Piero SFILIGOI. <\/strong>Campione del Mondo in quattro senza Pesi Leggeri a Sarasota (USA).\u00a0 Argento in quattro senza Pesi Leggeri al Campionato Europeo a Repubblica Ceca. Oro in quattro senza Pesi Leggeri nella III\u00b0 Prova di Coppa del Mondo in Svizera. Bronzo in due senza Pesi Leggeri al Memorial d\u2019Aloja.<\/p>\n<p><strong>Lorenzo TEDESCO. <\/strong>Campione del Mondo in quattro senza Pesi Leggeri a Sarasota (USA). Oro in quattro senza Pesi Leggeri nella III\u00b0 Prova di Coppa del Mondo in Svizzera. Bronzo in due senza Pesi Leggeri al Memorial d\u2019Aloja.<\/p>\n<p>\u00a0<\/p>\n<p><strong>HOCKEY IN LINE<\/strong><\/p>\n<p><strong>Axel COCOZZA e Nicol\u00f2 DEGANO. <\/strong>Hanno partecipato con la Nazionale Under 18 ai Campionati Europei 2017 svoltisi in Repubblica Ceca conquistando la Medaglia d\u2019 Argento.<\/p>\n<p><strong>Giovanna SPERANZA. <\/strong>Ha vestito la maglia azzurra ai Campionati Europei in Repubblica\u00a0 Ceca, arrivando al 4\u00b0 posto. Ai Mondiali Senior 2017 a Nanjing in Cina, si \u00e8 classificata 5.a.<\/p>\n<p>\u00a0<\/p>\n<p><strong>PATTINAGGIO<\/strong><\/p>\n<p><strong>Asia BORDON. <\/strong>Solo Dance Internazionale Juniores, ha vinto il titolo di Vice Campionessa Europea 2017 a Roana.<\/p>\n<p><strong>Valentina CARRAFIELLO. <\/strong>Solo Dance Senior. Medaglia di bronzo agli Open di Hettange Grande in Francia.<\/p>\n<p><strong>Metka KUK. <\/strong>Singolo In-line\u00a0 Senior. Ha conquistato la medaglia di bronzo ai Campionati Mondiali 2017 a Nanjing in Cina.<\/p>\n<p><strong>Martina PECCHIAR. <\/strong>Singolo Categoria Senior.\u00a0 A Friburgo, nella Coppa di Germania si \u00e8 classificata al 3\u00b0 posto.<\/p>\n<p><strong>Francesca RONCELLI. <\/strong>Specialit\u00e0 Spettacolo Categoria Quartetti (Celebrity). Ha vinto il titolo di Campionessa Europea 2017 a Nantes nella categoria quartetti e ai Campionati Mondiali a Nanjing in Cina \u00e8 arrivata alla medaglia d&#39;argento perdendo il meritato e sicurissimo oro solamente a causa di un piccolo intoppo della stoffa nelle ruote del pattino.<\/p>\n<p><strong>Silvia STIBILJ. <\/strong>Solo Dance e Coppia Danza &#8211; Categoria Senior. \u00a0Vice Campionessa \u201cThe World Games 2017\u201d Coppia Danza (con Andrea Bassi) a Breslavia in Polonia. E di nuovo altro titolo di Campionessa Mondiale 2017 Solo Dance a Nanjing in Cina.<\/p>\n","protected":false},"excerpt":{"rendered":"<p>Cerimonia al Ridotto del Verdi<\/p>\n","protected":false},"author":28,"featured_media":26076,"comment_status":"closed","ping_status":"closed","sticky":false,"template":"","format":"standard","meta":{"dwc-title":[],"dwc-content":[],"footnotes":""},"categories":[38],"tags":[],"class_list":["post-26075","post","type-post","status-publish","format-standard","has-post-thumbnail","hentry","category-sport"],"rttpg_featured_image_url":{"full":["https:\/\/imagazine.it\/wp-content\/uploads\/2024\/01\/23852-1.webp",750,503,false],"landscape":["https:\/\/imagazine.it\/wp-content\/uploads\/2024\/01\/23852-1.webp",750,503,false],"portraits":["https:\/\/imagazine.it\/wp-content\/uploads\/2024\/01\/23852-1.webp",750,503,false],"thumbnail":["https:\/\/imagazine.it\/wp-content\/uploads\/2024\/01\/23852-1-150x150.webp",150,150,true],"medium":["https:\/\/imagazine.it\/wp-content\/uploads\/2024\/01\/23852-1-300x201.webp",300,201,true],"large":["https:\/\/imagazine.it\/wp-content\/uploads\/2024\/01\/23852-1.webp",640,429,false],"thumblist":["https:\/\/imagazine.it\/wp-content\/uploads\/2024\/01\/23852-1.webp",300,201,false],"thumbrelated":["https:\/\/imagazine.it\/wp-content\/uploads\/2024\/01\/23852-1.webp",500,335,false],"meccarouselthumb":["https:\/\/imagazine.it\/wp-content\/uploads\/2024\/01\/23852-1.webp",474,318,false],"gridsquare":["https:\/\/imagazine.it\/wp-content\/uploads\/2024\/01\/23852-1.webp",388,260,false],"tileview":["https:\/\/imagazine.it\/wp-content\/uploads\/2024\/01\/23852-1.webp",300,201,false],"1536x1536":["https:\/\/imagazine.it\/wp-content\/uploads\/2024\/01\/23852-1.webp",750,503,false],"2048x2048":["https:\/\/imagazine.it\/wp-content\/uploads\/2024\/01\/23852-1.webp",750,503,false],"newsup-slider-full":["https:\/\/imagazine.it\/wp-content\/uploads\/2024\/01\/23852-1.webp",750,503,false],"newsup-featured":["https:\/\/imagazine.it\/wp-content\/uploads\/2024\/01\/23852-1.webp",750,503,false],"newsup-medium":["https:\/\/imagazine.it\/wp-content\/uploads\/2024\/01\/23852-1-720x380.webp",720,380,true],"tptn_thumbnail":["https:\/\/imagazine.it\/wp-content\/uploads\/2024\/01\/23852-1.webp",250,168,false],"sow-carousel-default":["https:\/\/imagazine.it\/wp-content\/uploads\/2024\/01\/23852-1-272x182.webp",272,182,true]},"rttpg_author":{"display_name":"redazione","author_link":"https:\/\/imagazine.it\/home_desk\/author\/redazione\/"},"rttpg_comment":0,"rttpg_category":"<a href=\"https:\/\/imagazine.it\/home_desk\/category\/sport\/\" rel=\"category tag\">SPORT<\/a>","rttpg_excerpt":"Cerimonia al Ridotto del Verdi","_links":{"self":[{"href":"https:\/\/imagazine.it\/home_desk\/wp-json\/wp\/v2\/posts\/26075","targetHints":{"allow":["GET"]}}],"collection":[{"href":"https:\/\/imagazine.it\/home_desk\/wp-json\/wp\/v2\/posts"}],"about":[{"href":"https:\/\/imagazine.it\/home_desk\/wp-json\/wp\/v2\/types\/post"}],"author":[{"embeddable":true,"href":"https:\/\/imagazine.it\/home_desk\/wp-json\/wp\/v2\/users\/28"}],"replies":[{"embeddable":true,"href":"https:\/\/imagazine.it\/home_desk\/wp-json\/wp\/v2\/comments?post=26075"}],"version-history":[{"count":0,"href":"https:\/\/imagazine.it\/home_desk\/wp-json\/wp\/v2\/posts\/26075\/revisions"}],"wp:featuredmedia":[{"embeddable":true,"href":"https:\/\/imagazine.it\/home_desk\/wp-json\/wp\/v2\/media\/26076"}],"wp:attachment":[{"href":"https:\/\/imagazine.it\/home_desk\/wp-json\/wp\/v2\/media?parent=26075"}],"wp:term":[{"taxonomy":"category","embeddable":true,"href":"https:\/\/imagazine.it\/home_desk\/wp-json\/wp\/v2\/categories?post=26075"},{"taxonomy":"post_tag","embeddable":true,"href":"https:\/\/imagazine.it\/home_desk\/wp-json\/wp\/v2\/tags?post=26075"}],"curies":[{"name":"wp","href":"https:\/\/api.w.org\/{rel}","templated":true}]}}