{"id":26061,"date":"2018-02-09T00:00:00","date_gmt":"2018-02-08T23:00:00","guid":{"rendered":"https:\/\/imagazine.it\/?p=26061"},"modified":"2018-02-09T00:00:00","modified_gmt":"2018-02-08T23:00:00","slug":"trieste-airport-inserita-nel-circuito-stazioni-senza-barriere","status":"publish","type":"post","link":"https:\/\/imagazine.it\/home_desk\/trieste-airport-inserita-nel-circuito-stazioni-senza-barriere\/","title":{"rendered":"Trieste Airport inserita nel circuito &#8220;Stazioni senza barriere&#8221;"},"content":{"rendered":"<p>Nasce dal presupposto di applicare i pi\u00f9 avanzati standard di servizio alle persone con disabilit\u00e0 e alle persone con mobilit\u00e0 ridotta il progetto e la realizzazione della Fermata Ferroviaria \u201cTrieste Airport\u201d. Dotata di ascensori che portano le persone dal livello parcheggio al livello binari, \u00e8 progettata e costruita da RFI, coerentemente con le esigenze di accessibilit\u00e0 per tutti i viaggiatori.<\/p>\n<p>Tali caratteristiche permetteranno alla nuova fermata, operativa dalla fine di marzo, di essere da subito inserita nel circuito delle Ferrovie dello Stato delle <em>Stazioni Senza Barriere<\/em>, ovvero tra quelle attrezzate per consentire l\u2019accesso autonomo a persone con disabilit\u00e0 motoria almeno fino al primo marciapiede.<\/p>\n<p>Nel corso del 2017 sono state completate e consolidate le novit\u00e0 in termini di assistenza alle persone a mobilit\u00e0 ridotta (PRM) messe in cantiere nel corso del 2016. Tra queste la qualificazione dei servizi interni al terminal passeggeri, con rinnovamento e potenziamento dei bagni per disabili e l\u2019installazione di nuovi ascensori per migliorare l\u2019accessibilit\u00e0 generale dello scalo, la revisione e messa in esercizio del secondo mezzo ambulift e l\u2019internalizzazione del servizio di assistenza PRM, che viene ora svolto direttamente con personale interno.<\/p>\n<p>Aeroporto Friuli Venezia Giulia Spa opera a stretto contatto con la Consulta Regionale delle Associazioni delle Persone Disabili e delle loro Famiglie del FVG. Tale collaborazione si impernia principalmente sulle attivit\u00e0 formative per il personale aeroportuale e si estende ad attivit\u00e0 di sostegno e indirizzo inerenti gli aspetti, procedurali e non, che possano migliorare l\u2019esperienza aeroportuale e l\u2019accessibilit\u00e0 per le persone con disabilit\u00e0.\u00a0<\/p>\n","protected":false},"excerpt":{"rendered":"<p>Operativa a fine marzo<\/p>\n","protected":false},"author":28,"featured_media":26062,"comment_status":"closed","ping_status":"closed","sticky":false,"template":"","format":"standard","meta":{"dwc-title":[],"dwc-content":[],"footnotes":""},"categories":[5],"tags":[],"class_list":["post-26061","post","type-post","status-publish","format-standard","has-post-thumbnail","hentry","category-attualita"],"rttpg_featured_image_url":{"full":["https:\/\/imagazine.it\/wp-content\/uploads\/2024\/01\/23641-1.webp",750,528,false],"landscape":["https:\/\/imagazine.it\/wp-content\/uploads\/2024\/01\/23641-1.webp",750,528,false],"portraits":["https:\/\/imagazine.it\/wp-content\/uploads\/2024\/01\/23641-1.webp",750,528,false],"thumbnail":["https:\/\/imagazine.it\/wp-content\/uploads\/2024\/01\/23641-1-150x150.webp",150,150,true],"medium":["https:\/\/imagazine.it\/wp-content\/uploads\/2024\/01\/23641-1-300x211.webp",300,211,true],"large":["https:\/\/imagazine.it\/wp-content\/uploads\/2024\/01\/23641-1.webp",640,451,false],"thumblist":["https:\/\/imagazine.it\/wp-content\/uploads\/2024\/01\/23641-1.webp",300,211,false],"thumbrelated":["https:\/\/imagazine.it\/wp-content\/uploads\/2024\/01\/23641-1.webp",500,352,false],"meccarouselthumb":["https:\/\/imagazine.it\/wp-content\/uploads\/2024\/01\/23641-1.webp",460,324,false],"gridsquare":["https:\/\/imagazine.it\/wp-content\/uploads\/2024\/01\/23641-1.webp",369,260,false],"tileview":["https:\/\/imagazine.it\/wp-content\/uploads\/2024\/01\/23641-1.webp",300,211,false],"1536x1536":["https:\/\/imagazine.it\/wp-content\/uploads\/2024\/01\/23641-1.webp",750,528,false],"2048x2048":["https:\/\/imagazine.it\/wp-content\/uploads\/2024\/01\/23641-1.webp",750,528,false],"newsup-slider-full":["https:\/\/imagazine.it\/wp-content\/uploads\/2024\/01\/23641-1.webp",750,528,false],"newsup-featured":["https:\/\/imagazine.it\/wp-content\/uploads\/2024\/01\/23641-1.webp",750,528,false],"newsup-medium":["https:\/\/imagazine.it\/wp-content\/uploads\/2024\/01\/23641-1-720x380.webp",720,380,true],"tptn_thumbnail":["https:\/\/imagazine.it\/wp-content\/uploads\/2024\/01\/23641-1.webp",250,176,false],"sow-carousel-default":["https:\/\/imagazine.it\/wp-content\/uploads\/2024\/01\/23641-1-272x182.webp",272,182,true]},"rttpg_author":{"display_name":"redazione","author_link":"https:\/\/imagazine.it\/home_desk\/author\/redazione\/"},"rttpg_comment":0,"rttpg_category":"<a href=\"https:\/\/imagazine.it\/home_desk\/category\/attualita\/\" rel=\"category tag\">ATTUALIT\u00c0<\/a>","rttpg_excerpt":"Operativa a fine marzo","_links":{"self":[{"href":"https:\/\/imagazine.it\/home_desk\/wp-json\/wp\/v2\/posts\/26061","targetHints":{"allow":["GET"]}}],"collection":[{"href":"https:\/\/imagazine.it\/home_desk\/wp-json\/wp\/v2\/posts"}],"about":[{"href":"https:\/\/imagazine.it\/home_desk\/wp-json\/wp\/v2\/types\/post"}],"author":[{"embeddable":true,"href":"https:\/\/imagazine.it\/home_desk\/wp-json\/wp\/v2\/users\/28"}],"replies":[{"embeddable":true,"href":"https:\/\/imagazine.it\/home_desk\/wp-json\/wp\/v2\/comments?post=26061"}],"version-history":[{"count":0,"href":"https:\/\/imagazine.it\/home_desk\/wp-json\/wp\/v2\/posts\/26061\/revisions"}],"wp:featuredmedia":[{"embeddable":true,"href":"https:\/\/imagazine.it\/home_desk\/wp-json\/wp\/v2\/media\/26062"}],"wp:attachment":[{"href":"https:\/\/imagazine.it\/home_desk\/wp-json\/wp\/v2\/media?parent=26061"}],"wp:term":[{"taxonomy":"category","embeddable":true,"href":"https:\/\/imagazine.it\/home_desk\/wp-json\/wp\/v2\/categories?post=26061"},{"taxonomy":"post_tag","embeddable":true,"href":"https:\/\/imagazine.it\/home_desk\/wp-json\/wp\/v2\/tags?post=26061"}],"curies":[{"name":"wp","href":"https:\/\/api.w.org\/{rel}","templated":true}]}}