{"id":26037,"date":"2018-02-07T00:00:00","date_gmt":"2018-02-06T23:00:00","guid":{"rendered":"https:\/\/imagazine.it\/?p=26037"},"modified":"2018-02-07T00:00:00","modified_gmt":"2018-02-06T23:00:00","slug":"arriva-a-pordenone-la-grande-danza-internazionale","status":"publish","type":"post","link":"https:\/\/imagazine.it\/home_desk\/arriva-a-pordenone-la-grande-danza-internazionale\/","title":{"rendered":"Arriva a Pordenone la grande danza internazionale"},"content":{"rendered":"<p>Sono tre gli appuntamenti in esclusiva regionale con la grande danza che il Teatro Verdi di Pordenone propone quest\u2019anno al suo pubblico da febbraio ad aprile 2018.<\/p>\n<p>Si parte<strong> domenica 11 febbraio <\/strong>con <strong>Tristano e Isotta<\/strong> del <strong>Ballet du Grand Th\u00e9\u00e2tre de Gen\u00e8ve<\/strong>, sulle musiche di Richard Wagner, dove prende corpo una delle pi\u00f9 celebri storie di amore tragico; <strong>sabato 3 marzo<\/strong> <strong>Aterballetto<\/strong>, tra le compagnie coreutiche italiane di maggiore spicco, presenta la sua pi\u00f9 recente produzione, <strong>Golden days<\/strong> uno spettacolo monografico interamente dedicato alle creazioni del famoso coreografo e danzatore svedese <strong>Johan Inger<\/strong>, un tuffo nella danza e nella grande musica in un\u2019atmosfera nostalgica, libera e felice suggellata dalle note di Keith Jarrett, Patty Smith e Tom Waits; <strong>gioved\u00ec 19 aprile<\/strong> vivr\u00e0, invece, in scena la rivisitazione di uno spettacolo dal fascino intramontabile <strong>El amor brujo<\/strong>, firmato dal grande coreografo spagnolo <strong>Victor Ullate<\/strong>, con la sua compagnia omonima, il <strong>Victor Ullate Ballet<\/strong>, da oltre 25 anni ai vertici europei della danza, uscendo dagli schemi classici di tango e flamenco.<\/p>\n","protected":false},"excerpt":{"rendered":"<p>A partire da domenica 11 febbraio<\/p>\n","protected":false},"author":28,"featured_media":26038,"comment_status":"closed","ping_status":"closed","sticky":false,"template":"","format":"standard","meta":{"dwc-title":[],"dwc-content":[],"footnotes":""},"categories":[37],"tags":[],"class_list":["post-26037","post","type-post","status-publish","format-standard","has-post-thumbnail","hentry","category-cultura-e-spettacolo"],"rttpg_featured_image_url":{"full":["https:\/\/imagazine.it\/wp-content\/uploads\/2024\/01\/23572-1.webp",750,499,false],"landscape":["https:\/\/imagazine.it\/wp-content\/uploads\/2024\/01\/23572-1.webp",750,499,false],"portraits":["https:\/\/imagazine.it\/wp-content\/uploads\/2024\/01\/23572-1.webp",750,499,false],"thumbnail":["https:\/\/imagazine.it\/wp-content\/uploads\/2024\/01\/23572-1-150x150.webp",150,150,true],"medium":["https:\/\/imagazine.it\/wp-content\/uploads\/2024\/01\/23572-1-300x200.webp",300,200,true],"large":["https:\/\/imagazine.it\/wp-content\/uploads\/2024\/01\/23572-1.webp",640,426,false],"thumblist":["https:\/\/imagazine.it\/wp-content\/uploads\/2024\/01\/23572-1.webp",300,200,false],"thumbrelated":["https:\/\/imagazine.it\/wp-content\/uploads\/2024\/01\/23572-1.webp",500,333,false],"meccarouselthumb":["https:\/\/imagazine.it\/wp-content\/uploads\/2024\/01\/23572-1.webp",474,315,false],"gridsquare":["https:\/\/imagazine.it\/wp-content\/uploads\/2024\/01\/23572-1.webp",391,260,false],"tileview":["https:\/\/imagazine.it\/wp-content\/uploads\/2024\/01\/23572-1.webp",300,200,false],"1536x1536":["https:\/\/imagazine.it\/wp-content\/uploads\/2024\/01\/23572-1.webp",750,499,false],"2048x2048":["https:\/\/imagazine.it\/wp-content\/uploads\/2024\/01\/23572-1.webp",750,499,false],"newsup-slider-full":["https:\/\/imagazine.it\/wp-content\/uploads\/2024\/01\/23572-1.webp",750,499,false],"newsup-featured":["https:\/\/imagazine.it\/wp-content\/uploads\/2024\/01\/23572-1.webp",750,499,false],"newsup-medium":["https:\/\/imagazine.it\/wp-content\/uploads\/2024\/01\/23572-1-720x380.webp",720,380,true],"tptn_thumbnail":["https:\/\/imagazine.it\/wp-content\/uploads\/2024\/01\/23572-1.webp",250,166,false],"sow-carousel-default":["https:\/\/imagazine.it\/wp-content\/uploads\/2024\/01\/23572-1-272x182.webp",272,182,true]},"rttpg_author":{"display_name":"redazione","author_link":"https:\/\/imagazine.it\/home_desk\/author\/redazione\/"},"rttpg_comment":0,"rttpg_category":"<a href=\"https:\/\/imagazine.it\/home_desk\/category\/cultura-e-spettacolo\/\" rel=\"category tag\">CULTURA&amp;SPETTACOLO<\/a>","rttpg_excerpt":"A partire da domenica 11 febbraio","_links":{"self":[{"href":"https:\/\/imagazine.it\/home_desk\/wp-json\/wp\/v2\/posts\/26037","targetHints":{"allow":["GET"]}}],"collection":[{"href":"https:\/\/imagazine.it\/home_desk\/wp-json\/wp\/v2\/posts"}],"about":[{"href":"https:\/\/imagazine.it\/home_desk\/wp-json\/wp\/v2\/types\/post"}],"author":[{"embeddable":true,"href":"https:\/\/imagazine.it\/home_desk\/wp-json\/wp\/v2\/users\/28"}],"replies":[{"embeddable":true,"href":"https:\/\/imagazine.it\/home_desk\/wp-json\/wp\/v2\/comments?post=26037"}],"version-history":[{"count":0,"href":"https:\/\/imagazine.it\/home_desk\/wp-json\/wp\/v2\/posts\/26037\/revisions"}],"wp:featuredmedia":[{"embeddable":true,"href":"https:\/\/imagazine.it\/home_desk\/wp-json\/wp\/v2\/media\/26038"}],"wp:attachment":[{"href":"https:\/\/imagazine.it\/home_desk\/wp-json\/wp\/v2\/media?parent=26037"}],"wp:term":[{"taxonomy":"category","embeddable":true,"href":"https:\/\/imagazine.it\/home_desk\/wp-json\/wp\/v2\/categories?post=26037"},{"taxonomy":"post_tag","embeddable":true,"href":"https:\/\/imagazine.it\/home_desk\/wp-json\/wp\/v2\/tags?post=26037"}],"curies":[{"name":"wp","href":"https:\/\/api.w.org\/{rel}","templated":true}]}}