{"id":26035,"date":"2018-02-06T00:00:00","date_gmt":"2018-02-05T23:00:00","guid":{"rendered":"https:\/\/imagazine.it\/?p=26035"},"modified":"2018-02-06T00:00:00","modified_gmt":"2018-02-05T23:00:00","slug":"alternanza-scuola-lavoro-udine-pioniera-in-italia","status":"publish","type":"post","link":"https:\/\/imagazine.it\/home_desk\/alternanza-scuola-lavoro-udine-pioniera-in-italia\/","title":{"rendered":"Alternanza scuola-lavoro, Udine pioniera in Italia"},"content":{"rendered":"<p><strong>Orientamento al lavoro e alle professioni<\/strong>: una nuova competenza che la recente riforma nazionale ha posto in capo alle Camere di Commercio italiane. E la <strong>Camera di Udine<\/strong>, in quest\u2019ambito, \u00e8 stata pioniera su una serie di attivit\u00e0, che ora si appresta a mettere a sistema, diventando cos\u00ec una sorta di \u201chub\u201d per raccogliere e sviluppare iniziative efficaci. Tra esse, la <strong>collaborazione<\/strong>, deliberata dalla giunta a fine 2017, con l\u2019<strong>Associazione Junior Achievement Italia<\/strong> per la <strong>progettazione e realizzazione del progetto \u201cImpresa in azione\u201d<\/strong>.<\/p>\n<p>Il progetto coinvolge <strong>studenti tra i 16 e i 19 anni<\/strong> per <strong>aiutarli a sviluppare competenze e attitudini imprenditoriali<\/strong> tramite attivit\u00e0 che consentono loro di <strong>elaborare un&#39;idea imprenditoriale creativa<\/strong> (un prodotto o un servizio) <strong>e trasformarla<\/strong> in breve <strong>in un&#39;impresa realmente funzionante sul mercato<\/strong>. Durante lo scorso anno scolastico, hanno aderito 815 classi in Italia e 18.000 studenti.<\/p>\n<p>La collaborazione \u00e8 stata ufficializzata <strong>stamattina<\/strong> in una <strong>conferenza stampa<\/strong>, alla presenza del presidente <strong>Giovanni Da Pozzo<\/strong>, con <strong>Giacomo Giovannini<\/strong> in rappresentanza di <strong>Junior Achievement Italia<\/strong>, il project manager di Friuli Future Forum <strong>Renato Quaglia<\/strong> e i componenti del Comitato giovani imprenditori della Cciaa e presidenti dei Gruppi giovani di Confindustria, Confcommercio e Confartigianato <strong>Davide Boeri, Fabio Passon e Francesco Roiatti<\/strong>, che hanno promosso la collaborazione.<\/p>\n<p>La <strong>Camera di Udine diventa quindi partner territoriale dell&#39;Associazione<\/strong>, subentrando a Friuli Innovazione e diventando cos\u00ec <strong>punto di riferimento per le scuole del territorio aderenti<\/strong>. <em>\u00abL\u2019orientamento al lavoro e alle professioni \u2013 commenta <strong>Da Pozzo<\/strong> \u2013 \u00e8 oggi uno dei percorsi cardine dell\u2019attivit\u00e0 delle Camere: una competenza che ci permette di intervenire in quella fase delicatissima di <strong>raccordo tra scuola e mondo del lavoro e dell\u2019impresa<\/strong>, raccordo sempre pi\u00f9 necessario per <strong>favorire l\u2019occupazione giovanile<\/strong>, ma anche lo <strong>sviluppo di attivit\u00e0 in proprio<\/strong> da parte dei giovani, partendo dall\u2019accrescimento della loro conoscenza, anche pratica, dell\u2019economia, soprattutto quella locale, visti anche i dati che pongono il <strong>FVG agli ultimi posti in Italia<\/strong> per imprese giovanili, pur con un saldo positivo, a fine 2017, tra imprese giovani iscritte e cancellate nei nostri registri. Come <strong>Camera di Commercio<\/strong>, puntiamo anche <strong>a intervenire dove il sistema italiano di sostegno ai giovani \u00e8 oggi pi\u00f9 carente<\/strong>: mi riferisco soprattutto <strong>a finanziatori in grado di supportare economicamente le loro idee innovative<\/strong>, come accade in <strong>altri Paesi<\/strong>, <strong>Usa e Canada prima di tutti<\/strong>. Nelle <strong>nostre missioni imprenditoriali <\/strong>abbiamo potuto vedere e approfondire direttamente i <strong>modelli di finanziamento alle startup<\/strong>, <strong>efficaci, immediati e non frenati da eccessi di burocrazia<\/strong>, e <strong>abbiamo conosciuto investitori<\/strong> disposti a sostenere idee nuove e valide. Come <strong>Cciaa siamo dunque impegnati a studiare un progetto che li coinvolga e ci aiuti ad arrivare a pi\u00f9 agevoli forme di finanziamento alle idee imprenditoriali innovative<\/strong>, intervenendo proprio dove il nostro Paese \u00e8 carente e proponendo un\u2019alternativa valida a modalit\u00e0 spesso datate o eccessivamente complesse, soprattutto per chi \u00e8 giovane alla prima esperienza\u00bb.<\/em><\/p>\n<p>La conferenza \u00e8 stata anche occasione per illustrare alla stampa anche altre attivit\u00e0 di orientamento al lavoro e alternanza scuola-lavoro promosse dall\u2019ente camerale udinese.<\/p>\n<p><strong>Voucher Alternanza<\/strong>. La <strong>Camera di Commercio ha messo a punto e appena approvato un bando di voucher<\/strong> per <strong>le piccole e medie imprese (pmi)<\/strong> <strong>impegnate a promuovere percorsi di alternanza<\/strong>: il <strong>plafond \u00e8 di 40 mila euro<\/strong>, che potranno essere richiesti dalle aziende <strong>fino al 31 agosto 2018<\/strong>. \u00c8 <strong>gi\u00e0 arrivata una ventina di domande<\/strong>, a oggi. Le spese ammissibili devono riguardare <strong>attivit\u00e0 previste dalle convenzioni stipulate fra impresa e istituto scolastico per la realizzazione di percorsi di alternanza<\/strong> intrapresi d<strong>a studenti delle scuole superiori e dei centri di formazione professionale<\/strong>, <strong>con una durata minima di 40 ore<\/strong>. I <strong>voucher possono essere di 400, 800 o 1.000 euro<\/strong> a seconda di quanti percorsi individuali di alternanza saranno realizzati dall\u2019impresa (da 1 a 2, da 3 a 4, oppure 5 o pi\u00f9).<\/p>\n<p><strong>Registro nazionale Alternanza.<\/strong> Il portale <strong><a href=\"http:\/\/scuolalavoro.registroimprese.it\/\" target=\"_blank\" rel=\"noopener\">scuolalavoro.registroimprese.it<\/a><\/strong> \u00e8 un <strong>sito web nazionale, suddiviso su base territoriale, <\/strong>che mette <strong>in connessione imprese ed enti <\/strong>disponibili a <strong>ospitare studenti in alternanza<\/strong> <strong>e gli studenti stessi<\/strong>. Ci sono specifiche sezioni per iscriversi e \u201cincrociare\u201d opportunit\u00e0 ed esigenze di \u201cscuola in azienda\u201d, risultando dunque un\u2019ottima piattaforma, tanto per le imprese e le altre istituzioni quanto per le scuole.<\/p>\n<p><strong>Progetto \u201cLicei\u201d.<\/strong> \u00c8 un progetto sperimentale della Cciaa. I <strong>sette licei<\/strong> coinvolti sono <strong>l\u2019Educandato Uccellis, il Percoto, i licei scientifici Copernico e Marinelli, il Liceo scientifico scienze applicate del Malignani, il Convitto Nazionale Paolo Diacono di Cividale e il Magrini Marchetti di Gemona<\/strong>. Il progetto <strong>mette in rete una serie di soggetti: da imprese disposte a innovare<\/strong> o <strong>interessate a raccogliere indicazioni utili all\u2019innovazione<\/strong> di processo o di prodotto,\u00a0 a <strong>esperti<\/strong> con riconosciuta competenza settoriale e innovativa; da <strong>tutor<\/strong> preparati su <strong>processi di innovazione<\/strong> e con adeguata capacit\u00e0 di relazione con gli studenti a <strong>insegnanti referenti<\/strong> <strong>e studenti<\/strong> motivati che svolgano una esperienza effettivamente utile per l\u2019ingresso nel mondo del lavoro. <strong>I<\/strong> <strong>Licei hanno selezionato gli studenti<\/strong> (<strong>un\u2019ottantina<\/strong>) che parteciperanno alla sperimentazione.\u00a0 Nel frattempo la <strong>Camera ha identificato le aziende ospitanti (al momento 27)<\/strong>. I gruppi, <strong>a partire da fine febbraio<\/strong>, parteciperanno a <strong>una fase di contestualizzazione preventiva<\/strong>, con esperti e tutor, e una <strong>formazione che li guider\u00e0 alla conoscenza del sistema produttivo<\/strong><strong> ed economico friulano<\/strong>, a informazioni sul sistema economico e <strong>sugli scenari del mondo del lavoro nei prossimi venti anni<\/strong>. Ci sar\u00e0 <strong>una formazione specifica sul settore e comparto in cui gli studenti si troveranno a operare<\/strong> e l\u2019<strong>approccio nuovo<\/strong> sar\u00e0 garantito da <strong>esperti di innovazione nei settori specifici<\/strong> delle aziende scelte, in cui poi gli studenti potranno entrare e osservare processi e prodotti, sempre accompagnati\u00a0 da tutor e insegnanti. <strong>A fine percorso, a ogni azienda sar\u00e0 consegnato un documento che indica quale innovazione viene suggerita dal gruppo di lavoro<\/strong>. Documento che potr\u00e0 avere anche la forma <strong>della tesi che lo studente potrebbe presentare all\u2019esame di Stato.<\/strong><\/p>\n<p>L\u2019intero progetto sar\u00e0 documentato anche per misurarne la <strong>replicabilit\u00e0 in diversi ambiti territoriali<\/strong>, per comporre un <strong>manuale di erogazione dell\u2019alternanza scuola lavoro con metodi e tecniche innovative.<\/strong><\/p>\n<p><strong>Corsi di formazione della Cciaa.<\/strong> La Camera di Commercio, con la sua Azienda speciale I.Ter-Ramo Formazione, durante tutto il corso dell\u2019anno realizza corsi e lezioni, molti dei quali rivolti proprio ai giovani, anche per orientarli e supportarli nell\u2019avvio della propria idea imprenditoriale e professionale. Tutti i programmi sono aggiornati costantemente sul sito <a href=\"http:\/\/www.ricercaeformazione.it\/\" target=\"_blank\" rel=\"noopener\">www.ricercaeformazione.it<\/a>, che prossimamente sar\u00e0 integrato e valorizzato all\u2019interno del portale camerale <a href=\"http:\/\/www.ud.camcom.it\/\" target=\"_blank\" rel=\"noopener\">www.ud.camcom.it<\/a>.<\/p>\n<p><strong>Premio \u201cStorie di Alternanza\u201d.<\/strong> La Cciaa di Udine ha aderito al premio promosso da Unioncamere, che si compone di una prima fase locale coordinata appunto dalle Camere aderenti. Il Premio \u00e8 suddiviso in due categorie: Licei e Istituti tecnici e professionali. Sono ammessi a partecipare gli studenti che realizzino un racconto multimediale (video) per raccontare l\u2019esperienza di alternanza realizzata, le competenze acquisite e il ruolo dei tutor. Sono previsti premi per il livello nazionale e locale. Anche a livello locale, la Cciaa ha messo a disposizione 5 mila euro. Le scuole dovranno inviare il loro video entro il 20 aprile. Chi superer\u00e0 la fase locale sar\u00e0 anche segnalato per la fase nazionale.<\/p>\n<p><strong>Startup innovative.<\/strong> A met\u00e0 gennaio 2018 le startup innovative iscritte alla sezione speciale del Registro delle imprese erano 8.456, in aumento di 1.711 unit\u00e0 rispetto al 31 dicembre 2016 (+25%). Sono 192 le Start up innovative in Friuli Venezia Giulia e precisamente: 67 Udine, 14 Gorizia, 62 Trieste, 49 Pordenone Il confronto con il 31 dicembre 2016 dice che sono aumentate di 33 unit\u00e0 (+21%).<\/p>\n","protected":false},"excerpt":{"rendered":"<p>Sottoscritta la collaborazione con Junior Achievement<\/p>\n","protected":false},"author":28,"featured_media":26036,"comment_status":"closed","ping_status":"closed","sticky":false,"template":"","format":"standard","meta":{"dwc-title":[],"dwc-content":[],"footnotes":""},"categories":[5],"tags":[],"class_list":["post-26035","post","type-post","status-publish","format-standard","has-post-thumbnail","hentry","category-attualita"],"rttpg_featured_image_url":{"full":["https:\/\/imagazine.it\/wp-content\/uploads\/2024\/01\/23563-1.webp",750,470,false],"landscape":["https:\/\/imagazine.it\/wp-content\/uploads\/2024\/01\/23563-1.webp",750,470,false],"portraits":["https:\/\/imagazine.it\/wp-content\/uploads\/2024\/01\/23563-1.webp",750,470,false],"thumbnail":["https:\/\/imagazine.it\/wp-content\/uploads\/2024\/01\/23563-1-150x150.webp",150,150,true],"medium":["https:\/\/imagazine.it\/wp-content\/uploads\/2024\/01\/23563-1-300x188.webp",300,188,true],"large":["https:\/\/imagazine.it\/wp-content\/uploads\/2024\/01\/23563-1.webp",640,401,false],"thumblist":["https:\/\/imagazine.it\/wp-content\/uploads\/2024\/01\/23563-1.webp",300,188,false],"thumbrelated":["https:\/\/imagazine.it\/wp-content\/uploads\/2024\/01\/23563-1.webp",500,313,false],"meccarouselthumb":["https:\/\/imagazine.it\/wp-content\/uploads\/2024\/01\/23563-1.webp",474,297,false],"gridsquare":["https:\/\/imagazine.it\/wp-content\/uploads\/2024\/01\/23563-1.webp",391,245,false],"tileview":["https:\/\/imagazine.it\/wp-content\/uploads\/2024\/01\/23563-1.webp",300,188,false],"1536x1536":["https:\/\/imagazine.it\/wp-content\/uploads\/2024\/01\/23563-1.webp",750,470,false],"2048x2048":["https:\/\/imagazine.it\/wp-content\/uploads\/2024\/01\/23563-1.webp",750,470,false],"newsup-slider-full":["https:\/\/imagazine.it\/wp-content\/uploads\/2024\/01\/23563-1.webp",750,470,false],"newsup-featured":["https:\/\/imagazine.it\/wp-content\/uploads\/2024\/01\/23563-1.webp",750,470,false],"newsup-medium":["https:\/\/imagazine.it\/wp-content\/uploads\/2024\/01\/23563-1-720x380.webp",720,380,true],"tptn_thumbnail":["https:\/\/imagazine.it\/wp-content\/uploads\/2024\/01\/23563-1.webp",250,157,false],"sow-carousel-default":["https:\/\/imagazine.it\/wp-content\/uploads\/2024\/01\/23563-1-272x182.webp",272,182,true]},"rttpg_author":{"display_name":"redazione","author_link":"https:\/\/imagazine.it\/home_desk\/author\/redazione\/"},"rttpg_comment":0,"rttpg_category":"<a href=\"https:\/\/imagazine.it\/home_desk\/category\/attualita\/\" rel=\"category tag\">ATTUALIT\u00c0<\/a>","rttpg_excerpt":"Sottoscritta la collaborazione con Junior Achievement","_links":{"self":[{"href":"https:\/\/imagazine.it\/home_desk\/wp-json\/wp\/v2\/posts\/26035","targetHints":{"allow":["GET"]}}],"collection":[{"href":"https:\/\/imagazine.it\/home_desk\/wp-json\/wp\/v2\/posts"}],"about":[{"href":"https:\/\/imagazine.it\/home_desk\/wp-json\/wp\/v2\/types\/post"}],"author":[{"embeddable":true,"href":"https:\/\/imagazine.it\/home_desk\/wp-json\/wp\/v2\/users\/28"}],"replies":[{"embeddable":true,"href":"https:\/\/imagazine.it\/home_desk\/wp-json\/wp\/v2\/comments?post=26035"}],"version-history":[{"count":0,"href":"https:\/\/imagazine.it\/home_desk\/wp-json\/wp\/v2\/posts\/26035\/revisions"}],"wp:featuredmedia":[{"embeddable":true,"href":"https:\/\/imagazine.it\/home_desk\/wp-json\/wp\/v2\/media\/26036"}],"wp:attachment":[{"href":"https:\/\/imagazine.it\/home_desk\/wp-json\/wp\/v2\/media?parent=26035"}],"wp:term":[{"taxonomy":"category","embeddable":true,"href":"https:\/\/imagazine.it\/home_desk\/wp-json\/wp\/v2\/categories?post=26035"},{"taxonomy":"post_tag","embeddable":true,"href":"https:\/\/imagazine.it\/home_desk\/wp-json\/wp\/v2\/tags?post=26035"}],"curies":[{"name":"wp","href":"https:\/\/api.w.org\/{rel}","templated":true}]}}