{"id":26029,"date":"2018-02-05T00:00:00","date_gmt":"2018-02-04T23:00:00","guid":{"rendered":"https:\/\/imagazine.it\/?p=26029"},"modified":"2018-02-05T00:00:00","modified_gmt":"2018-02-04T23:00:00","slug":"udine-190-studenti-interpretano-la-luce","status":"publish","type":"post","link":"https:\/\/imagazine.it\/home_desk\/udine-190-studenti-interpretano-la-luce\/","title":{"rendered":"Udine, 190 studenti interpretano la luce"},"content":{"rendered":"<p>Raccontare la luce attraverso l\u2019arte. Attraverso volumi, visioni, percezioni ed emozioni, in una rappresentazione figurativa, grafica e multimediale che esprima e riassuma un concetto \u201cmultiforme\u201d con la massima creativit\u00e0.<\/p>\n<p>\u00c8 questo l\u2019obiettivo del concorso \u201cLuce, volumi e visione\u201d, presentato questa mattina all\u2019auditorium Zanon di Udine e rivolto agli studenti e alle studentesse delle classi quarte e quinte del liceo artistico \u201cGiovanni Sello\u201d, degli indirizzi arti figurative, audiovisivo e multimediale e grafica. Il progetto, promosso dall\u2019azienda Luce \u2013 tipografia digitale udinese tra le pi\u00f9 riconosciute in Italia \u2013 in collaborazione con il liceo Sello e con il patrocinio del Comune di Udine, intende offrire ai 190 ragazzi coinvolti \u2013 tredici classi e quindici docenti \u2013 l\u2019opportunit\u00e0 di esprimersi interpretando il tema ispiratore, attraverso diversi linguaggi visivi e le capacit\u00e0 creative di ognuno.<\/p>\n<p>Dopo aver illustrato contenuti e modalit\u00e0 di adesione al bando, ai ragazzi presenti all\u2019auditorium \u00e8 stato consegnato un blocco di 13 carte selezionate dal campionario Gmund \u2013 storica\u00a0cartiera\u00a0tedesca, leader europea per la produzione di carte e cartoncini speciali \u2013 per ispirarli e guidarli nella realizzazione della prova. I concorrenti dovranno realizzare un\u2019immagine-opera con una tecnica a scelta che traduca al meglio l\u2019idea del bando, \u201cluce fonte di forme e colori, luce espressione di vitalit\u00e0 e futuro\u201d. Gli elaborati dovranno essere consegnati entro il 28 aprile e la giuria, che si riunir\u00e0 il 4 maggio, sceglier\u00e0 i tre vincitori e le 13 migliori opere che saranno pubblicate in un calendario realizzato con diverse tecniche di stampa e i pregiati materiali delle cartiere Gmund.<\/p>\n<p>Il 18 maggio, nel corso di un evento \u201copen house\u201d, proprio nella sede dell\u2019azienda in via Zanussi a Udine, saranno premiati i tre vincitori e sar\u00e0 presentato il calendario, mentre i lavori selezionati verranno esposti, dal giorno successivo per tre settimane, nella Sala della confraternita del castello di Udine.<\/p>\n<p>\u00abQuesto concorso \u2013 ha affermato il responsabile aziendale <strong>Roberto Romanese<\/strong>, che collabora con Luce dal 2007 \u2013 \u00e8 il primo passo per dare vita a una \u201clinea comunicativa\u201d fra realt\u00e0 produttiva e fucine creative\u00bb. Volont\u00e0 della dirigenza aziendale \u00e8 quella di creare, infatti, un ponte fra gli aspetti pi\u00f9 strettamente materiali e tecnologici, e quelli ideali e teorici del vasto, e sempre in movimento, mondo della comunicazione e dell\u2019arte.<\/p>\n<p>\u00abCrediamo \u2013 ha proseguito il presidente di Luce <strong>Massimo Fasano<\/strong> \u2013 di poter essere un buon veicolo per lo sviluppo della creativit\u00e0, delle idee e della sensibilit\u00e0 artistica e culturale. Proprio con gli studenti potremmo avviare percorsi interessanti, agganciati alla realt\u00e0 ma anche in grado di modificarla o di pensarne un\u2019alternativa e, perch\u00e9 no, migliore\u00bb.<\/p>\n<p>Il tema scelto ruota attorno ai significati della parole luce: \u00abLa luce \u00e8 alla base della visione e dei colori, della possibilit\u00e0 di gestire lo spazio e la materia \u2013 ha spiegato Fasano \u2013 e implica \u201cazione e creazione\u201d, un buon auspicio per il futuro di una impresa\u00bb.<\/p>\n<p>Un\u2019occasione anche per mettere alla prova gli studenti del liceo artistico che, come ha spiegato la dirigente <strong>Rossella Rizzatto<\/strong>, hanno cos\u00ec la possibilit\u00e0 di sperimentare la propria creativit\u00e0 misurandosi con una realt\u00e0 aziendale. \u00abI ragazzi toccano con mano l\u2019esperienza dell\u2019azienda, tra gli stimoli della fase di progettazione, che implica responsabilit\u00e0, e quella di realizzazione, raggiungendo gli obiettivi prefissati. Esempi di didattica \u2013 ha sottolineato la dirigente \u2013 che incarnano al meglio lo spirito dell\u2019alternanza scuola-lavoro, tra esperienza professionale e crescita personale\u00bb.\u00a0<\/p>\n","protected":false},"excerpt":{"rendered":"<p>Alternanza scuola-lavoro<\/p>\n","protected":false},"author":28,"featured_media":26030,"comment_status":"closed","ping_status":"closed","sticky":false,"template":"","format":"standard","meta":{"dwc-title":[],"dwc-content":[],"footnotes":""},"categories":[5],"tags":[],"class_list":["post-26029","post","type-post","status-publish","format-standard","has-post-thumbnail","hentry","category-attualita"],"rttpg_featured_image_url":{"full":["https:\/\/imagazine.it\/wp-content\/uploads\/2024\/01\/23551-1.webp",750,510,false],"landscape":["https:\/\/imagazine.it\/wp-content\/uploads\/2024\/01\/23551-1.webp",750,510,false],"portraits":["https:\/\/imagazine.it\/wp-content\/uploads\/2024\/01\/23551-1.webp",750,510,false],"thumbnail":["https:\/\/imagazine.it\/wp-content\/uploads\/2024\/01\/23551-1-150x150.webp",150,150,true],"medium":["https:\/\/imagazine.it\/wp-content\/uploads\/2024\/01\/23551-1-300x204.webp",300,204,true],"large":["https:\/\/imagazine.it\/wp-content\/uploads\/2024\/01\/23551-1.webp",640,435,false],"thumblist":["https:\/\/imagazine.it\/wp-content\/uploads\/2024\/01\/23551-1.webp",300,204,false],"thumbrelated":["https:\/\/imagazine.it\/wp-content\/uploads\/2024\/01\/23551-1.webp",500,340,false],"meccarouselthumb":["https:\/\/imagazine.it\/wp-content\/uploads\/2024\/01\/23551-1.webp",474,322,false],"gridsquare":["https:\/\/imagazine.it\/wp-content\/uploads\/2024\/01\/23551-1.webp",382,260,false],"tileview":["https:\/\/imagazine.it\/wp-content\/uploads\/2024\/01\/23551-1.webp",300,204,false],"1536x1536":["https:\/\/imagazine.it\/wp-content\/uploads\/2024\/01\/23551-1.webp",750,510,false],"2048x2048":["https:\/\/imagazine.it\/wp-content\/uploads\/2024\/01\/23551-1.webp",750,510,false],"newsup-slider-full":["https:\/\/imagazine.it\/wp-content\/uploads\/2024\/01\/23551-1.webp",750,510,false],"newsup-featured":["https:\/\/imagazine.it\/wp-content\/uploads\/2024\/01\/23551-1.webp",750,510,false],"newsup-medium":["https:\/\/imagazine.it\/wp-content\/uploads\/2024\/01\/23551-1-720x380.webp",720,380,true],"tptn_thumbnail":["https:\/\/imagazine.it\/wp-content\/uploads\/2024\/01\/23551-1.webp",250,170,false],"sow-carousel-default":["https:\/\/imagazine.it\/wp-content\/uploads\/2024\/01\/23551-1-272x182.webp",272,182,true]},"rttpg_author":{"display_name":"redazione","author_link":"https:\/\/imagazine.it\/home_desk\/author\/redazione\/"},"rttpg_comment":0,"rttpg_category":"<a href=\"https:\/\/imagazine.it\/home_desk\/category\/attualita\/\" rel=\"category tag\">ATTUALIT\u00c0<\/a>","rttpg_excerpt":"Alternanza scuola-lavoro","_links":{"self":[{"href":"https:\/\/imagazine.it\/home_desk\/wp-json\/wp\/v2\/posts\/26029","targetHints":{"allow":["GET"]}}],"collection":[{"href":"https:\/\/imagazine.it\/home_desk\/wp-json\/wp\/v2\/posts"}],"about":[{"href":"https:\/\/imagazine.it\/home_desk\/wp-json\/wp\/v2\/types\/post"}],"author":[{"embeddable":true,"href":"https:\/\/imagazine.it\/home_desk\/wp-json\/wp\/v2\/users\/28"}],"replies":[{"embeddable":true,"href":"https:\/\/imagazine.it\/home_desk\/wp-json\/wp\/v2\/comments?post=26029"}],"version-history":[{"count":0,"href":"https:\/\/imagazine.it\/home_desk\/wp-json\/wp\/v2\/posts\/26029\/revisions"}],"wp:featuredmedia":[{"embeddable":true,"href":"https:\/\/imagazine.it\/home_desk\/wp-json\/wp\/v2\/media\/26030"}],"wp:attachment":[{"href":"https:\/\/imagazine.it\/home_desk\/wp-json\/wp\/v2\/media?parent=26029"}],"wp:term":[{"taxonomy":"category","embeddable":true,"href":"https:\/\/imagazine.it\/home_desk\/wp-json\/wp\/v2\/categories?post=26029"},{"taxonomy":"post_tag","embeddable":true,"href":"https:\/\/imagazine.it\/home_desk\/wp-json\/wp\/v2\/tags?post=26029"}],"curies":[{"name":"wp","href":"https:\/\/api.w.org\/{rel}","templated":true}]}}