{"id":26027,"date":"2018-02-05T00:00:00","date_gmt":"2018-02-04T23:00:00","guid":{"rendered":"https:\/\/imagazine.it\/?p=26027"},"modified":"2018-02-05T00:00:00","modified_gmt":"2018-02-04T23:00:00","slug":"un-tricolore-per-lunesco-cities-marathon","status":"publish","type":"post","link":"https:\/\/imagazine.it\/home_desk\/un-tricolore-per-lunesco-cities-marathon\/","title":{"rendered":"Un tricolore per l\u2019Unesco Cities Marathon"},"content":{"rendered":"<p>La 42 chilometri che il prossimo <strong>25 marzo<\/strong> collegher\u00e0 idealmente Cividale, Palmanova e Aquileia, sar\u00e0 anche valida come <strong>Campionato Italiano Esercito<\/strong>. L\u2019ha ufficialmente comunicato il generale di divisione <strong>Giuseppenicola Tota<\/strong>, capo del V Reparto Affari Generali dello Stato Maggiore dell&#39;Esercito, al presidente dell\u2019Unesco Cities Marathon, <strong>Giuliano Gemo<\/strong>.<\/p>\n<p>L\u2019Unesco Cities Marathon \u2013 unica 42 chilometri a disputarsi in Friuli Venezia Giulia nel 2018 \u2013 si svilupper\u00e0 su un percorso identico a quello delle ultime edizioni: partenza da <strong>Cividale del Friuli<\/strong>, antica capitale longobarda, e arrivo nella suggestiva <strong>Piazza Capitolo ad Aquileia<\/strong>, cittadina che ovunque offre ai visitatori le tracce dell\u2019antica civilt\u00e0 romana.<\/p>\n<p><strong>Palmanova<\/strong>, con la scenografica Piazza Grande, oltre a rappresentare il momento di passaggio per gli atleti impegnati nella maratona, costituir\u00e0 la localit\u00e0 di partenza della <strong>Iulia Augusta Run K21<\/strong>, gara che quest\u2019anno, per la prima volta, si svolger\u00e0 sulla distanza dei 21 chilometri. Dopo la partenza da <strong>Piazza Grande<\/strong>, gli atleti correranno all\u2019esterno delle fortificazioni che cingono la citt\u00e0, per poi immettersi sul percorso della maratona e arrivare anch\u2019essi sul traguardo &#8211; congiunto &#8211; di Aquileia. \u00a0<\/p>\n<p>L\u2019Unesco Cities Marathon e la Iulia Augusta Run 21k non saranno gli unici appuntamenti del 25 marzo. Per la prima volta, infatti, nel cartellone dell\u2019evento friulano entrer\u00e0 anche una <strong>manifestazione interamente al femminile<\/strong>: l\u2019<strong>Unesco in Rosa<\/strong>. La corsa si svilupper\u00e0 sulla distanza di <strong>6 chilometri<\/strong>, con partenza da <strong>Terzo di Aquileia<\/strong>. Non avendo finalit\u00e0 agonistiche, sar\u00e0 aperta a tutte le donne. E, anche in questo caso, il traguardo sar\u00e0 nel cuore di<strong> Aquileia<\/strong>.<\/p>\n<p>Corsa, ma non solo. La domenica dell\u2019Unesco Cities Marathon \u2013 aperta ai runners, ma pure agli appassionati di <strong>Nordic Walking<\/strong> \u2013 prevede anche la maratona dei <strong>roller<\/strong>, che ha debuttato con successo nel 2017, il <strong>Trisport<\/strong>, una gara promozionale di nuoto, bici e corsa su pi\u00f9 giornate, e la prova riservata agli <strong>Special Olympics<\/strong>.<\/p>\n<p>Un evento cos\u00ec complesso necessita di un\u2019attenta pianificazione dal punto di vista organizzativo. Anche per questo, il presidente dell\u2019Unesco Cities Marathon, Giuliano Gemo, e il project manager <strong>Giuseppe Donno<\/strong> hanno incontrato il prefetto di Udine, <strong>Vittorio Zappalorto<\/strong>.<\/p>\n<p>Nella riunione, la prima di un lungo tragitto che porter\u00e0 allo svolgimento della competizione del <strong>25 marzo<\/strong>, si \u00e8 parlato di viabilit\u00e0, di volontari e volontariato e delle attivit\u00e0 collaterali in programma tra <strong>Cividale del Friuli, Palmanova<\/strong> e <strong>Aquileia<\/strong>. Non mancheranno neppure iniziative collegate al sociale o dedicate alla sensibilizzazione del grande pubblico su temi come quello del mondo femminile e dell\u2019integrazione.<\/p>\n<p>In occasione dell&#39;incontro, \u00e8 stata consegnata al prefetto la <strong>maglia ufficiale<\/strong> dell&#39;Unesco Cities Marathon e non \u00e8 esclusa la partecipazione di Zappalorto, runner per passione, in una delle prove podistiche che caratterizzeranno l\u2019edizione 2018 dell\u2019Unesco Cities Marathon.<\/p>\n","protected":false},"excerpt":{"rendered":"<p>In programma il 25 marzo<\/p>\n","protected":false},"author":28,"featured_media":26028,"comment_status":"closed","ping_status":"closed","sticky":false,"template":"","format":"standard","meta":{"dwc-title":[],"dwc-content":[],"footnotes":""},"categories":[38],"tags":[],"class_list":["post-26027","post","type-post","status-publish","format-standard","has-post-thumbnail","hentry","category-sport"],"rttpg_featured_image_url":{"full":["https:\/\/imagazine.it\/wp-content\/uploads\/2024\/01\/23546-1.webp",750,520,false],"landscape":["https:\/\/imagazine.it\/wp-content\/uploads\/2024\/01\/23546-1.webp",750,520,false],"portraits":["https:\/\/imagazine.it\/wp-content\/uploads\/2024\/01\/23546-1.webp",750,520,false],"thumbnail":["https:\/\/imagazine.it\/wp-content\/uploads\/2024\/01\/23546-1-150x150.webp",150,150,true],"medium":["https:\/\/imagazine.it\/wp-content\/uploads\/2024\/01\/23546-1-300x208.webp",300,208,true],"large":["https:\/\/imagazine.it\/wp-content\/uploads\/2024\/01\/23546-1.webp",640,444,false],"thumblist":["https:\/\/imagazine.it\/wp-content\/uploads\/2024\/01\/23546-1.webp",300,208,false],"thumbrelated":["https:\/\/imagazine.it\/wp-content\/uploads\/2024\/01\/23546-1.webp",500,347,false],"meccarouselthumb":["https:\/\/imagazine.it\/wp-content\/uploads\/2024\/01\/23546-1.webp",467,324,false],"gridsquare":["https:\/\/imagazine.it\/wp-content\/uploads\/2024\/01\/23546-1.webp",375,260,false],"tileview":["https:\/\/imagazine.it\/wp-content\/uploads\/2024\/01\/23546-1.webp",300,208,false],"1536x1536":["https:\/\/imagazine.it\/wp-content\/uploads\/2024\/01\/23546-1.webp",750,520,false],"2048x2048":["https:\/\/imagazine.it\/wp-content\/uploads\/2024\/01\/23546-1.webp",750,520,false],"newsup-slider-full":["https:\/\/imagazine.it\/wp-content\/uploads\/2024\/01\/23546-1.webp",750,520,false],"newsup-featured":["https:\/\/imagazine.it\/wp-content\/uploads\/2024\/01\/23546-1.webp",750,520,false],"newsup-medium":["https:\/\/imagazine.it\/wp-content\/uploads\/2024\/01\/23546-1-720x380.webp",720,380,true],"tptn_thumbnail":["https:\/\/imagazine.it\/wp-content\/uploads\/2024\/01\/23546-1.webp",250,173,false],"sow-carousel-default":["https:\/\/imagazine.it\/wp-content\/uploads\/2024\/01\/23546-1-272x182.webp",272,182,true]},"rttpg_author":{"display_name":"redazione","author_link":"https:\/\/imagazine.it\/home_desk\/author\/redazione\/"},"rttpg_comment":0,"rttpg_category":"<a href=\"https:\/\/imagazine.it\/home_desk\/category\/sport\/\" rel=\"category tag\">SPORT<\/a>","rttpg_excerpt":"In programma il 25 marzo","_links":{"self":[{"href":"https:\/\/imagazine.it\/home_desk\/wp-json\/wp\/v2\/posts\/26027","targetHints":{"allow":["GET"]}}],"collection":[{"href":"https:\/\/imagazine.it\/home_desk\/wp-json\/wp\/v2\/posts"}],"about":[{"href":"https:\/\/imagazine.it\/home_desk\/wp-json\/wp\/v2\/types\/post"}],"author":[{"embeddable":true,"href":"https:\/\/imagazine.it\/home_desk\/wp-json\/wp\/v2\/users\/28"}],"replies":[{"embeddable":true,"href":"https:\/\/imagazine.it\/home_desk\/wp-json\/wp\/v2\/comments?post=26027"}],"version-history":[{"count":0,"href":"https:\/\/imagazine.it\/home_desk\/wp-json\/wp\/v2\/posts\/26027\/revisions"}],"wp:featuredmedia":[{"embeddable":true,"href":"https:\/\/imagazine.it\/home_desk\/wp-json\/wp\/v2\/media\/26028"}],"wp:attachment":[{"href":"https:\/\/imagazine.it\/home_desk\/wp-json\/wp\/v2\/media?parent=26027"}],"wp:term":[{"taxonomy":"category","embeddable":true,"href":"https:\/\/imagazine.it\/home_desk\/wp-json\/wp\/v2\/categories?post=26027"},{"taxonomy":"post_tag","embeddable":true,"href":"https:\/\/imagazine.it\/home_desk\/wp-json\/wp\/v2\/tags?post=26027"}],"curies":[{"name":"wp","href":"https:\/\/api.w.org\/{rel}","templated":true}]}}