{"id":25991,"date":"2018-01-31T00:00:00","date_gmt":"2018-01-30T23:00:00","guid":{"rendered":"https:\/\/imagazine.it\/?p=25991"},"modified":"2018-01-31T00:00:00","modified_gmt":"2018-01-30T23:00:00","slug":"udine-tecnest-cresce-a-doppia-cifra","status":"publish","type":"post","link":"https:\/\/imagazine.it\/home_desk\/udine-tecnest-cresce-a-doppia-cifra\/","title":{"rendered":"Udine, Tecnest cresce a doppia cifra"},"content":{"rendered":"<p>Oltre 4 milioni di euro di fatturato e una crescita a doppia cifra.<strong>\u00a0Tecnest, azienda friulana con sede a Tavagnacco, ha chiuso il 2017 con un incremento di oltre il 10% dei volumi di affari mantenendo cos\u00ec il trend di crescita da tre anni<\/strong>. Leader nelle soluzioni informatiche e organizzative per la gestione dei processi di produzione e <em>supply chain<\/em>,\u00a0Tecnest ha arricchito il portafoglio clienti del 9%, arrivando a sviluppare nell\u2019anno 50 nuovi progetti per aziende di piccole, medie e grandi dimensioni in tutta Italia che operano nei settori della plastica, della cosmetica, della carta, elettronica e metalmeccanico.<\/p>\n<p>\u00abOltre ai risultati aziendali, il 2017 \u00e8 stato per noi un anno significativo dove passato e futuro si sono uniti: abbiamo festeggiato i 30 anni di storia aziendale, ripercorrendo le tappe principali di quel cammino che ci ha portato ad essere un player di valore per le aziende del manifatturiero\u00bb, racconta\u00a0<strong>Fabio Pettarin, presidente di Tecnest<\/strong>.\u00a0\u00abNel 2017 abbiamo anche lanciato la nostra nuova soluzione FLEX for Industry 4.0\u00a0che, facendo propri i nuovi paradigmi dell\u2019industria 4.0, crea interconnessioni all\u2019interno della fabbrica per migliorare la gestione dei processi produttivi, quindi aumentarne la competitivit\u00e0\u00bb.<\/p>\n<p>Del resto, davanti ad una quarta rivoluzione industriale che \u00e8 ormai entrata nel vivo, il passaggio a una sempre maggiore digitalizzazione delle fabbriche non \u00e8 pi\u00f9 rinviabile. Soprattutto in un Paese come l\u2019Italia che rappresenta la seconda nazione manifatturiera d\u2019Europa dopo la Germania. \u00ab\u00c8 la sfida che si pone oggi in modo prepotente\u00bb, sottolinea Pettarin. \u00abRispetto al passato \u00e8 per\u00f2 cambiato l\u2019approccio dell\u2019impresa ai temi dell\u2019interconnettivit\u00e0 e della gestione della produzione. \u00c8 cambiata la sensibilit\u00e0 degli imprenditori e dei manager: se fino a qualche tempo fa potevano essere scettici ai temi dell\u2019innovazione applicati ai processi di produzione, adesso c\u2019\u00e8 maggiore attenzione. Per il manifatturiero \u00e8 ormai imprescindibile la necessit\u00e0 di mantenersi competitivo affidandosi a soluzioni che sappiano gestire al meglio i processi di produzione, dalla progettazione fino alla consegna arrivando a coinvolgere anche la logistica\u00bb. In questa direzione, un impulso importante \u00e8 stato dato anche dalle agevolazioni promosse dall\u2019ultima Legge di Bilancio per investimenti strumentali per trasformare l\u2019impresa in chiave tecnologica e digitale 4.0.<\/p>\n<p>L\u2019azione di Tecnest sta andando oltre il software e l\u2019ottimizzazione dei processi. \u00abSpesso accanto alle soluzioni, dalle imprese arrivano anche richieste di formazione e consulenza per comprendere come gestire il cambiamento organizzativo e come aprirsi, attraverso la tecnologia, verso nuovi modelli di business. Oggi \u2013 conclude Pettarin \u2013 non basta fornire un software e accompagnare le aziende verso i loro obiettivi strategici, occorre mettere in campo un progetto dove la componente di know-how e di formazione \u00e8 in grado di fare la differenza\u00bb.<\/p>\n","protected":false},"excerpt":{"rendered":"<p>Obiettivo: portare il manifatturiero nell&#8217;Industria 4.0<\/p>\n","protected":false},"author":28,"featured_media":25992,"comment_status":"closed","ping_status":"closed","sticky":false,"template":"","format":"standard","meta":{"dwc-title":[],"dwc-content":[],"footnotes":""},"categories":[5],"tags":[],"class_list":["post-25991","post","type-post","status-publish","format-standard","has-post-thumbnail","hentry","category-attualita"],"rttpg_featured_image_url":{"full":["https:\/\/imagazine.it\/wp-content\/uploads\/2024\/01\/23428-1.webp",750,621,false],"landscape":["https:\/\/imagazine.it\/wp-content\/uploads\/2024\/01\/23428-1.webp",750,621,false],"portraits":["https:\/\/imagazine.it\/wp-content\/uploads\/2024\/01\/23428-1.webp",750,621,false],"thumbnail":["https:\/\/imagazine.it\/wp-content\/uploads\/2024\/01\/23428-1-150x150.webp",150,150,true],"medium":["https:\/\/imagazine.it\/wp-content\/uploads\/2024\/01\/23428-1-300x248.webp",300,248,true],"large":["https:\/\/imagazine.it\/wp-content\/uploads\/2024\/01\/23428-1.webp",640,530,false],"thumblist":["https:\/\/imagazine.it\/wp-content\/uploads\/2024\/01\/23428-1.webp",300,248,false],"thumbrelated":["https:\/\/imagazine.it\/wp-content\/uploads\/2024\/01\/23428-1.webp",500,414,false],"meccarouselthumb":["https:\/\/imagazine.it\/wp-content\/uploads\/2024\/01\/23428-1.webp",391,324,false],"gridsquare":["https:\/\/imagazine.it\/wp-content\/uploads\/2024\/01\/23428-1.webp",314,260,false],"tileview":["https:\/\/imagazine.it\/wp-content\/uploads\/2024\/01\/23428-1.webp",300,248,false],"1536x1536":["https:\/\/imagazine.it\/wp-content\/uploads\/2024\/01\/23428-1.webp",750,621,false],"2048x2048":["https:\/\/imagazine.it\/wp-content\/uploads\/2024\/01\/23428-1.webp",750,621,false],"newsup-slider-full":["https:\/\/imagazine.it\/wp-content\/uploads\/2024\/01\/23428-1.webp",750,621,false],"newsup-featured":["https:\/\/imagazine.it\/wp-content\/uploads\/2024\/01\/23428-1.webp",750,621,false],"newsup-medium":["https:\/\/imagazine.it\/wp-content\/uploads\/2024\/01\/23428-1-720x380.webp",720,380,true],"tptn_thumbnail":["https:\/\/imagazine.it\/wp-content\/uploads\/2024\/01\/23428-1.webp",250,207,false],"sow-carousel-default":["https:\/\/imagazine.it\/wp-content\/uploads\/2024\/01\/23428-1-272x182.webp",272,182,true]},"rttpg_author":{"display_name":"redazione","author_link":"https:\/\/imagazine.it\/home_desk\/author\/redazione\/"},"rttpg_comment":0,"rttpg_category":"<a href=\"https:\/\/imagazine.it\/home_desk\/category\/attualita\/\" rel=\"category tag\">ATTUALIT\u00c0<\/a>","rttpg_excerpt":"Obiettivo: portare il manifatturiero nell'Industria 4.0","_links":{"self":[{"href":"https:\/\/imagazine.it\/home_desk\/wp-json\/wp\/v2\/posts\/25991","targetHints":{"allow":["GET"]}}],"collection":[{"href":"https:\/\/imagazine.it\/home_desk\/wp-json\/wp\/v2\/posts"}],"about":[{"href":"https:\/\/imagazine.it\/home_desk\/wp-json\/wp\/v2\/types\/post"}],"author":[{"embeddable":true,"href":"https:\/\/imagazine.it\/home_desk\/wp-json\/wp\/v2\/users\/28"}],"replies":[{"embeddable":true,"href":"https:\/\/imagazine.it\/home_desk\/wp-json\/wp\/v2\/comments?post=25991"}],"version-history":[{"count":0,"href":"https:\/\/imagazine.it\/home_desk\/wp-json\/wp\/v2\/posts\/25991\/revisions"}],"wp:featuredmedia":[{"embeddable":true,"href":"https:\/\/imagazine.it\/home_desk\/wp-json\/wp\/v2\/media\/25992"}],"wp:attachment":[{"href":"https:\/\/imagazine.it\/home_desk\/wp-json\/wp\/v2\/media?parent=25991"}],"wp:term":[{"taxonomy":"category","embeddable":true,"href":"https:\/\/imagazine.it\/home_desk\/wp-json\/wp\/v2\/categories?post=25991"},{"taxonomy":"post_tag","embeddable":true,"href":"https:\/\/imagazine.it\/home_desk\/wp-json\/wp\/v2\/tags?post=25991"}],"curies":[{"name":"wp","href":"https:\/\/api.w.org\/{rel}","templated":true}]}}