{"id":25977,"date":"2018-01-26T00:00:00","date_gmt":"2018-01-25T23:00:00","guid":{"rendered":"https:\/\/imagazine.it\/?p=25977"},"modified":"2018-01-26T00:00:00","modified_gmt":"2018-01-25T23:00:00","slug":"sulle-orme-di-casanova","status":"publish","type":"post","link":"https:\/\/imagazine.it\/home_desk\/sulle-orme-di-casanova\/","title":{"rendered":"Sulle orme di Casanova"},"content":{"rendered":"<p><strong>Luigi Pistore, partiamo dalla fine: in cosa consiste l\u2019attivit\u00e0 dell\u2019Accademia Casanova?<\/strong><\/p>\n<p>\u00abL\u2019Accademia \u00e8 nata con un progetto pilota nel 2014 e si \u00e8 costituita ufficialmente il 2 aprile 2016. Ha sede presso Palazzo Albrizzi a Venezia e ha come obiettivo la divulgazione e la rivalutazione culturale della figura di Giacomo Casanova attraverso la produzione e la diffusione sistematica di iniziative in campo culturale, artistico e musicale\u00bb.<\/p>\n<p><strong>Lei com\u2019\u00e8 arrivato alla presidenza di questa realt\u00e0?<\/strong><\/p>\n<p>\u00abNe sono stato il primo promotore e tutti gli altri partecipanti hanno voluto affidare a me il compito di rappresentarla. Anche se questo rappresenta un ulteriore impegno in termini di responsabilit\u00e0 ho accettato e mi sento onorato dell\u2019incarico\u00bb.<\/p>\n<p><strong>All\u2019interno dell\u2019Accademia si \u00e8 costituita anche la <\/strong><strong><em>Casanova Academy Orchestra<\/em><\/strong><strong>, orchestra da camera da lei diretta. Da chi \u00e8 composta?<\/strong><\/p>\n<p>\u00abL\u2019orchestra ha un taglio decisamente professionale in quanto \u00e8 composta da musicisti che suonano stabilmente in orchestre di importanti teatri. Riserviamo spazio anche per giovani talenti, molti vincitori di concorsi internazionali. Stretto anche il legame con l\u2019Orchestra Filarmonica \u201cAlpe Adria\u201d di Gorizia: ad esempio il nostro primo violino \u00e8 Xhoan Sreli, in passato giovane partecipante ai laboratori \u201cAlpe Adria\u201d di Gorizia, ora uno dei primi violini stabili del Teatro La Fenice di Venezia\u00bb.<\/p>\n<p><strong>Come mai avete legato la vostra realt\u00e0 alla figura di Casanova?<\/strong><\/p>\n<p>\u00abTra i miei interessi culturali un posto particolare lo occupa proprio Giacomo Casanova del quale, fin da ragazzo, sono un suo appassionato cultore. Da qualsiasi percorso si giunga al Settecento prima o poi si incontra Casanova e questo gi\u00e0 dovrebbe far riflettere sulla sua rilevanza storica. Io arrivai a lui quando, studente di Conservatorio, studiai il <em>Don Giovanni <\/em>di Da Ponte &#8211; Mozart. Tra i due, in un misto di storia e leggenda, spunt\u00f2 il nome di Casanova sia per la sua presenza a Praga nel 1787 in occasione della \u201cprima\u201d, sia per un suo \u201cintervento\u201d alla stesura del libretto d\u2019opera. Le \u201cMemorie\u201d di Casanova da subito mi rapirono e iniziai ad approfondirne lo studio diventato, negli anni, studio interdisciplinare del secolo dei lumi intrecciato tra teatro, letteratura, arte e musica. Cos\u00ec nel 2014, quando i tempi furono maturi, non esitai a dare il \u201cla\u201d fondando insieme agli amici casanovisti l\u2019Accademia che rappresenta a oggi il primo centro dedicato a Casanova nella sua citt\u00e0 natale\u00bb.<\/p>\n<p><strong>Lei \u00e8 originario di S. Andrea di Campodarsego in provincia di Padova, ma goriziano di adozione visto che a Gorizia vive insieme a sua moglie e suo figlio. \u00c8 pi\u00f9 facile fare musica in Friuli Venezia Giulia o in Veneto?<\/strong><\/p>\n<p>\u00abNon saprei, so solo che per farla bene richiede impegno e dedizione. Ogni luogo offre una possibilit\u00e0 diversa di arricchimento, ma bisogna anche essere pronti a coglierla\u00bb.<\/p>\n<p><strong>Proprio a Gorizia lei aveva sviluppato il progetto dell\u2019Orchestra Filarmonica Giovanile Alpe Adria: cosa ne \u00e8 stato?<\/strong><\/p>\n<p>\u00abIl progetto dell\u2019Orchestra Alpe Adria \u00e8 una delle esperienze personali formative pi\u00f9 belle realizzate in FVG, regione che offre la possibilit\u00e0 di considerare la diversit\u00e0 culturale come ricchezza e proprio cos\u00ec noi facemmo. Alcuni dei ragazzi partecipanti ora sono professionisti in importanti orchestre in tutto il mondo. In termini territoriali port\u00f2 per la citt\u00e0 di Gorizia anche risultati credo mai raggiunti prima, che culminarono con la realizzazione di un Cd divulgato da una importante rivista in tutta Italia. A oggi, dopo gli anni di crisi dove la scure dei tagli alle risorse purtroppo si \u00e8 fatta sentire, l\u2019Associazione che lo ha gestito, la NovaAcademia \u201cAlpe Adria\u201d, si dedica all\u2019organizzazione di concerti e di piccole produzioni locali. Ogni tanto mi chiedono di riavviare a Gorizia il laboratorio giovanile ma, onestamente, per ora non vedo ci siano le condizioni\u00bb.<\/p>\n<p><strong>Quali sono a suo avviso le analogie e le differenze tra il progetto Orchestra Alpe Adria e quello della <\/strong><strong><em>Casanova Academy Orchestra<\/em><\/strong><strong>?<\/strong><\/p>\n<p>\u00abLa differenza sostanziale sta nel fatto che l\u2019Orchestra Alpe Adria si propone come laboratorio giovanile, la <em>Casanova Academy Orchestra <\/em>per la sua peculiare attivit\u00e0 richiede da subito professionisti gi\u00e0 affermati. Una analogia importante sta nel modo e nello stile del fare \u201cmusica insieme\u201d portato avanti in termini di continuit\u00e0 con i musicisti che provengono dal laboratorio giovanile goriziano\u00bb.<\/p>\n<p><strong>Per potersi sviluppare e crescere sono necessarie risorse: l\u2019Accademia Casanova su quali pu\u00f2 contare?<\/strong><\/p>\n<p>\u00abPer l\u2019Accademia Casanova ho ideato un progetto di <em>management <\/em>culturale che si sgancia da vecchie logiche gestionali e punta sulla partecipazione attiva di partner e istituzioni privati. Cambia dunque il paradigma: non solo semplici sponsor ma veri e propri elementi costitutivi del progetto. Per questa \u201cvis\u201d innovativa ho ricevuto a Roma lo scorso novembre il premio nazionale \u201cLa Furrina\u201d\u00bb.<\/p>\n<p><strong>Si dice \u201cNessuno \u00e8 profeta in patria\u201d. Luigi Pistore sembra invece aver trovato il successo nel \u201csuo\u201d<\/strong><\/p>\n<p><strong>Veneto\u2026 Che effetto fa? <\/strong><\/p>\n<p>\u00abMi definiscono spesso \u201cmusicista veneto e goriziano d\u2019adozione\u201d: ormai ho due patrie. In effetti mi sento a casa anche a Gorizia. Certo, sono molto legato ai miei luoghi d\u2019origine, tra Padova e Venezia, e le persone che mi conoscono da bambino \u00a0ancora oggi mi seguono e mi scrivono con sincera ammirazione, facendomi provare una sensazione particolare\u00bb.<\/p>\n<p><strong>Il rapporto di Luigi Pistore con Gorizia e il Friuli Venezia Giulia invece com\u2019\u00e8?<\/strong><\/p>\n<p>\u00abIl FVG \u00e8 una terra di confine da cui ho imparato prima di tutto il rispetto per le diverse culture. Nello specifico trovo che Gorizia sia una citt\u00e0 con interessanti potenzialit\u00e0 nel campo culturale. Forse dovrebbe essere un po\u2019 pi\u00f9 ambiziosa e coraggiosa: a volte \u00e8 un peccato perdere in campo culturale e musicale tante opportunit\u00e0\u00bb.<\/p>\n<p><strong>A suo avviso qual \u00e8 lo stato di salute del movimento musicale in generale nel nostro territorio?<\/strong><\/p>\n<p>\u00abStiamo assistendo a un degrado culturale su larga scale e un po\u2019 anche il nostro territorio ne risente. Per fortuna ci sono delle chiare eccellenze e non sono poi cos\u00ec poche, ma andrebbero pi\u00f9 evidenziate e portate come modello. Invece spesso sono lasciate al loro destino e costrette a sopravvivere\u00bb.<\/p>\n<p><strong>Il futuro di Luigi Pistore sar\u00e0 a Gorizia, in Veneto o altrove?<\/strong><\/p>\n<p>\u00abMi piacerebbe mettere a disposizione per Gorizia la mia esperienza, consolidare i miei progetti \u201cveneziani\u201d e, come Casanova, essere sempre in viaggio alla scoperta di nuove esperienze\u00bb.<\/p>\n<p><strong>Qual \u00e8 il prossimo obiettivo che desidererebbe realizzare?<\/strong><\/p>\n<p>\u00abInsieme a esperti, studiosi e collezionisti sto lavorando al \u201cSalotto di Casanova\u201d, uno spazio evocativo esperienziale a Venezia dove, guidati da Casanova, ci si trover\u00e0 immersi nella vita del Settecento veneziano. Un grande impegno in termini di progettazione ma estremamente stimolante dal punto di vista filologico e culturale. Una vera osmosi tra i vari campi del sapere. Siamo a buon punto e dovrebbe essere tutto pronto nel 2018\u00bb.<\/p>\n","protected":false},"excerpt":{"rendered":"<p>Luigi Pistore<\/p>\n","protected":false},"author":28,"featured_media":25978,"comment_status":"closed","ping_status":"closed","sticky":false,"template":"","format":"standard","meta":{"dwc-title":[],"dwc-content":[],"footnotes":""},"categories":[37],"tags":[],"class_list":["post-25977","post","type-post","status-publish","format-standard","has-post-thumbnail","hentry","category-cultura-e-spettacolo"],"rttpg_featured_image_url":{"full":["https:\/\/imagazine.it\/wp-content\/uploads\/2024\/01\/23383-1.webp",750,498,false],"landscape":["https:\/\/imagazine.it\/wp-content\/uploads\/2024\/01\/23383-1.webp",750,498,false],"portraits":["https:\/\/imagazine.it\/wp-content\/uploads\/2024\/01\/23383-1.webp",750,498,false],"thumbnail":["https:\/\/imagazine.it\/wp-content\/uploads\/2024\/01\/23383-1-150x150.webp",150,150,true],"medium":["https:\/\/imagazine.it\/wp-content\/uploads\/2024\/01\/23383-1-300x199.webp",300,199,true],"large":["https:\/\/imagazine.it\/wp-content\/uploads\/2024\/01\/23383-1.webp",640,425,false],"thumblist":["https:\/\/imagazine.it\/wp-content\/uploads\/2024\/01\/23383-1.webp",300,199,false],"thumbrelated":["https:\/\/imagazine.it\/wp-content\/uploads\/2024\/01\/23383-1.webp",500,332,false],"meccarouselthumb":["https:\/\/imagazine.it\/wp-content\/uploads\/2024\/01\/23383-1.webp",474,315,false],"gridsquare":["https:\/\/imagazine.it\/wp-content\/uploads\/2024\/01\/23383-1.webp",391,260,false],"tileview":["https:\/\/imagazine.it\/wp-content\/uploads\/2024\/01\/23383-1.webp",300,199,false],"1536x1536":["https:\/\/imagazine.it\/wp-content\/uploads\/2024\/01\/23383-1.webp",750,498,false],"2048x2048":["https:\/\/imagazine.it\/wp-content\/uploads\/2024\/01\/23383-1.webp",750,498,false],"newsup-slider-full":["https:\/\/imagazine.it\/wp-content\/uploads\/2024\/01\/23383-1.webp",750,498,false],"newsup-featured":["https:\/\/imagazine.it\/wp-content\/uploads\/2024\/01\/23383-1.webp",750,498,false],"newsup-medium":["https:\/\/imagazine.it\/wp-content\/uploads\/2024\/01\/23383-1-720x380.webp",720,380,true],"tptn_thumbnail":["https:\/\/imagazine.it\/wp-content\/uploads\/2024\/01\/23383-1.webp",250,166,false],"sow-carousel-default":["https:\/\/imagazine.it\/wp-content\/uploads\/2024\/01\/23383-1-272x182.webp",272,182,true]},"rttpg_author":{"display_name":"redazione","author_link":"https:\/\/imagazine.it\/home_desk\/author\/redazione\/"},"rttpg_comment":0,"rttpg_category":"<a href=\"https:\/\/imagazine.it\/home_desk\/category\/cultura-e-spettacolo\/\" rel=\"category tag\">CULTURA&amp;SPETTACOLO<\/a>","rttpg_excerpt":"Luigi Pistore","_links":{"self":[{"href":"https:\/\/imagazine.it\/home_desk\/wp-json\/wp\/v2\/posts\/25977","targetHints":{"allow":["GET"]}}],"collection":[{"href":"https:\/\/imagazine.it\/home_desk\/wp-json\/wp\/v2\/posts"}],"about":[{"href":"https:\/\/imagazine.it\/home_desk\/wp-json\/wp\/v2\/types\/post"}],"author":[{"embeddable":true,"href":"https:\/\/imagazine.it\/home_desk\/wp-json\/wp\/v2\/users\/28"}],"replies":[{"embeddable":true,"href":"https:\/\/imagazine.it\/home_desk\/wp-json\/wp\/v2\/comments?post=25977"}],"version-history":[{"count":0,"href":"https:\/\/imagazine.it\/home_desk\/wp-json\/wp\/v2\/posts\/25977\/revisions"}],"wp:featuredmedia":[{"embeddable":true,"href":"https:\/\/imagazine.it\/home_desk\/wp-json\/wp\/v2\/media\/25978"}],"wp:attachment":[{"href":"https:\/\/imagazine.it\/home_desk\/wp-json\/wp\/v2\/media?parent=25977"}],"wp:term":[{"taxonomy":"category","embeddable":true,"href":"https:\/\/imagazine.it\/home_desk\/wp-json\/wp\/v2\/categories?post=25977"},{"taxonomy":"post_tag","embeddable":true,"href":"https:\/\/imagazine.it\/home_desk\/wp-json\/wp\/v2\/tags?post=25977"}],"curies":[{"name":"wp","href":"https:\/\/api.w.org\/{rel}","templated":true}]}}