{"id":25975,"date":"2018-01-26T00:00:00","date_gmt":"2018-01-25T23:00:00","guid":{"rendered":"https:\/\/imagazine.it\/?p=25975"},"modified":"2018-01-26T00:00:00","modified_gmt":"2018-01-25T23:00:00","slug":"la-vita-oltre-il-deserto","status":"publish","type":"post","link":"https:\/\/imagazine.it\/home_desk\/la-vita-oltre-il-deserto\/","title":{"rendered":"La vita oltre il deserto"},"content":{"rendered":"<p><strong>Felice Del Gaudio<\/strong>, bassista e contrabbassista nato a Lagonegro, vive a Bologna dal 1984. Da poco \u00e8 uscito il suo nuovo album Desert, contenente dieci tracce dedicate al contrabbasso, di cui nove tratte dai suoi lavori discografici. Ne abbiamo parlato proprio con l\u2019autore.<\/p>\n<p>\u00a0<\/p>\n<p><strong>Felice Del Gaudio e <em>Desert<\/em>: come mai questo nome per il nuovo album?<\/strong><\/p>\n<p>\u00abProvenendo dal sud a da una regione bellissima come la Lucania mi sono ispirato a dei paesaggi suggestivi che sono stati ripresi nel video clip relativo\u00bb.<\/p>\n<p><strong>Al suo interno sono presenti 10 brani. Quali messaggi desiderano trasmettere?<\/strong><\/p>\n<p>\u00abOgni traccia ha un suo senso e significato profondo, vuole esprimere un mio sentimento da condividere con l\u2019ascoltatore\u00bb.<\/p>\n<p><strong>Protagonista assoluto dell\u2019album \u00e8 il contrabbasso: com\u2019\u00e8 il suo rapporto con questo strumento?<\/strong><\/p>\n<p>\u00abCome tutti i rapporti \u00e8 di odio e amore. A volte lui mi guarda e mi dice \u201cAllora oggi si studia? Si suona oggi?\u201d A volte ci assecondiamo a volte no\u00bb.<\/p>\n<p><strong>Cosa rappresenta per lei il deserto?<\/strong><\/p>\n<p>\u00abOgnuno di noi attraversa nel ciclo della vita dei periodi aridi, secchi, di solitudine soprattutto in questi tempi bui dove il deserto rappresenta per migliaia di persone uno scoglio vero da superare. Per me rappresenta una metafora della vita\u00bb.<\/p>\n<p><strong>La sua passione per la musica quando \u00e8 nata?<\/strong><\/p>\n<p>\u00abFin da adolescente ho coltivato la passione della musica e soprattutto la voglia di imparare uno strumento. A 14 anni la chitarra, a 16 anni il basso elettrico a 19 anni ho cominciato a studiare il contrabbasso\u00bb.<\/p>\n<p><strong>Quando ha capito che la passione sarebbe diventata la sua professione?<\/strong><\/p>\n<p>\u00abSin dai primi anni della mia \u201ccarriera\u201d ho cominciato a suonare nelle band di rock, nelle orchestre da ballo, ai matrimoni, e poi di l\u00ec con tanti altri gruppi e progetti musicali. I primi dischi registrati, le prime serate di jazz; tutto fa parte del proprio bagaglio artistico. Giorno dopo giorno\u00bb.<\/p>\n<p><strong>Nella sua carriera ha collaborato con grandi artisti (Dalla, Gualazzi, Antonacci\u2026): a chi di loro \u00e8 maggiormente legato? <\/strong><\/p>\n<p>\u00abUn po\u2019 a tutti perch\u00e9 da grandi artisti si pu\u00f2 ricevere tanto in termini di scambio emotivo e di esperienza. Da ognuno di loro ho carpito qualche segreto\u00bb.<\/p>\n<p><strong>In questo album la sua \u00e8 una musica che conduce alla riflessione e all\u2019introspezione.<\/strong><\/p>\n<p>\u00abHo scelto un dialogo intimo col contrabbasso per trasmettere delle mie sensazioni in questa fase della mia vita. A volte ci si riesce a volte no\u00bb.<\/p>\n<p><strong>In passato lei ha suonato in diversi festival in giro per il mondo: la sua musica \u00e8 pi\u00f9 apprezzata in Italia o all\u2019estero?<\/strong><\/p>\n<p>\u00abDirei che attraverso i miei viaggi e le collaborazioni, la mia musica, condivisa con altri, \u00e8 stata sempre apprezzata, anche perch\u00e9 \u00e8 importante \u201cl\u2019italianit\u00e0\u201d che uno si porta dietro quando suona in contesti internazionali. Questo piace molto al pubblico\u00bb.<\/p>\n<p><strong>Dopo questo nuovo album, cosa riserva il futuro di Felice Del Gaudio?<\/strong><\/p>\n<p>\u00ab\u00c8 presto dirlo; per ora mi dedico alla crescita di <em>Desert<\/em> appena venuto alla luce\u00bb.<\/p>\n<p>Info: <strong><a href=\"http:\/\/www.felicedelgaudio.it\/\" target=\"_blank\" rel=\"noopener\">www.felicedelgaudio.it<\/a><\/strong><\/p>\n","protected":false},"excerpt":{"rendered":"<p>L&#8217;album &#8220;Desert&#8221;<\/p>\n","protected":false},"author":28,"featured_media":25976,"comment_status":"closed","ping_status":"closed","sticky":false,"template":"","format":"standard","meta":{"dwc-title":[],"dwc-content":[],"footnotes":""},"categories":[37],"tags":[],"class_list":["post-25975","post","type-post","status-publish","format-standard","has-post-thumbnail","hentry","category-cultura-e-spettacolo"],"rttpg_featured_image_url":{"full":["https:\/\/imagazine.it\/wp-content\/uploads\/2024\/01\/23378-1.webp",750,464,false],"landscape":["https:\/\/imagazine.it\/wp-content\/uploads\/2024\/01\/23378-1.webp",750,464,false],"portraits":["https:\/\/imagazine.it\/wp-content\/uploads\/2024\/01\/23378-1.webp",750,464,false],"thumbnail":["https:\/\/imagazine.it\/wp-content\/uploads\/2024\/01\/23378-1-150x150.webp",150,150,true],"medium":["https:\/\/imagazine.it\/wp-content\/uploads\/2024\/01\/23378-1-300x186.webp",300,186,true],"large":["https:\/\/imagazine.it\/wp-content\/uploads\/2024\/01\/23378-1.webp",640,396,false],"thumblist":["https:\/\/imagazine.it\/wp-content\/uploads\/2024\/01\/23378-1.webp",300,186,false],"thumbrelated":["https:\/\/imagazine.it\/wp-content\/uploads\/2024\/01\/23378-1.webp",500,309,false],"meccarouselthumb":["https:\/\/imagazine.it\/wp-content\/uploads\/2024\/01\/23378-1.webp",474,293,false],"gridsquare":["https:\/\/imagazine.it\/wp-content\/uploads\/2024\/01\/23378-1.webp",391,242,false],"tileview":["https:\/\/imagazine.it\/wp-content\/uploads\/2024\/01\/23378-1.webp",300,186,false],"1536x1536":["https:\/\/imagazine.it\/wp-content\/uploads\/2024\/01\/23378-1.webp",750,464,false],"2048x2048":["https:\/\/imagazine.it\/wp-content\/uploads\/2024\/01\/23378-1.webp",750,464,false],"newsup-slider-full":["https:\/\/imagazine.it\/wp-content\/uploads\/2024\/01\/23378-1.webp",750,464,false],"newsup-featured":["https:\/\/imagazine.it\/wp-content\/uploads\/2024\/01\/23378-1.webp",750,464,false],"newsup-medium":["https:\/\/imagazine.it\/wp-content\/uploads\/2024\/01\/23378-1-720x380.webp",720,380,true],"tptn_thumbnail":["https:\/\/imagazine.it\/wp-content\/uploads\/2024\/01\/23378-1.webp",250,155,false],"sow-carousel-default":["https:\/\/imagazine.it\/wp-content\/uploads\/2024\/01\/23378-1-272x182.webp",272,182,true]},"rttpg_author":{"display_name":"redazione","author_link":"https:\/\/imagazine.it\/home_desk\/author\/redazione\/"},"rttpg_comment":0,"rttpg_category":"<a href=\"https:\/\/imagazine.it\/home_desk\/category\/cultura-e-spettacolo\/\" rel=\"category tag\">CULTURA&amp;SPETTACOLO<\/a>","rttpg_excerpt":"L'album \"Desert\"","_links":{"self":[{"href":"https:\/\/imagazine.it\/home_desk\/wp-json\/wp\/v2\/posts\/25975","targetHints":{"allow":["GET"]}}],"collection":[{"href":"https:\/\/imagazine.it\/home_desk\/wp-json\/wp\/v2\/posts"}],"about":[{"href":"https:\/\/imagazine.it\/home_desk\/wp-json\/wp\/v2\/types\/post"}],"author":[{"embeddable":true,"href":"https:\/\/imagazine.it\/home_desk\/wp-json\/wp\/v2\/users\/28"}],"replies":[{"embeddable":true,"href":"https:\/\/imagazine.it\/home_desk\/wp-json\/wp\/v2\/comments?post=25975"}],"version-history":[{"count":0,"href":"https:\/\/imagazine.it\/home_desk\/wp-json\/wp\/v2\/posts\/25975\/revisions"}],"wp:featuredmedia":[{"embeddable":true,"href":"https:\/\/imagazine.it\/home_desk\/wp-json\/wp\/v2\/media\/25976"}],"wp:attachment":[{"href":"https:\/\/imagazine.it\/home_desk\/wp-json\/wp\/v2\/media?parent=25975"}],"wp:term":[{"taxonomy":"category","embeddable":true,"href":"https:\/\/imagazine.it\/home_desk\/wp-json\/wp\/v2\/categories?post=25975"},{"taxonomy":"post_tag","embeddable":true,"href":"https:\/\/imagazine.it\/home_desk\/wp-json\/wp\/v2\/tags?post=25975"}],"curies":[{"name":"wp","href":"https:\/\/api.w.org\/{rel}","templated":true}]}}