{"id":25890,"date":"2018-01-16T00:00:00","date_gmt":"2018-01-15T23:00:00","guid":{"rendered":"https:\/\/imagazine.it\/?p=25890"},"modified":"2018-01-16T00:00:00","modified_gmt":"2018-01-15T23:00:00","slug":"la-community-bike-che-pedala-da-sola","status":"publish","type":"post","link":"https:\/\/imagazine.it\/home_desk\/la-community-bike-che-pedala-da-sola\/","title":{"rendered":"La community bike che pedala da sola"},"content":{"rendered":"<p>\u201cLa prima difficolt\u00e0 \u00e8 stata far accettare che una persona con\u00a0<strong>disabilit\u00e0<\/strong>, che non pu\u00f2 andare in bici, in realt\u00e0 possa ripararle. L\u2019elemento conflittuale spesso \u00e8 l\u2019humus che fa nascere le cose, perch\u00e9 lo scontro e la dialettica tra diversi punti di vista possono generare\u00a0<strong>idee<\/strong>\u00a0e\u00a0<strong>progetti<\/strong>\u201d.<\/p>\n<p>Lo ha sottolineato il presidente di Coop Noncello,\u00a0<strong>Stefano Mantovani<\/strong>, lo scorso 15 dicembre a\u00a0<strong>Sacile<\/strong>\u00a0nel corso della presentazione e\u00a0<strong>inaugurazione<\/strong>\u00a0di\u00a0<strong><em>Community Bike<\/em><\/strong>, l\u2019<strong>officina<\/strong>\u00a0per la\u00a0<strong>riparazione<\/strong>, il <strong>restauro<\/strong>\u00a0e la\u00a0<strong>vendita<\/strong>\u00a0di\u00a0<strong>biciclette<\/strong>\u00a0anche storiche operativa oramai da un mese in\u00a0viale Zancanaro 36\/A. Titolare\u00a0<strong>Ivan Bellina<\/strong>\u00a0che, grazie alla\u00a0<strong>cooperazione<\/strong>\u00a0di diversi enti del territorio uniti dal\u00a0<strong>progetto europeo \u201cCtrl+Alt+EnterPrise\u201d<\/strong>\u00a0e, inoltre, di <strong>Fondazione Well Fare<\/strong>,\u00a0<strong>Coop Noncello<\/strong>,\u00a0<strong>Comune di Sacile<\/strong>\u00a0e\u00a0<strong>Friuladria Cr\u00e9dit Agricole<\/strong>, ha raggiunto il sogno di aprire un\u2019officina tutta sua. \u201cL\u2019inizio di questo progetto \u2013 ha proseguito Mantovani \u2013 nasce dalla disponibilit\u00e0 di un fondo provinciale per la disabilit\u00e0. Coop Noncello si \u00e8 messa a disposizione nel seguire questa nuova iniziativa per favorirne la fase di start-up. \u00c8 importante che il terzo settore e la pubblica amministrazione collaborino, affinch\u00e9 le persone possano esprimere se stesse e le proprie idee\u201d.<\/p>\n<p>Ivan Bellina aveva infatti iniziato la sua attivit\u00e0 di meccanico nella primavera del 2014 proprio all\u2019interno di un progetto-laboratorio situato nella sede di Coop Noncello a Roveredo in Piano, in un\u2019officina dedicata alla riparazione di biciclette e macchine da giardinaggio. Su una sedia a rotelle a causa di un incidente stradale, Bellina lavorava con i cerchioni delle bici da corsa, la trasmissione delle mountain bike, i freni a bacchetta dei modelli storici, ma riparava anche motori di tosaerba e decespugliatrici che la Coop Noncello utilizza nei suoi servizi di manutenzione del verde. Il ruolo della Noncello \u00e8 stato fondamentale non solo allora ma anche in tempi recenti, dal momento che la Cooperativa sociale pordenonese ha sostenuto l\u2019avvio della nuova impresa contribuendo materialmente con attrezzatura e finanziariamente facendosi carico di parte del prestito con la banca.<\/p>\n<p>Tante le autorit\u00e0 che hanno salutato l\u2019avvio della nuova impresa, tra cui il sindaco di Sacile\u00a0<strong>Roberto Ceraolo<\/strong>\u00a0che ha sottolineato come \u201cquesto progetto evidenzi quanto sia importante che la pubblica amministrazione\u00a0<strong>faciliti<\/strong>\u00a0i processi burocratici, che molto spesso si pongono da ostacolo a iniziative di inclusione sociale\u201d.\u00a0<strong>Carlo Francescutti<\/strong>\u00a0\u2013 responsabile SS Integrazione sociale e SIL Servizio di integrazione lavorativa dell\u2019Aas 5 Friuli Occidentale \u2013 ha evidenziato come \u201cla creazione di un\u2019impresa artigianale comporti una serie di sforzi notevoli. L\u2019esperienza di Ivan esemplifica quanto sia importante il rapporto di\u00a0<strong>fiducia<\/strong>\u00a0tra pubblico e privato\u201d.<\/p>\n<p>Per la Fondazione Well Fare\u00a0<strong>Tiziana Maruccia<\/strong>\u00a0\u2013 tutor di Ivan Bellina \u2013 ha posto l\u2019accento \u201csull\u2019importanza di tutta la fase di\u00a0<strong>accompagnamento<\/strong>\u00a0non solo del processo e del progetto, ma soprattutto della persona nel suo percorso verso l\u2019<strong>autoimprenditorialit\u00e0<\/strong>, dall\u2019individuazione della possibile location aziendale fino al conto economico\u201d.\u00a0<strong>Gianfranco Verziagi<\/strong>\u00a0\u2013 presidente di Well Fare \u2013 ha ricordato come \u201cla provincia di Pordenone abbia un\u00a0<strong>terzo settore<\/strong>\u00a0molto forte ma poco coordinato, in tal senso la Fondazione pu\u00f2 giocare un ruolo fondamentale fungendo da anello di congiunzione tra i vari soggetti del territorio\u201d. \u201cAprire un\u2019impresa artigiana a volte \u00e8 davvero un\u2019impresa e, spesso, bisogna essere dei temerari\u201d, ha affermato\u00a0<strong>Elena Corazza<\/strong>\u00a0di Confartigianto.<\/p>\n<p>\u201cIvan era la classica persona presa in carico dai servizi sociali ma, a distanza di 15 anni, testimonia come si possa uscire da una situazione meramente assistenziale attraverso percorsi di\u00a0<strong>sviluppo personale<\/strong>\u201d. Lo ha sottolineato il direttore sociosanitario dell\u2019Aas5,\u00a0<strong>Roberto Orlich<\/strong>, che ha anche aggiunto di \u201ccredere fermamente nell\u2019operativit\u00e0 del terzo settore e delle fondazioni, sono una fucina di pensieri per il futuro\u201d. Presente anche\u00a0<strong>Giorgio Simon<\/strong>, direttore generale dell\u2019Aas5, che ha evidenziato come \u201cvi siano due modi di essere Azienda sanitaria: il primo prevede di focalizzarsi solo sul numero di servizi erogati, il secondo presume un\u2019<strong>operativit\u00e0 congiunta con il territorio<\/strong>. Sacile \u00e8 luogo dove si riescono a mettere insieme pi\u00f9 cose\u201d. Per l\u2019assessore ai servizi sociali del Comune di Sacile,\u00a0<strong>Maurizia Salton<\/strong>, \u201cIvan \u00e8 l\u2019esempio che le persone con disabilit\u00e0 possono condure una vita pari a quella dei normodotati\u201d. Di poche parole, bench\u00e9 significative, il diretto interessato: \u201cQui con me non vedo istituzioni \u2013 ha affermato il neo imprenditore\u00a0<strong>Ivan Bellina<\/strong>\u00a0\u2013 vedo solo amici e posso solo dire grazie\u201d.<\/p>\n<p>Oltre a quelli gi\u00e0 citati, l\u2019apertura della nuova attivit\u00e0 a Sacile si inserisce all\u2019interno di un percorso reso possibile dalla cooperazione di diversi enti uniti dal progetto\u00a0<strong>Erasmus +<\/strong>, co-finanziato dall\u2019<strong>Unione Europea<\/strong>, \u201cCtrl+Alt+EnterPrise: self-employment for social inclusion of vulnerable people\u201d, rivolto all\u2019autoimprenditorialit\u00e0 di persone con disabilit\u00e0, svantaggiate, vulnerabili o disoccupate, per aiutarle a migliorare il proprio stile di vita attraverso la realizzazione di un\u2019attivit\u00e0 in proprio. Nel Pordenonese sono stati coinvolti\u00a0<a data-saferedirecturl=\"https:\/\/www.google.com\/url?hl=it&#038;q=http:\/\/www.aopn.sanita.fvg.it\/&#038;source=gmail&#038;ust=1516199438719000&#038;usg=AFQjCNGCsne3UcnNm1KbvP7k_92tp_iYZA\" href=\"http:\/\/www.aopn.sanita.fvg.it\/\" target=\"_blank\" rel=\"noopener\"><strong>Azienda per l\u2019Assistenza Sanitaria n\u00b0 5<\/strong><\/a>\u00a0(ente capofila),\u00a0<a data-saferedirecturl=\"https:\/\/www.google.com\/url?hl=it&#038;q=http:\/\/www.itaca.coopsoc.it\/&#038;source=gmail&#038;ust=1516199438719000&#038;usg=AFQjCNHCi1UO3BBDrBSQ0ojHsq96xkODIA\" href=\"http:\/\/www.itaca.coopsoc.it\/\" target=\"_blank\" rel=\"noopener\"><strong>Cooperativa sociale Itaca<\/strong><\/a>,\u00a0<a data-saferedirecturl=\"https:\/\/www.google.com\/url?hl=it&#038;q=http:\/\/www.comune.pordenone.it\/&#038;source=gmail&#038;ust=1516199438719000&#038;usg=AFQjCNGbY73j87KJ8MCfI7GMogeJMhv2Vw\" href=\"http:\/\/www.comune.pordenone.it\/\" target=\"_blank\" rel=\"noopener\"><strong>Comune di Pordenone<\/strong><\/a>\u00a0(in qualit\u00e0 di ente gestore dell\u2019Ambito Urbano 6.5),\u00a0<a data-saferedirecturl=\"https:\/\/www.google.com\/url?hl=it&#038;q=http:\/\/www.magverona.it\/&#038;source=gmail&#038;ust=1516199438719000&#038;usg=AFQjCNG0Ft3UAT4BABSKavod_T7Uj1rzrw\" href=\"http:\/\/www.magverona.it\/\" target=\"_blank\" rel=\"noopener\"><strong>Mag Verona \u2013 Societ\u00e0 mutua per l\u2019autogestione<\/strong><\/a>,<a data-saferedirecturl=\"https:\/\/www.google.com\/url?hl=it&#038;q=http:\/\/www.soform.net\/&#038;source=gmail&#038;ust=1516199438719000&#038;usg=AFQjCNGVDY9Ger6Ms4LetQA9AiTkfnbB5Q\" href=\"http:\/\/www.soform.net\/\" target=\"_blank\" rel=\"noopener\"><strong>Soform Scarl<\/strong><\/a>\u00a0(Pordenone). Enterprise comprende anche i partner stranieri di\u00a0<a data-saferedirecturl=\"https:\/\/www.google.com\/url?hl=it&#038;q=http:\/\/www.epralima.com\/&#038;source=gmail&#038;ust=1516199438719000&#038;usg=AFQjCNGhJvVS4w0c7ncE5mJQzLcsJ2Vw5g\" href=\"http:\/\/www.epralima.com\/\" target=\"_blank\" rel=\"noopener\">Epralima \u2013 Escola Profissional do Alto Lima<\/a>\u00a0(Portogallo),\u00a0<a data-saferedirecturl=\"https:\/\/www.google.com\/url?hl=it&#038;q=http:\/\/www.skup.si\/&#038;source=gmail&#038;ust=1516199438719000&#038;usg=AFQjCNEqP3rjOgXkwYsFWiAdVdtkDLhiLg\" href=\"http:\/\/www.skup.si\/\" target=\"_blank\" rel=\"noopener\">Skup \u2013 Skupnost privatnih zavodo<\/a>v (Slovenia),\u00a0<a data-saferedirecturl=\"https:\/\/www.google.com\/url?hl=it&#038;q=http:\/\/www.anatoliki.gr\/&#038;source=gmail&#038;ust=1516199438719000&#038;usg=AFQjCNFGQcLJHE8OUGgfRsIWINdIt2znEw\" href=\"http:\/\/www.anatoliki.gr\/\" target=\"_blank\" rel=\"noopener\">Anatoliki S.A. \u2013 Development Agency of Eastern Thessaloniki\u2019s Local Authorities<\/a>\u00a0(Grecia).<\/p>\n","protected":false},"excerpt":{"rendered":"<p>Da Sacile un esempio di inclusione sociale<\/p>\n","protected":false},"author":28,"featured_media":25891,"comment_status":"closed","ping_status":"closed","sticky":false,"template":"","format":"standard","meta":{"dwc-title":[],"dwc-content":[],"footnotes":""},"categories":[6],"tags":[],"class_list":["post-25890","post","type-post","status-publish","format-standard","has-post-thumbnail","hentry","category-societa"],"rttpg_featured_image_url":{"full":["https:\/\/imagazine.it\/wp-content\/uploads\/2024\/01\/23193-1.webp",750,489,false],"landscape":["https:\/\/imagazine.it\/wp-content\/uploads\/2024\/01\/23193-1.webp",750,489,false],"portraits":["https:\/\/imagazine.it\/wp-content\/uploads\/2024\/01\/23193-1.webp",750,489,false],"thumbnail":["https:\/\/imagazine.it\/wp-content\/uploads\/2024\/01\/23193-1-150x150.webp",150,150,true],"medium":["https:\/\/imagazine.it\/wp-content\/uploads\/2024\/01\/23193-1-300x196.webp",300,196,true],"large":["https:\/\/imagazine.it\/wp-content\/uploads\/2024\/01\/23193-1.webp",640,417,false],"thumblist":["https:\/\/imagazine.it\/wp-content\/uploads\/2024\/01\/23193-1.webp",300,196,false],"thumbrelated":["https:\/\/imagazine.it\/wp-content\/uploads\/2024\/01\/23193-1.webp",500,326,false],"meccarouselthumb":["https:\/\/imagazine.it\/wp-content\/uploads\/2024\/01\/23193-1.webp",474,309,false],"gridsquare":["https:\/\/imagazine.it\/wp-content\/uploads\/2024\/01\/23193-1.webp",391,255,false],"tileview":["https:\/\/imagazine.it\/wp-content\/uploads\/2024\/01\/23193-1.webp",300,196,false],"1536x1536":["https:\/\/imagazine.it\/wp-content\/uploads\/2024\/01\/23193-1.webp",750,489,false],"2048x2048":["https:\/\/imagazine.it\/wp-content\/uploads\/2024\/01\/23193-1.webp",750,489,false],"newsup-slider-full":["https:\/\/imagazine.it\/wp-content\/uploads\/2024\/01\/23193-1.webp",750,489,false],"newsup-featured":["https:\/\/imagazine.it\/wp-content\/uploads\/2024\/01\/23193-1.webp",750,489,false],"newsup-medium":["https:\/\/imagazine.it\/wp-content\/uploads\/2024\/01\/23193-1-720x380.webp",720,380,true],"tptn_thumbnail":["https:\/\/imagazine.it\/wp-content\/uploads\/2024\/01\/23193-1.webp",250,163,false],"sow-carousel-default":["https:\/\/imagazine.it\/wp-content\/uploads\/2024\/01\/23193-1-272x182.webp",272,182,true]},"rttpg_author":{"display_name":"redazione","author_link":"https:\/\/imagazine.it\/home_desk\/author\/redazione\/"},"rttpg_comment":0,"rttpg_category":"<a href=\"https:\/\/imagazine.it\/home_desk\/category\/societa\/\" rel=\"category tag\">SOCIET\u00c0<\/a>","rttpg_excerpt":"Da Sacile un esempio di inclusione sociale","_links":{"self":[{"href":"https:\/\/imagazine.it\/home_desk\/wp-json\/wp\/v2\/posts\/25890","targetHints":{"allow":["GET"]}}],"collection":[{"href":"https:\/\/imagazine.it\/home_desk\/wp-json\/wp\/v2\/posts"}],"about":[{"href":"https:\/\/imagazine.it\/home_desk\/wp-json\/wp\/v2\/types\/post"}],"author":[{"embeddable":true,"href":"https:\/\/imagazine.it\/home_desk\/wp-json\/wp\/v2\/users\/28"}],"replies":[{"embeddable":true,"href":"https:\/\/imagazine.it\/home_desk\/wp-json\/wp\/v2\/comments?post=25890"}],"version-history":[{"count":0,"href":"https:\/\/imagazine.it\/home_desk\/wp-json\/wp\/v2\/posts\/25890\/revisions"}],"wp:featuredmedia":[{"embeddable":true,"href":"https:\/\/imagazine.it\/home_desk\/wp-json\/wp\/v2\/media\/25891"}],"wp:attachment":[{"href":"https:\/\/imagazine.it\/home_desk\/wp-json\/wp\/v2\/media?parent=25890"}],"wp:term":[{"taxonomy":"category","embeddable":true,"href":"https:\/\/imagazine.it\/home_desk\/wp-json\/wp\/v2\/categories?post=25890"},{"taxonomy":"post_tag","embeddable":true,"href":"https:\/\/imagazine.it\/home_desk\/wp-json\/wp\/v2\/tags?post=25890"}],"curies":[{"name":"wp","href":"https:\/\/api.w.org\/{rel}","templated":true}]}}