{"id":24436,"date":"2017-11-02T00:00:00","date_gmt":"2017-11-01T23:00:00","guid":{"rendered":"https:\/\/imagazine.it\/?p=24436"},"modified":"2017-11-02T00:00:00","modified_gmt":"2017-11-01T23:00:00","slug":"nuova-etichetta-per-i-musicisti-fvg","status":"publish","type":"post","link":"https:\/\/imagazine.it\/home_desk\/nuova-etichetta-per-i-musicisti-fvg\/","title":{"rendered":"Nuova etichetta per i musicisti FVG"},"content":{"rendered":"<p>Il contesto musicale del Nordest \u00e8 ricco di numerosi talenti che spesso non trovano modo e spazio per esprimersi. Da questa condizione, unita alla convinzione che vi sia necessit\u00e0 per artisti, titolari di spazi e pubblico, di trovare un unico contesto di connessione, nasce <strong>Toks Records, <\/strong>nuova etichetta discografica made in <strong>Friuli Venezia Giulia<\/strong>. Un\u2019etichetta che \u00e8 al tempo stesso anche una piattaforma \u2013 a breve nascer\u00e0 l\u2019apposita app \u2013 che metter\u00e0 in contatto per chi la musica la fa (gli artisti), chi la musica la propone (i locali) e chi la musica la fruisce (il pubblico). Un vero e proprio <strong>art social network<\/strong> dove gli utenti potranno curiosare, conoscere e scegliere tutte le proposte e tutte le realt\u00e0 del territorio che ogni giorno collaborano a organizzare spettacoli, concerti, cene, mostre per il piacere degli avventori.<\/p>\n<p>E sono gi\u00e0 diversi gli artisti, provenienti principalmente da Friuli Venezia Giulia e Veneto, che hanno deciso di abbracciare questo nuovo concetto per proporsi al pubblico. Per presentarli al meglio, <strong>TOKS Records<\/strong> ha preparato una festa in musica, in programma <strong>domenica 5 novembre<\/strong> nello spazio della <strong>Pescheria Vecchia<\/strong> di <strong>Marano Lagunare<\/strong>. L\u2019appuntamento va a recuperare quello originariamente previsto per il giorno 21 settembre, rinviato a causa delle avverse condizioni meteorologiche. Un\u2019intera giornata di musica a <strong>ingresso libero<\/strong>, a partire dalle <strong>11<\/strong> del mattino con il dj set di Dj set di <strong>Mr. Winston Douglas\/GeL<\/strong> e fino alle <strong>20<\/strong>, nella quale si alterneranno sul palco <strong>dieci proposte<\/strong>: la band funky\/soul dei <strong>The Mad Scramble<\/strong> (realt\u00e0 navigata del contesto funky nazionale che gi\u00e0 nel che nel 2014 apr\u00ec a Udine uno degli ultimi concerti della star Johnny Winter prima della sua scomparsa), il gruppo alternative rock dei <strong>Lefter<\/strong>, il punk rock dei <strong>Commando<\/strong>, il gruppo indie <strong>Paz Manera<\/strong>, il brit rock dei <strong>Reveers<\/strong>, il sound rock pop italiano di <strong>Gi\u00f2<\/strong>, la calda voce soul di <strong>Rose<\/strong>, il country dei <strong>Blue Cash<\/strong> e in chiusura il gruppo rock\/blues degli <strong>High Jackers<\/strong>, che per l\u2019occasione presenteranno anche il loro nuovo disco dal titolo \u201cThe Bomb\u201d, in uscita proprio il 5 novembre.<\/p>\n<p>La giornata sar\u00e0 anche <strong>trasmessa in streaming via satellite<\/strong> sul portale <strong>toks.world<\/strong>, il sito che ospita il social network realizzato dall\u2019etichetta, che unisce e fa interagire, in maniera innovativa e con attenzione al business, il mondo della musica e dell\u2019arte in tutte le sue forme. Il progetto nasce da un\u2019idea di <strong>Stefano Taboga<\/strong>, cantante e produttore musicale friulano; l\u2019obiettivo \u00e8 creare nel giro di breve tempo una rete ampia di pezzi, \u201ctocs\u201d in lingua friulana appunto, rappresentati da artisti, locali e appassionati, che da ora potranno contare su un mezzo per connettersi in maniera veloce e funzionale.<\/p>\n","protected":false},"excerpt":{"rendered":"<p>Domenica la presentazione a Marano<\/p>\n","protected":false},"author":28,"featured_media":24437,"comment_status":"closed","ping_status":"closed","sticky":false,"template":"","format":"standard","meta":{"dwc-title":[],"dwc-content":[],"footnotes":""},"categories":[37],"tags":[],"class_list":["post-24436","post","type-post","status-publish","format-standard","has-post-thumbnail","hentry","category-cultura-e-spettacolo"],"rttpg_featured_image_url":{"full":["https:\/\/imagazine.it\/wp-content\/uploads\/2024\/01\/22063-1.webp",750,461,false],"landscape":["https:\/\/imagazine.it\/wp-content\/uploads\/2024\/01\/22063-1.webp",750,461,false],"portraits":["https:\/\/imagazine.it\/wp-content\/uploads\/2024\/01\/22063-1.webp",750,461,false],"thumbnail":["https:\/\/imagazine.it\/wp-content\/uploads\/2024\/01\/22063-1-150x150.webp",150,150,true],"medium":["https:\/\/imagazine.it\/wp-content\/uploads\/2024\/01\/22063-1-300x184.webp",300,184,true],"large":["https:\/\/imagazine.it\/wp-content\/uploads\/2024\/01\/22063-1.webp",640,393,false],"thumblist":["https:\/\/imagazine.it\/wp-content\/uploads\/2024\/01\/22063-1.webp",300,184,false],"thumbrelated":["https:\/\/imagazine.it\/wp-content\/uploads\/2024\/01\/22063-1.webp",500,307,false],"meccarouselthumb":["https:\/\/imagazine.it\/wp-content\/uploads\/2024\/01\/22063-1.webp",474,291,false],"gridsquare":["https:\/\/imagazine.it\/wp-content\/uploads\/2024\/01\/22063-1.webp",391,240,false],"tileview":["https:\/\/imagazine.it\/wp-content\/uploads\/2024\/01\/22063-1.webp",300,184,false],"1536x1536":["https:\/\/imagazine.it\/wp-content\/uploads\/2024\/01\/22063-1.webp",750,461,false],"2048x2048":["https:\/\/imagazine.it\/wp-content\/uploads\/2024\/01\/22063-1.webp",750,461,false],"newsup-slider-full":["https:\/\/imagazine.it\/wp-content\/uploads\/2024\/01\/22063-1.webp",750,461,false],"newsup-featured":["https:\/\/imagazine.it\/wp-content\/uploads\/2024\/01\/22063-1.webp",750,461,false],"newsup-medium":["https:\/\/imagazine.it\/wp-content\/uploads\/2024\/01\/22063-1-720x380.webp",720,380,true],"tptn_thumbnail":["https:\/\/imagazine.it\/wp-content\/uploads\/2024\/01\/22063-1.webp",250,154,false],"sow-carousel-default":["https:\/\/imagazine.it\/wp-content\/uploads\/2024\/01\/22063-1-272x182.webp",272,182,true]},"rttpg_author":{"display_name":"redazione","author_link":"https:\/\/imagazine.it\/home_desk\/author\/redazione\/"},"rttpg_comment":0,"rttpg_category":"<a href=\"https:\/\/imagazine.it\/home_desk\/category\/cultura-e-spettacolo\/\" rel=\"category tag\">CULTURA&amp;SPETTACOLO<\/a>","rttpg_excerpt":"Domenica la presentazione a Marano","_links":{"self":[{"href":"https:\/\/imagazine.it\/home_desk\/wp-json\/wp\/v2\/posts\/24436","targetHints":{"allow":["GET"]}}],"collection":[{"href":"https:\/\/imagazine.it\/home_desk\/wp-json\/wp\/v2\/posts"}],"about":[{"href":"https:\/\/imagazine.it\/home_desk\/wp-json\/wp\/v2\/types\/post"}],"author":[{"embeddable":true,"href":"https:\/\/imagazine.it\/home_desk\/wp-json\/wp\/v2\/users\/28"}],"replies":[{"embeddable":true,"href":"https:\/\/imagazine.it\/home_desk\/wp-json\/wp\/v2\/comments?post=24436"}],"version-history":[{"count":0,"href":"https:\/\/imagazine.it\/home_desk\/wp-json\/wp\/v2\/posts\/24436\/revisions"}],"wp:featuredmedia":[{"embeddable":true,"href":"https:\/\/imagazine.it\/home_desk\/wp-json\/wp\/v2\/media\/24437"}],"wp:attachment":[{"href":"https:\/\/imagazine.it\/home_desk\/wp-json\/wp\/v2\/media?parent=24436"}],"wp:term":[{"taxonomy":"category","embeddable":true,"href":"https:\/\/imagazine.it\/home_desk\/wp-json\/wp\/v2\/categories?post=24436"},{"taxonomy":"post_tag","embeddable":true,"href":"https:\/\/imagazine.it\/home_desk\/wp-json\/wp\/v2\/tags?post=24436"}],"curies":[{"name":"wp","href":"https:\/\/api.w.org\/{rel}","templated":true}]}}