{"id":24340,"date":"2017-10-17T00:00:00","date_gmt":"2017-10-16T23:00:00","guid":{"rendered":"https:\/\/imagazine.it\/?p=24340"},"modified":"2017-10-17T00:00:00","modified_gmt":"2017-10-16T23:00:00","slug":"pordenone-crocevia-di-spiritualita","status":"publish","type":"post","link":"https:\/\/imagazine.it\/home_desk\/pordenone-crocevia-di-spiritualita\/","title":{"rendered":"Pordenone crocevia di spiritualit\u00e0"},"content":{"rendered":"<p>Dodici concerti, tre grandi mostre sul territorio, una giornata di studio sui temi della pace e cinque mostre per le scuole regionali, affidate a talentose illustratrici: <strong>fino al 16 dicembre <\/strong>\u00e8 di scena la <strong>XXVI edizione del Festival Internazionale di Musica Sacra promosso da PeC, Presenza e Cultura, con la Regione Friuli Venezia Giulia,<\/strong> per la direzione artistica di <strong>Franco Calabretto<\/strong> e di <strong>Eddi De Nadai<\/strong>.<\/p>\n<p>Il Festival, che si apre <strong>sabato 21 ottobre <\/strong>nell\u2019Auditorium Concordia di Pordenone (ore 20.45), far\u00e0 della citt\u00e0 un crocevia di spiritualit\u00e0, di culture e di religioni attraverso la musica, l\u2019arte, l\u2019illustrazione: \u00abUn \u2018unicum\u2019 sulla scena di nordest <strong>\u2013 <\/strong>spiega il fondatore di Presenza e Cultura,<strong> don Luciano Padovese \u2013 <\/strong>per la proposta concertistica internazionale legata alle migliori produzioni <strong>di Musica Sacra<\/strong>, espressione delle pi\u00f9 varie religioni del mondo, antiche e contemporanee\u00bb.<\/p>\n<p>A inaugurare il cartellone, che da quest\u2019anno propone incursioni in nuove location del Friuli e del Veneto orientale, sar\u00e0 la performance della<strong> Confraternita SUFI Alb \u2013 Rifai<\/strong>: per uno sguardo \u201caltro\u201d sull\u2019Islam, un diverso approccio all\u2019ascesi testimoniato attraverso i <strong>\u201cCanti e Danze Cerimoniali del sufismo<\/strong>\u201d che andranno in scena a Pordenone.<\/p>\n<p>\u00abL\u2019attualit\u00e0 del <strong>tema legato ai \u201cDialoghi di pace\u201d resta drammaticamente centrale<\/strong> \u2013 precisa <strong>Padovese <\/strong>\u2013 e si alimenter\u00e0 con la giornata di studi curata dall\u2019UTE intorno a <strong>La Via della Pace, luned\u00ec 13 novembre,<\/strong> preceduta, domenica sera, dal <strong>concerto nel Duomo Concattedrale San Marco di Pordenone<\/strong>. Valore aggiunto per il Festival saranno i <strong>concerti a carattere interetnico organizzati nel Centro di Accoglienza Casa Madonna Pellegrina di Pordenone<\/strong> con il coinvolgimento delle comunit\u00e0 straniere presenti in citt\u00e0, in sinergia con la <strong>Fondazione Buon Samaritano<\/strong>\u00bb.<\/p>\n<p>Seguendo il filo rosso del cartellone troviamo ancora, <strong>venerd\u00ec 27 ottobre<\/strong> nel Duomo di San Marco, la \u201c<strong>Misa Criolla<\/strong>\u201d dedicata a due suore tedesche Elisabeth e Regina Bruckner, che aiutarono i prigionieri di un campo di concentramento portando loro del cibo. In scena l\u2019<strong>Intende Voci Chorus <\/strong>con<strong> l\u2019Ensemble I Giambellindios<\/strong>, per la direzione di<strong> Mirko Guadagnini: <\/strong>un concerto nel quale i ritmi popolari latino-americano si fonderanno ai temi della messa cattolica.\u00a0 <strong>Venerd\u00ec 3 novembre debutter\u00e0 <\/strong><strong>la produzione commissionata dal festival<\/strong> a un giovane compositore goriziano, <strong>Federico Gon<\/strong>: l\u2019Ottetto Sloveno, integrato da organo e sax, si esibir\u00e0 in un programma multiforme, dalla prima <strong>esecuzione assoluta di \u201cElegia\u201d, tratta da Rilke<\/strong>, alla \u201cMissa pro Pace\u201d di \u010copi.<\/p>\n<p>Parla di pace, venerd\u00ec 24 novembre nel Duomo San Marco, anche <strong>il concerto che presenta i Canti della Liturgia in rito armeno<\/strong>, nato dalla collaborazione con il Centro Studi e Documentazione della Cultura Armena di Venezia. <strong>L\u2019ensemble vocale Edesse sar\u00e0 integrato dal <em>\u201cduduk\u201d,<\/em><\/strong> strumento a fiato antichissimo, divenuto simbolo e <em>voce<\/em> dell\u2019identit\u00e0 nazionale armena.<\/p>\n<p>Completano il cartellone musicale gli eventi che porteranno il festival nel Friuli e Veneto orientale: il concerto d\u2019organo, nel Duomo di Sacile, con un programma ricchissimo eseguito da <strong>Elisabeth Zawadke,<\/strong> docente nella <em>Musikhochschule<\/em> di Lucerna. Sar\u00e0 <strong>itinerante <\/strong>\u2013<strong> \u00a0a Cividale il 3 dicembre, a Barcis il 10 e a Portogruaro il 16 dicembre<\/strong> \u2013 il progetto affidato a tre giovani musicisti del Conservatorio di Udine: <strong>Cristina Del Tin soprano, Liliia Kolosova mezzosoprano e Daniele Russo pianoforte. <\/strong>Si spazier\u00e0 dai canti tradizionali natalizi in una trascrizione d\u2019autore \u2013 una dedica a Marco Sofianopulo \u2013 alla lirica da Camera su testi sacri dei pi\u00f9 rappresentativi compositori italiani del primo Novecento. <strong>E spiccano ancora le esperienze musicali interetniche con il coinvolgimento di immigrati nel territorio:<\/strong> nella Casa di Accoglienza della Madonna Pellegrina di Pordenone sabato 18 novembre <strong><em>Christian Music for Peace<\/em><\/strong>, con il<strong> Gruppo Effata Franciscan Band<\/strong>;\u00a0 venerd\u00ec 24 e venerd\u00ec primo dicembre di scena l\u2019ultimo spettacolo della Scuola Sperimentale dell\u2019Attore \/L\u2019Arlecchino Errante,<strong> \u201cImmigrant song\u201d; <\/strong>e domenica 10 dicembre riflettori sulle \u201c<strong>Live sessions\u201d di musicisti a carattere interetnico<\/strong>, per favorire l\u2019incontro, la reciproca conoscenza, lo scambio di esperienze. Saranno coinvolte le comunit\u00e0 straniere a Pordenone, in particolare, ghanesi, magrebini, rumeni, albanesi.<\/p>\n<p>Dialoghi di pace anche sul piano artistico-espositivo, attraverso tre mostre che esplorano la spiritualit\u00e0 con diverso approccio: chiude domenica 22 ottobre la mostra \u201c<strong>Luigi Molinis. indagare l&#39;anima<\/strong>\u201d, visitabile nel Castello di San Vito al Tagliamento; e il 28 ottobre si congeda un\u2019altra mostra inaugurata a preludio del festival, \u201c<strong>Tonino Cragnolini: la storia denudata<\/strong>\u201d, realizzata in collaborazione con l&#39;Associazione Aldo Moro di Cordenons; dal 28 ottobre al 17 dicembre, nell\u2019Abbazia di Santa Maria in Sylvis di Sesto al Reghena sar\u00e0 visitabile la mostra dedicata a \u201c<strong>Bruno Fadel. Diari della sopraffazione<\/strong>\u201d, legata alla meditazione sul tema dell\u2019Olocausto.<\/p>\n<p>E dal 6 novembre al 30 dicembre, nelle scuole dell\u2019Infanzia del territorio i Dialoghi di Pace si incrociano all\u2019animazione espressiva e all\u2019illustrazione per i pi\u00f9 piccoli attraverso laboratori e incontri affidati alle cinque illustratrici <strong>Marta Lorenzon, Glenda Sburelin, Paola Franceschini, Federica Pagnucco, Alessandra Cimatoribus.<\/strong> I risultati di queste attivit\u00e0 si tradurranno in percorsi espositivi aperti al pubblico.<\/p>\n<p>Alla presentazione della <strong>XXVI <\/strong>edizione del <strong>Festival Internazionale di Musica Sacra<\/strong> sono intervenuti il presidente di Presenza e Cultura-PeC <strong>don<\/strong> <strong>Luciano Padovese<\/strong>, la presidente del Centro Iniziative Culturali di Pordenone-CICP <strong>Maria Francesca Vassallo<\/strong>, i direttori artistici del Festival <strong>Fr<\/strong><strong>anco Calabretto<\/strong> ed <strong>Eddi De Nadai<\/strong>, i curatori dei percorsi espositivi <strong>Giancarlo Pauletto<\/strong> e <strong>Silvia Pignat<\/strong>.<\/p>\n<p>Sostengono e collaborano al Festival <strong>Fondazione Friuli, BCC Pordenonese, Diocesi Concordia Pordenone,<\/strong> <strong>Fondazione Buon Samaritano, Comune di Pordenone<\/strong>.<\/p>\n<p>\u00a0<\/p>\n<p>\u00a0<\/p>\n<p><strong>Calendario:<\/strong><\/p>\n<p>Sabato 21 ottobre, <strong>Alb \u2013 Rifai, <\/strong>Auditorium Concordia Pordenone<\/p>\n<p>Venerd\u00ec 27 ottobre, <strong>Misa Criolla, <\/strong>Duomo Concattedrale San Marco Pordenone<\/p>\n<p>Sabato 28 ottobre, <strong>Bruno Fadel. Diari della sofferenza,<\/strong> Abbazia Santa Maria in Sylvis di Sesto al Reghena<\/p>\n<p>Venerd\u00ec 3 novembre, <strong>Slovenski Oktet, <\/strong>Duomo Concattedrale San Marco Pordenone<\/p>\n<p>Domenica 12 novembre, <strong>La Via Della Pace, <\/strong>Duomo Concattedrale San Marco Pordenone<\/p>\n<p>Luned\u00ec 6 novembre, <strong>Glenda Sburelin,<\/strong> Scuola Primaria Enrico Fermi\u00a0 dell\u2019Istituto Comprensivo G. Cadelli di Roveredo in Piano<\/p>\n<p>Mercoled\u00ec 8 novembre, <strong>Paola Franceschini,<\/strong> Scuola dell\u2019Infanzia San Giuseppe di Prata di Pordenone<\/p>\n<p>Gioved\u00ec 9 novembre, <strong>Federica Pagnucco,<\/strong> Scuola dell\u2019Infanzia di Palse dell\u2019Istituto Comprensivo Jacopo di Porcia<\/p>\n<p>Venerd\u00ec 10 novembre, <strong>Alessandra Cimatoribus,<\/strong> Scuola dell\u2019Infanzia Paritaria F. Favetti di Castions di Zoppola<\/p>\n<p>Luned\u00ec 13 novembre, <strong>La Via Della Pace, <\/strong>Universit\u00e0 della terza Et\u00e0 di Pordenone<\/p>\n<p>Sabato 18 novembre, <strong>Gruppo Effet\u00e0 Franciscan Band,<\/strong> Casa Madonna Pellegrina Pordenone<\/p>\n<p>Domenica 19 novembre<strong>, <\/strong><strong>Elisabeth Zawadke <\/strong>&#8211; Luzern Hochschule Musik, organo Duomo di San Nicol\u00f2 Vescovo Sacile<\/p>\n<p>Venerd\u00ec 24 novembre, <strong>Edesse<\/strong> <strong>Ensemble, <\/strong>Duomo Concattedrale San Marco Pordenone<\/p>\n<p>Venerd\u00ec 24 novembre, <strong>Immigrant song,<\/strong> Casa Madonna Pellegrina Pordenone<\/p>\n<p>Sabato 25 novembre, <strong>Marta Lorenzon,<\/strong> Villa Frova, Comune di Caneva<\/p>\n<p>Venerd\u00ec 1 dicembre, <strong>Immigrant song,<\/strong> Casa Madonna Pellegrina Pordenone<\/p>\n<p>Domenica 3 dicembre, <strong>Liriche spirituali del Novecento Italiano, <\/strong>\u00a0Museo Archeologico Nazionale, Cividale<\/p>\n<p>Domenica 10 dicembre, <strong>Liriche spirituali del Novecento Italiano<\/strong>, Chiesa San Giovanni Battista, Barcis<\/p>\n<p>Domenica 10 dicembre, <strong>Canti di pace nel mondo,<\/strong> Casa Madonna Pellegrina Pordenone<\/p>\n<p>Sabato 16 dicembre, <strong>Liriche spirituali del Novecento Italiano,<\/strong> Fondazione Santa Cecilia Portogruaro<\/p>\n","protected":false},"excerpt":{"rendered":"<p>Dal 21 ottobre al 16 dicembre<\/p>\n","protected":false},"author":28,"featured_media":24341,"comment_status":"closed","ping_status":"closed","sticky":false,"template":"","format":"standard","meta":{"dwc-title":[],"dwc-content":[],"footnotes":""},"categories":[37],"tags":[],"class_list":["post-24340","post","type-post","status-publish","format-standard","has-post-thumbnail","hentry","category-cultura-e-spettacolo"],"rttpg_featured_image_url":{"full":["https:\/\/imagazine.it\/wp-content\/uploads\/2024\/01\/21877-1.webp",750,500,false],"landscape":["https:\/\/imagazine.it\/wp-content\/uploads\/2024\/01\/21877-1.webp",750,500,false],"portraits":["https:\/\/imagazine.it\/wp-content\/uploads\/2024\/01\/21877-1.webp",750,500,false],"thumbnail":["https:\/\/imagazine.it\/wp-content\/uploads\/2024\/01\/21877-1-150x150.webp",150,150,true],"medium":["https:\/\/imagazine.it\/wp-content\/uploads\/2024\/01\/21877-1-300x200.webp",300,200,true],"large":["https:\/\/imagazine.it\/wp-content\/uploads\/2024\/01\/21877-1.webp",640,427,false],"thumblist":["https:\/\/imagazine.it\/wp-content\/uploads\/2024\/01\/21877-1.webp",300,200,false],"thumbrelated":["https:\/\/imagazine.it\/wp-content\/uploads\/2024\/01\/21877-1.webp",500,333,false],"meccarouselthumb":["https:\/\/imagazine.it\/wp-content\/uploads\/2024\/01\/21877-1.webp",474,316,false],"gridsquare":["https:\/\/imagazine.it\/wp-content\/uploads\/2024\/01\/21877-1.webp",391,260,false],"tileview":["https:\/\/imagazine.it\/wp-content\/uploads\/2024\/01\/21877-1.webp",300,200,false],"1536x1536":["https:\/\/imagazine.it\/wp-content\/uploads\/2024\/01\/21877-1.webp",750,500,false],"2048x2048":["https:\/\/imagazine.it\/wp-content\/uploads\/2024\/01\/21877-1.webp",750,500,false],"newsup-slider-full":["https:\/\/imagazine.it\/wp-content\/uploads\/2024\/01\/21877-1.webp",750,500,false],"newsup-featured":["https:\/\/imagazine.it\/wp-content\/uploads\/2024\/01\/21877-1.webp",750,500,false],"newsup-medium":["https:\/\/imagazine.it\/wp-content\/uploads\/2024\/01\/21877-1-720x380.webp",720,380,true],"tptn_thumbnail":["https:\/\/imagazine.it\/wp-content\/uploads\/2024\/01\/21877-1.webp",250,167,false],"sow-carousel-default":["https:\/\/imagazine.it\/wp-content\/uploads\/2024\/01\/21877-1-272x182.webp",272,182,true]},"rttpg_author":{"display_name":"redazione","author_link":"https:\/\/imagazine.it\/home_desk\/author\/redazione\/"},"rttpg_comment":0,"rttpg_category":"<a href=\"https:\/\/imagazine.it\/home_desk\/category\/cultura-e-spettacolo\/\" rel=\"category tag\">CULTURA&amp;SPETTACOLO<\/a>","rttpg_excerpt":"Dal 21 ottobre al 16 dicembre","_links":{"self":[{"href":"https:\/\/imagazine.it\/home_desk\/wp-json\/wp\/v2\/posts\/24340","targetHints":{"allow":["GET"]}}],"collection":[{"href":"https:\/\/imagazine.it\/home_desk\/wp-json\/wp\/v2\/posts"}],"about":[{"href":"https:\/\/imagazine.it\/home_desk\/wp-json\/wp\/v2\/types\/post"}],"author":[{"embeddable":true,"href":"https:\/\/imagazine.it\/home_desk\/wp-json\/wp\/v2\/users\/28"}],"replies":[{"embeddable":true,"href":"https:\/\/imagazine.it\/home_desk\/wp-json\/wp\/v2\/comments?post=24340"}],"version-history":[{"count":0,"href":"https:\/\/imagazine.it\/home_desk\/wp-json\/wp\/v2\/posts\/24340\/revisions"}],"wp:featuredmedia":[{"embeddable":true,"href":"https:\/\/imagazine.it\/home_desk\/wp-json\/wp\/v2\/media\/24341"}],"wp:attachment":[{"href":"https:\/\/imagazine.it\/home_desk\/wp-json\/wp\/v2\/media?parent=24340"}],"wp:term":[{"taxonomy":"category","embeddable":true,"href":"https:\/\/imagazine.it\/home_desk\/wp-json\/wp\/v2\/categories?post=24340"},{"taxonomy":"post_tag","embeddable":true,"href":"https:\/\/imagazine.it\/home_desk\/wp-json\/wp\/v2\/tags?post=24340"}],"curies":[{"name":"wp","href":"https:\/\/api.w.org\/{rel}","templated":true}]}}