{"id":24328,"date":"2017-10-16T00:00:00","date_gmt":"2017-10-15T23:00:00","guid":{"rendered":"https:\/\/imagazine.it\/?p=24328"},"modified":"2017-10-16T00:00:00","modified_gmt":"2017-10-15T23:00:00","slug":"parma-la-messa-in-marilenghe-strega-gli-studenti-universitari","status":"publish","type":"post","link":"https:\/\/imagazine.it\/home_desk\/parma-la-messa-in-marilenghe-strega-gli-studenti-universitari\/","title":{"rendered":"Parma, la messa in marilenghe strega gli studenti universitari"},"content":{"rendered":"<p>Continua il <strong>Missus Tour <\/strong>del docufilm di <strong>Massimo Garlatti-Costa<\/strong> \u201c<strong>Missus<\/strong>\u201d (<a href=\"http:\/\/www.missusfilm.com\/\" target=\"_blank\" rel=\"noopener\">www.missusfilm.com<\/a>) che racconta le battaglie dei preti di <em>Glesie Furlane<\/em> per la Messa in lingua friulana: ultima tappa in ordine di tempo l&#39;Universit\u00e0 di Parma, all&#39;interno del corso di linguistica tenuto dal professore <strong>Davide Astori<\/strong>.<\/p>\n<p>\u201cHo voluto inserire il documentario <em>Missus<\/em> all&#39;interno del mio corso di linguistica perch\u00e8 \u00e8 straordinariamente interessante non solo dal punto di vista culturale pi\u00f9 generale, ma perch\u00e8, come confermano le reazioni dei miei studenti al termine della visione, aiuta a comprendere numerosi aspetti socio-linguistici, meravigliosamente presentati dal regista Massimo Garlatti-Costa\u201d ha sottolineato il docente dopo la proiezione.<\/p>\n<p>Molto soddisfatto anche <strong>pre Roberto Bertossi<\/strong>, presidente di <em>Glesie Furlane<\/em>, presente a Parma col segretario <strong>Christian Romanini<\/strong> e il regista Garlatti-Costa. \u201c\u00c8 stato emozionante rivedere 40 anni di battaglie illuminare i volti degli studenti\u201d ha commentato Bertossi.<\/p>\n<p>Il <em>Missus Tour<\/em> \u00e8 iniziato quest&#39;estate grazie all\u2019associazione <strong>LeM Italia <\/strong>(lingue del Mediterraneo) e alle <strong>Universit\u00e0 di Teramo e Universit\u00e0 \u201cFederico II\u201d di Napoli<\/strong>, che hanno gi\u00e0 portato il film nelle <strong>comunit\u00e0 di lingua minoritaria del Sud Italia <\/strong>(grica del Salento, arberesche di Calabria e Sicilia e francoprovenzale di Puglia in collaborazione con l&#39;<strong>Universit\u00e0 francofona dell&#39;Italia del Sud<\/strong>).<\/p>\n<p>A novembre sar\u00e0 in <strong>Trentino-Alto Adige<\/strong> ospite delle comunit\u00e0 linguistiche ladine di Trento e Val di Fassa e di quella tedesca del Sud Tirolo.<\/p>\n<p>Il film proseguir\u00e0 il suo tour presso le comunit\u00e0 occitane del Piemonte, la comunit\u00e0 slovena in FVG e quindi sar\u00e0 proiettato anche in Sardegna.<\/p>\n<p>Il <strong><em>Missus Tour<\/em> <\/strong>si concluder\u00e0 in <strong>Friuli <\/strong>nel periodo dell\u2019Avvento, quando si canta il <em>Missus<\/em>, tipico rito friulano, nella <strong>prima met\u00e0 di <\/strong><strong>dicembre riportando \u201ca casa\u201d <\/strong>il film.<\/p>\n<p>Il documentario, finanziato anche dall&#39;Agjenzie Regjon\u00e2l pe Lenghe Furlane e dal Fondo Regionale per l&#39;Audiovisivo del FVG, \u00e8 sottotitolato sia in italiano sia in inglese per facilitarne la diffusione in un circuito nazionale ed internazionale.<\/p>\n<p>\u00a0<\/p>\n","protected":false},"excerpt":{"rendered":"<p>Nuova tappa del &#8220;Missus Tour&#8221;<\/p>\n","protected":false},"author":28,"featured_media":24329,"comment_status":"closed","ping_status":"closed","sticky":false,"template":"","format":"standard","meta":{"dwc-title":[],"dwc-content":[],"footnotes":""},"categories":[37],"tags":[],"class_list":["post-24328","post","type-post","status-publish","format-standard","has-post-thumbnail","hentry","category-cultura-e-spettacolo"],"rttpg_featured_image_url":{"full":["https:\/\/imagazine.it\/wp-content\/uploads\/2024\/01\/21859-1.webp",750,500,false],"landscape":["https:\/\/imagazine.it\/wp-content\/uploads\/2024\/01\/21859-1.webp",750,500,false],"portraits":["https:\/\/imagazine.it\/wp-content\/uploads\/2024\/01\/21859-1.webp",750,500,false],"thumbnail":["https:\/\/imagazine.it\/wp-content\/uploads\/2024\/01\/21859-1-150x150.webp",150,150,true],"medium":["https:\/\/imagazine.it\/wp-content\/uploads\/2024\/01\/21859-1-300x200.webp",300,200,true],"large":["https:\/\/imagazine.it\/wp-content\/uploads\/2024\/01\/21859-1.webp",640,427,false],"thumblist":["https:\/\/imagazine.it\/wp-content\/uploads\/2024\/01\/21859-1.webp",300,200,false],"thumbrelated":["https:\/\/imagazine.it\/wp-content\/uploads\/2024\/01\/21859-1.webp",500,333,false],"meccarouselthumb":["https:\/\/imagazine.it\/wp-content\/uploads\/2024\/01\/21859-1.webp",474,316,false],"gridsquare":["https:\/\/imagazine.it\/wp-content\/uploads\/2024\/01\/21859-1.webp",391,260,false],"tileview":["https:\/\/imagazine.it\/wp-content\/uploads\/2024\/01\/21859-1.webp",300,200,false],"1536x1536":["https:\/\/imagazine.it\/wp-content\/uploads\/2024\/01\/21859-1.webp",750,500,false],"2048x2048":["https:\/\/imagazine.it\/wp-content\/uploads\/2024\/01\/21859-1.webp",750,500,false],"newsup-slider-full":["https:\/\/imagazine.it\/wp-content\/uploads\/2024\/01\/21859-1.webp",750,500,false],"newsup-featured":["https:\/\/imagazine.it\/wp-content\/uploads\/2024\/01\/21859-1.webp",750,500,false],"newsup-medium":["https:\/\/imagazine.it\/wp-content\/uploads\/2024\/01\/21859-1-720x380.webp",720,380,true],"tptn_thumbnail":["https:\/\/imagazine.it\/wp-content\/uploads\/2024\/01\/21859-1.webp",250,167,false],"sow-carousel-default":["https:\/\/imagazine.it\/wp-content\/uploads\/2024\/01\/21859-1-272x182.webp",272,182,true]},"rttpg_author":{"display_name":"redazione","author_link":"https:\/\/imagazine.it\/home_desk\/author\/redazione\/"},"rttpg_comment":0,"rttpg_category":"<a href=\"https:\/\/imagazine.it\/home_desk\/category\/cultura-e-spettacolo\/\" rel=\"category tag\">CULTURA&amp;SPETTACOLO<\/a>","rttpg_excerpt":"Nuova tappa del \"Missus Tour\"","_links":{"self":[{"href":"https:\/\/imagazine.it\/home_desk\/wp-json\/wp\/v2\/posts\/24328","targetHints":{"allow":["GET"]}}],"collection":[{"href":"https:\/\/imagazine.it\/home_desk\/wp-json\/wp\/v2\/posts"}],"about":[{"href":"https:\/\/imagazine.it\/home_desk\/wp-json\/wp\/v2\/types\/post"}],"author":[{"embeddable":true,"href":"https:\/\/imagazine.it\/home_desk\/wp-json\/wp\/v2\/users\/28"}],"replies":[{"embeddable":true,"href":"https:\/\/imagazine.it\/home_desk\/wp-json\/wp\/v2\/comments?post=24328"}],"version-history":[{"count":0,"href":"https:\/\/imagazine.it\/home_desk\/wp-json\/wp\/v2\/posts\/24328\/revisions"}],"wp:featuredmedia":[{"embeddable":true,"href":"https:\/\/imagazine.it\/home_desk\/wp-json\/wp\/v2\/media\/24329"}],"wp:attachment":[{"href":"https:\/\/imagazine.it\/home_desk\/wp-json\/wp\/v2\/media?parent=24328"}],"wp:term":[{"taxonomy":"category","embeddable":true,"href":"https:\/\/imagazine.it\/home_desk\/wp-json\/wp\/v2\/categories?post=24328"},{"taxonomy":"post_tag","embeddable":true,"href":"https:\/\/imagazine.it\/home_desk\/wp-json\/wp\/v2\/tags?post=24328"}],"curies":[{"name":"wp","href":"https:\/\/api.w.org\/{rel}","templated":true}]}}