{"id":24202,"date":"2017-09-25T00:00:00","date_gmt":"2017-09-24T23:00:00","guid":{"rendered":"https:\/\/imagazine.it\/?p=24202"},"modified":"2017-09-25T00:00:00","modified_gmt":"2017-09-24T23:00:00","slug":"a-cividale-un-festival-dedicato-ai-100-anni-dello-stato-finlandese","status":"publish","type":"post","link":"https:\/\/imagazine.it\/home_desk\/a-cividale-un-festival-dedicato-ai-100-anni-dello-stato-finlandese\/","title":{"rendered":"A Cividale un festival dedicato ai 100 anni dello Stato Finlandese"},"content":{"rendered":"<p>L&#39;Associazione Gaggia di Cividale dedica il tradizionale festival autunnale ai 100 anni dello Stato finlandese. In programma concerti, mostre, approfondimenti culturali e una speciale cena finlandese a base di specialit\u00e0 nordiche.<\/p>\n<p>Dal 5 al 19 ottobre, la citt\u00e0 ducale render\u00e0 omaggio alla Finlandia, alle sue tradizioni, ai sapori e alla cultura. \u00abGli eventi \u2013 spiega il presidente della Gaggia, <strong>Andrea Rucli<\/strong> \u2013 si presentano complessivamente come l&#39;ultima tappa di un trittico, dedicato alla cultura di questo giovane, vivace e organizzatissimo Paese, iniziato nel 2010, quando la Gaggia organizz\u00f2, assieme all&#39;associazione udinese Vicino\/Lontano, il festival <em>Finlandia<\/em>, che coincise con l&#39;ultima edizione di <em>Fuorirotta<\/em>, allora gemella autunnale del Premio Terzani. L&#39;iniziativa fu subito doppiata nel 2011 da un nuovo evento: il festival Kalevala, con all&#39;interno uno storico convegno durante il quale i rappresentanti del \u201cKalevalaseura\u201d (la Societ\u00e0 del Kalevala) celebrarono il primo secolo di vita dell&#39;istituzione. Da qui nacquero pubblicazioni (il bilingue Kalevala, epica, magia, arte e musica \u2013 Bifr\u00f6st editore) e commissioni musicali, (Tuli tuhmaksi rupesi\/Fuoco folle di furore di Silvia Colasanti e Vilu mulle virtt\u00e4 virkkoi\/ Mi diceva versi il freddo di Davide Pitis)\u00bb.<\/p>\n<p>Rucli ricorda che l\u2019ambasciatore italiano a Helsinki definisce la Finlandia un Paese solo apparentemente lontano. \u00ab \u00c8 un&#39;affermazione che condividiamo \u2013 chiarisce Rucli \u2013. Le peculiarit\u00e0 naturalistiche, la scelta decisiva fra regno o Repubblica e la comune convivenza per decenni con la cortina di ferro, sono solo alcuni dei temi che accomunano i due Paesi\u00bb. Saranno proprio questi argomenti a essere declinati in musica tramite tre concerti, il 6 e 7 ottobre, a Villa de Claricini, a Bottenicco, alle 21. Ancora musica di qualit\u00e0, domenica 8 ottobre, a partire dalle 15.30, alla \u201ccasa della poetessa\u201d, a Gramogliano di Corno di Rosazzo. Letture e passeggiate arricchiranno gli eventi. Il 5 ottobre, invece, sar\u00e0 possibile prendere parte a una degustazione di sapori nordici: una cena d&#39;autunno con men\u00f9 finlandese al Circolo Morandini, a Cividale. Venerd\u00ec 6 ottobre, alle 17.30, al Museo Archeologico Nazionale, ci sar\u00e0 la presentazione di una mostra, in 16 \u201cslides\u201d, sul periodo di gestazione del nuovo Stato, a cura dell&#39;ambasciata finlandese in Italia. Venerd\u00ec 13 ottobre, alle 18, nell\u2019ambito della cerimonia d&#39;inaugurazione della nuova sede dell\u2019associazione Gaggia, nell&#39;ex serra del parco pubblico, sar\u00e0 esposta una mostra con immagini del fotografo finlandese<strong> Lassi Rautiainen<\/strong>.<\/p>\n<p>Il festival si concluder\u00e0 il<strong> 19 ottobre, alle 18,<\/strong> con un incontro, nell\u2019ex serra, che vedr\u00e0 protagonista<strong> Lorenzo Pavolini,<\/strong> ideatore e conduttore per Rai Tre di trasmissioni come Wikiradio e Alta voce, pronipote del pi\u00f9 grande studioso italiano di letteratura finlandese, Paolo Emilio, e nipote di Alessandro, gerarca fascista morto assieme a Mussolini. L&#39;incontro \u201cLa torre di Babele del Novecento, Paolo\u00a0 Emilio e Alessandro Pavolini, dalla Carelia a piazzale Loreto\u201d, sar\u00e0 moderato dal giornalista<strong> Paolo Mosanghini<\/strong>.<\/p>\n<p>Tra gli ospiti dell\u2019evento, reso possibile grazie alla partnership con il Chamber Music Festival di Kuhmo, tre tra i migliori musicisti finlandesi: <strong>Senja Rummukainen<\/strong>, <strong>Minna Pensola<\/strong> e <strong>Antti Tikkanen<\/strong>, che suoneranno alcuni strumenti italiani, un violoncello Scarampella e due violini Bergonzi e Stradivari, concessi dalle massime fondazioni del loro Paese.<\/p>\n","protected":false},"excerpt":{"rendered":"<p>Dal 5 al 19 ottobre<\/p>\n","protected":false},"author":28,"featured_media":24203,"comment_status":"closed","ping_status":"closed","sticky":false,"template":"","format":"standard","meta":{"dwc-title":[],"dwc-content":[],"footnotes":""},"categories":[37],"tags":[],"class_list":["post-24202","post","type-post","status-publish","format-standard","has-post-thumbnail","hentry","category-cultura-e-spettacolo"],"rttpg_featured_image_url":{"full":["https:\/\/imagazine.it\/wp-content\/uploads\/2024\/01\/21572-1.webp",750,500,false],"landscape":["https:\/\/imagazine.it\/wp-content\/uploads\/2024\/01\/21572-1.webp",750,500,false],"portraits":["https:\/\/imagazine.it\/wp-content\/uploads\/2024\/01\/21572-1.webp",750,500,false],"thumbnail":["https:\/\/imagazine.it\/wp-content\/uploads\/2024\/01\/21572-1-150x150.webp",150,150,true],"medium":["https:\/\/imagazine.it\/wp-content\/uploads\/2024\/01\/21572-1-300x200.webp",300,200,true],"large":["https:\/\/imagazine.it\/wp-content\/uploads\/2024\/01\/21572-1.webp",640,427,false],"thumblist":["https:\/\/imagazine.it\/wp-content\/uploads\/2024\/01\/21572-1.webp",300,200,false],"thumbrelated":["https:\/\/imagazine.it\/wp-content\/uploads\/2024\/01\/21572-1.webp",500,333,false],"meccarouselthumb":["https:\/\/imagazine.it\/wp-content\/uploads\/2024\/01\/21572-1.webp",474,316,false],"gridsquare":["https:\/\/imagazine.it\/wp-content\/uploads\/2024\/01\/21572-1.webp",391,260,false],"tileview":["https:\/\/imagazine.it\/wp-content\/uploads\/2024\/01\/21572-1.webp",300,200,false],"1536x1536":["https:\/\/imagazine.it\/wp-content\/uploads\/2024\/01\/21572-1.webp",750,500,false],"2048x2048":["https:\/\/imagazine.it\/wp-content\/uploads\/2024\/01\/21572-1.webp",750,500,false],"newsup-slider-full":["https:\/\/imagazine.it\/wp-content\/uploads\/2024\/01\/21572-1.webp",750,500,false],"newsup-featured":["https:\/\/imagazine.it\/wp-content\/uploads\/2024\/01\/21572-1.webp",750,500,false],"newsup-medium":["https:\/\/imagazine.it\/wp-content\/uploads\/2024\/01\/21572-1-720x380.webp",720,380,true],"tptn_thumbnail":["https:\/\/imagazine.it\/wp-content\/uploads\/2024\/01\/21572-1.webp",250,167,false],"sow-carousel-default":["https:\/\/imagazine.it\/wp-content\/uploads\/2024\/01\/21572-1-272x182.webp",272,182,true]},"rttpg_author":{"display_name":"redazione","author_link":"https:\/\/imagazine.it\/home_desk\/author\/redazione\/"},"rttpg_comment":0,"rttpg_category":"<a href=\"https:\/\/imagazine.it\/home_desk\/category\/cultura-e-spettacolo\/\" rel=\"category tag\">CULTURA&amp;SPETTACOLO<\/a>","rttpg_excerpt":"Dal 5 al 19 ottobre","_links":{"self":[{"href":"https:\/\/imagazine.it\/home_desk\/wp-json\/wp\/v2\/posts\/24202","targetHints":{"allow":["GET"]}}],"collection":[{"href":"https:\/\/imagazine.it\/home_desk\/wp-json\/wp\/v2\/posts"}],"about":[{"href":"https:\/\/imagazine.it\/home_desk\/wp-json\/wp\/v2\/types\/post"}],"author":[{"embeddable":true,"href":"https:\/\/imagazine.it\/home_desk\/wp-json\/wp\/v2\/users\/28"}],"replies":[{"embeddable":true,"href":"https:\/\/imagazine.it\/home_desk\/wp-json\/wp\/v2\/comments?post=24202"}],"version-history":[{"count":0,"href":"https:\/\/imagazine.it\/home_desk\/wp-json\/wp\/v2\/posts\/24202\/revisions"}],"wp:featuredmedia":[{"embeddable":true,"href":"https:\/\/imagazine.it\/home_desk\/wp-json\/wp\/v2\/media\/24203"}],"wp:attachment":[{"href":"https:\/\/imagazine.it\/home_desk\/wp-json\/wp\/v2\/media?parent=24202"}],"wp:term":[{"taxonomy":"category","embeddable":true,"href":"https:\/\/imagazine.it\/home_desk\/wp-json\/wp\/v2\/categories?post=24202"},{"taxonomy":"post_tag","embeddable":true,"href":"https:\/\/imagazine.it\/home_desk\/wp-json\/wp\/v2\/tags?post=24202"}],"curies":[{"name":"wp","href":"https:\/\/api.w.org\/{rel}","templated":true}]}}