{"id":24125,"date":"2017-09-14T00:00:00","date_gmt":"2017-09-13T23:00:00","guid":{"rendered":"https:\/\/imagazine.it\/?p=24125"},"modified":"2017-09-14T00:00:00","modified_gmt":"2017-09-13T23:00:00","slug":"partnership-cantieri-in-barcolana-approda-il-gt5-di-elan","status":"publish","type":"post","link":"https:\/\/imagazine.it\/home_desk\/partnership-cantieri-in-barcolana-approda-il-gt5-di-elan\/","title":{"rendered":"Partnership cantieri,  in Barcolana approda il GT5 di Elan"},"content":{"rendered":"<p>Il cantiere sloveno Elan torna in Barcolana. Lo ha annunciato il presidente della Societ\u00e0 Velica di Barcola e Grignano, <strong>Mitja Gialuz<\/strong>, dopo un incontro con il nuovo direttore della <em>Marine Division<\/em> di ELAN, l\u2019americano <strong>John Peterson<\/strong>, e con <strong>Luigi Coretti<\/strong> di Adriaship, distributore italiano del prestigioso marchio nautico.<\/p>\n<p>Elan, che gi\u00e0 in passato aveva realizzato attivit\u00e0 promozionali in Barcolana, sar\u00e0 uno dei cantieri presenti all\u2019evento con l\u2019obiettivo di presentare al pubblico l\u2019ultimo scafo nato dal cantiere sloveno. Si tratta del GT5, il 43 piedi Gran Turismo capostipite della linea di imbarcazioni ELAN dedicata alla crociera, che sar\u00e0 ormeggiato nel Villaggio Barcolana e visitabile dal pubblico.<\/p>\n<p>Elan svolger\u00e0 anche una serie di attivit\u00e0 durante Barcolana dedicate ai potenziali clienti e anche a quanti possiedono gi\u00e0 uno scafo Elan e partecipano alla regata.\u00a0<em>\u201cLa Barcolana<\/em>\u00a0&#8211;\u00a0ha dichiarato<strong> Luigi Coretti <\/strong>di Adriaship\u00a0&#8211;\u00a0<em>\u00e8 senza dubbio la regata con il maggior numero di Elan in mare contemporaneamente, ed \u00e8 per noi l\u2019occasione, oltre che per presentare i nuovi modelli, di dialogare con i nostri armatori e incontrarli in un momento di grande festa\u201d<\/em>.<\/p>\n<p><em>\u201cSiamo particolarmente contenti\u00a0<\/em>&#8211;\u00a0ha sottolineato<strong> Gialuz<\/strong>\u00a0&#8211;\u00a0<em>di accogliere Elan in Barcolana: in questa edizione saremo molto concentrati sull\u2019aspetto cantieristico e sull\u2019attuale e positiva evoluzione del mercato nautico\u201d<\/em>.<\/p>\n<p>Elan e Adriaship incontreranno gli armatori e il pubblico nel proprio stand al Villaggio Barcolana e presenteranno il GT5 in una serie di incontri. Ma la partnership con Elan va oltre alla vela: in palio tra i premi della regata, cinque paia di sci limited edition, brandizzati Barcolana.<\/p>\n","protected":false},"excerpt":{"rendered":"<p>L&#8217;annuncio del presidente Gialuz<\/p>\n","protected":false},"author":28,"featured_media":24126,"comment_status":"closed","ping_status":"closed","sticky":false,"template":"","format":"standard","meta":{"dwc-title":[],"dwc-content":[],"footnotes":""},"categories":[38],"tags":[],"class_list":["post-24125","post","type-post","status-publish","format-standard","has-post-thumbnail","hentry","category-sport"],"rttpg_featured_image_url":{"full":["https:\/\/imagazine.it\/wp-content\/uploads\/2024\/01\/21412-1.webp",750,500,false],"landscape":["https:\/\/imagazine.it\/wp-content\/uploads\/2024\/01\/21412-1.webp",750,500,false],"portraits":["https:\/\/imagazine.it\/wp-content\/uploads\/2024\/01\/21412-1.webp",750,500,false],"thumbnail":["https:\/\/imagazine.it\/wp-content\/uploads\/2024\/01\/21412-1-150x150.webp",150,150,true],"medium":["https:\/\/imagazine.it\/wp-content\/uploads\/2024\/01\/21412-1-300x200.webp",300,200,true],"large":["https:\/\/imagazine.it\/wp-content\/uploads\/2024\/01\/21412-1.webp",640,427,false],"thumblist":["https:\/\/imagazine.it\/wp-content\/uploads\/2024\/01\/21412-1.webp",300,200,false],"thumbrelated":["https:\/\/imagazine.it\/wp-content\/uploads\/2024\/01\/21412-1.webp",500,333,false],"meccarouselthumb":["https:\/\/imagazine.it\/wp-content\/uploads\/2024\/01\/21412-1.webp",474,316,false],"gridsquare":["https:\/\/imagazine.it\/wp-content\/uploads\/2024\/01\/21412-1.webp",391,260,false],"tileview":["https:\/\/imagazine.it\/wp-content\/uploads\/2024\/01\/21412-1.webp",300,200,false],"1536x1536":["https:\/\/imagazine.it\/wp-content\/uploads\/2024\/01\/21412-1.webp",750,500,false],"2048x2048":["https:\/\/imagazine.it\/wp-content\/uploads\/2024\/01\/21412-1.webp",750,500,false],"newsup-slider-full":["https:\/\/imagazine.it\/wp-content\/uploads\/2024\/01\/21412-1.webp",750,500,false],"newsup-featured":["https:\/\/imagazine.it\/wp-content\/uploads\/2024\/01\/21412-1.webp",750,500,false],"newsup-medium":["https:\/\/imagazine.it\/wp-content\/uploads\/2024\/01\/21412-1-720x380.webp",720,380,true],"tptn_thumbnail":["https:\/\/imagazine.it\/wp-content\/uploads\/2024\/01\/21412-1.webp",250,167,false],"sow-carousel-default":["https:\/\/imagazine.it\/wp-content\/uploads\/2024\/01\/21412-1-272x182.webp",272,182,true]},"rttpg_author":{"display_name":"redazione","author_link":"https:\/\/imagazine.it\/home_desk\/author\/redazione\/"},"rttpg_comment":0,"rttpg_category":"<a href=\"https:\/\/imagazine.it\/home_desk\/category\/sport\/\" rel=\"category tag\">SPORT<\/a>","rttpg_excerpt":"L'annuncio del presidente Gialuz","_links":{"self":[{"href":"https:\/\/imagazine.it\/home_desk\/wp-json\/wp\/v2\/posts\/24125","targetHints":{"allow":["GET"]}}],"collection":[{"href":"https:\/\/imagazine.it\/home_desk\/wp-json\/wp\/v2\/posts"}],"about":[{"href":"https:\/\/imagazine.it\/home_desk\/wp-json\/wp\/v2\/types\/post"}],"author":[{"embeddable":true,"href":"https:\/\/imagazine.it\/home_desk\/wp-json\/wp\/v2\/users\/28"}],"replies":[{"embeddable":true,"href":"https:\/\/imagazine.it\/home_desk\/wp-json\/wp\/v2\/comments?post=24125"}],"version-history":[{"count":0,"href":"https:\/\/imagazine.it\/home_desk\/wp-json\/wp\/v2\/posts\/24125\/revisions"}],"wp:featuredmedia":[{"embeddable":true,"href":"https:\/\/imagazine.it\/home_desk\/wp-json\/wp\/v2\/media\/24126"}],"wp:attachment":[{"href":"https:\/\/imagazine.it\/home_desk\/wp-json\/wp\/v2\/media?parent=24125"}],"wp:term":[{"taxonomy":"category","embeddable":true,"href":"https:\/\/imagazine.it\/home_desk\/wp-json\/wp\/v2\/categories?post=24125"},{"taxonomy":"post_tag","embeddable":true,"href":"https:\/\/imagazine.it\/home_desk\/wp-json\/wp\/v2\/tags?post=24125"}],"curies":[{"name":"wp","href":"https:\/\/api.w.org\/{rel}","templated":true}]}}