{"id":24057,"date":"2017-09-08T00:00:00","date_gmt":"2017-09-07T23:00:00","guid":{"rendered":"https:\/\/imagazine.it\/?p=24057"},"modified":"2017-09-08T00:00:00","modified_gmt":"2017-09-07T23:00:00","slug":"un-ponte-di-musica-tra-trieste-e-pechino","status":"publish","type":"post","link":"https:\/\/imagazine.it\/home_desk\/un-ponte-di-musica-tra-trieste-e-pechino\/","title":{"rendered":"Un ponte di musica tra Trieste e Pechino"},"content":{"rendered":"<p>Ci sono tutti i presupposti per costruire \u201c<strong>un ponte di musica\u201d fra Trieste e la Cina<\/strong>: \u00abrinsaldando &#8211; spiega il presidente del Conservatorio Tartini di Trieste,\u00a0<strong>Lorenzo Capaldo<\/strong>\u00a0&#8211; i legami con la nostra citt\u00e0.\u00a0L&#39;auspicio \u00e8 infatti che la musica possa fungere da volano per promuovere ulteriormente l&#39;immagine di Trieste anche alle latitudini\u00a0cinesi\u00bb.<\/p>\n<p>La\u00a0missione scatter\u00e0 sabato 9 settembre, impegnando il presidente Capaldo a <strong>Pechino <\/strong>nel <strong>simposio internazionale organizzato dal <em>China Conservatory of Music<\/em><\/strong>. I lavori del convegno, in programma fino a marted\u00ec 12 settembre, vedranno\u00a0coinvolte alcune delle pi\u00f9 prestigiose istituzioni di alta formazione musicale del mondo, da Sydney a New York, da Boston a Auckland, da Weimar a San Pietroburgo. L&#39;obiettivo \u00e8 quello di\u00a0sottoscrivere l&#39;accordo fondativo di una rete &#8220;globale&#8221; dei migliori conservatori del Mondo, nel contesto della \u201cGlobal Leadership on Higher Music Education\u201d.<\/p>\n<p>Ma\u00a0c\u2019\u00e8 di pi\u00f9: il presidente Capaldo \u00e8 stato invitato anche alla fase ristretta dei lavori del simposio, quella in programma presso la<strong> Grande Sala del Popolo di Pechino, in piazza Tieanmen<\/strong>, il cuore politico del Paese, dove ha sede il Congresso nazionale\u00a0cinese. Sar\u00e0\u00a0<strong>l\u2019occasione per avviare i primi contatti con rappresentanti del governo cinese<\/strong>, in vista della concretizzazione di sinergie sul piano della formazione e didattica musicale, ma anche delle relazioni culturali fra Trieste e la Cina.<\/p>\n<p>La\u00a0<strong>strategia di internazionalizzazione e scambi<\/strong>\u00a0avviata dal Conservatorio Tartini si era consolidata nei mesi scorsi grazie anche alla\u00a0<strong>costituzione del\u00a0<\/strong><strong>CEMAN &#8211; Central European Music\u00a0\u00a0Academies Network<\/strong>, una rete di Accademie unite per il coordinamento delle eccellenze musicali di tutta Europa, della quale proprio il Tartini \u00e8 capofila. Si tratta di uno strumento innovativo per la semplificazione delle modalit\u00e0 di mobilit\u00e0 di docenti e studenti tra le istituzioni e la condivisione di buone pratiche in tema di alta formazione musicale, attivata\u00a0in collaborazione con l\u2019InCE\u00a0(Iniziativa Centro Europea) unitamente alle realt\u00e0 operative in Austria, Bulgaria, Croazia, Italia, Polonia, Repubblica Ceca, Romania, Slovacchia, Slovenia, Ungheria, Albania, Bosnia-Erzegovina, Macedonia, Montenegro, Serbia, Bielorussia, Moldova e Ucraina.<\/p>\n","protected":false},"excerpt":{"rendered":"<p>Al via il simposio internazionale<\/p>\n","protected":false},"author":28,"featured_media":24058,"comment_status":"closed","ping_status":"closed","sticky":false,"template":"","format":"standard","meta":{"dwc-title":[],"dwc-content":[],"footnotes":""},"categories":[5],"tags":[],"class_list":["post-24057","post","type-post","status-publish","format-standard","has-post-thumbnail","hentry","category-attualita"],"rttpg_featured_image_url":{"full":["https:\/\/imagazine.it\/wp-content\/uploads\/2024\/01\/21268-1.webp",750,472,false],"landscape":["https:\/\/imagazine.it\/wp-content\/uploads\/2024\/01\/21268-1.webp",750,472,false],"portraits":["https:\/\/imagazine.it\/wp-content\/uploads\/2024\/01\/21268-1.webp",750,472,false],"thumbnail":["https:\/\/imagazine.it\/wp-content\/uploads\/2024\/01\/21268-1-150x150.webp",150,150,true],"medium":["https:\/\/imagazine.it\/wp-content\/uploads\/2024\/01\/21268-1-300x189.webp",300,189,true],"large":["https:\/\/imagazine.it\/wp-content\/uploads\/2024\/01\/21268-1.webp",640,403,false],"thumblist":["https:\/\/imagazine.it\/wp-content\/uploads\/2024\/01\/21268-1.webp",300,189,false],"thumbrelated":["https:\/\/imagazine.it\/wp-content\/uploads\/2024\/01\/21268-1.webp",500,315,false],"meccarouselthumb":["https:\/\/imagazine.it\/wp-content\/uploads\/2024\/01\/21268-1.webp",474,298,false],"gridsquare":["https:\/\/imagazine.it\/wp-content\/uploads\/2024\/01\/21268-1.webp",391,246,false],"tileview":["https:\/\/imagazine.it\/wp-content\/uploads\/2024\/01\/21268-1.webp",300,189,false],"1536x1536":["https:\/\/imagazine.it\/wp-content\/uploads\/2024\/01\/21268-1.webp",750,472,false],"2048x2048":["https:\/\/imagazine.it\/wp-content\/uploads\/2024\/01\/21268-1.webp",750,472,false],"newsup-slider-full":["https:\/\/imagazine.it\/wp-content\/uploads\/2024\/01\/21268-1.webp",750,472,false],"newsup-featured":["https:\/\/imagazine.it\/wp-content\/uploads\/2024\/01\/21268-1.webp",750,472,false],"newsup-medium":["https:\/\/imagazine.it\/wp-content\/uploads\/2024\/01\/21268-1-720x380.webp",720,380,true],"tptn_thumbnail":["https:\/\/imagazine.it\/wp-content\/uploads\/2024\/01\/21268-1.webp",250,157,false],"sow-carousel-default":["https:\/\/imagazine.it\/wp-content\/uploads\/2024\/01\/21268-1-272x182.webp",272,182,true]},"rttpg_author":{"display_name":"redazione","author_link":"https:\/\/imagazine.it\/home_desk\/author\/redazione\/"},"rttpg_comment":0,"rttpg_category":"<a href=\"https:\/\/imagazine.it\/home_desk\/category\/attualita\/\" rel=\"category tag\">ATTUALIT\u00c0<\/a>","rttpg_excerpt":"Al via il simposio internazionale","_links":{"self":[{"href":"https:\/\/imagazine.it\/home_desk\/wp-json\/wp\/v2\/posts\/24057","targetHints":{"allow":["GET"]}}],"collection":[{"href":"https:\/\/imagazine.it\/home_desk\/wp-json\/wp\/v2\/posts"}],"about":[{"href":"https:\/\/imagazine.it\/home_desk\/wp-json\/wp\/v2\/types\/post"}],"author":[{"embeddable":true,"href":"https:\/\/imagazine.it\/home_desk\/wp-json\/wp\/v2\/users\/28"}],"replies":[{"embeddable":true,"href":"https:\/\/imagazine.it\/home_desk\/wp-json\/wp\/v2\/comments?post=24057"}],"version-history":[{"count":0,"href":"https:\/\/imagazine.it\/home_desk\/wp-json\/wp\/v2\/posts\/24057\/revisions"}],"wp:featuredmedia":[{"embeddable":true,"href":"https:\/\/imagazine.it\/home_desk\/wp-json\/wp\/v2\/media\/24058"}],"wp:attachment":[{"href":"https:\/\/imagazine.it\/home_desk\/wp-json\/wp\/v2\/media?parent=24057"}],"wp:term":[{"taxonomy":"category","embeddable":true,"href":"https:\/\/imagazine.it\/home_desk\/wp-json\/wp\/v2\/categories?post=24057"},{"taxonomy":"post_tag","embeddable":true,"href":"https:\/\/imagazine.it\/home_desk\/wp-json\/wp\/v2\/tags?post=24057"}],"curies":[{"name":"wp","href":"https:\/\/api.w.org\/{rel}","templated":true}]}}