{"id":24037,"date":"2017-09-05T00:00:00","date_gmt":"2017-09-04T23:00:00","guid":{"rendered":"https:\/\/imagazine.it\/?p=24037"},"modified":"2017-09-05T00:00:00","modified_gmt":"2017-09-04T23:00:00","slug":"atletica-leggera-nasce-la-squadra-del-triveneto","status":"publish","type":"post","link":"https:\/\/imagazine.it\/home_desk\/atletica-leggera-nasce-la-squadra-del-triveneto\/","title":{"rendered":"Atletica Leggera, nasce la squadra del Triveneto"},"content":{"rendered":"<p>29 ragazzi e 27 ragazze, 56 atleti in tutto. Per cinque giorni, si sono allenati allo stadio Chiggiato di Caorle, sotto la guida di alcuni tra i tecnici di maggior valore dell\u2019atletica italiana. In molti casi, al loro fianco avevano anche i tecnici personali, perch\u00e9 un\u2019esperienza di questo genere pu\u00f2 arricchire sia l\u2019atleta che il proprio allenatore.<\/p>\n<p>\u00c8 partita cos\u00ec, con un raduno collegiale di cinque giorni suddiviso tra allenamenti, test fisici e visite mediche e fisioterapiche, la prima fase del <strong>Team NordEst<\/strong>, progetto pluriennale di collaborazione e sviluppo dell\u2019area tecnica rivolto ai giovani talenti, in massima parte under 18 e under 20.<\/p>\n<p>\u00a0Team NordEst\u00a0\u2013\u00a0presentato ufficialmente a conclusione del raduno \u2013 \u00e8 nato dall\u2019iniziativa dei Comitati territoriali Fidal di Alto Adige, Trentino, Friuli Venezia Giulia e Veneto. Quello di Caorle \u00e8 solo il primo dei tre raduni programmati nel 2017, altri quattro seguiranno nel 2018. Team manager e coordinatore generale dell\u2019iniziativa \u00e8\u00a0<strong>Christian Zovico<\/strong>, presidente del Comitato veneto della Fidal.\u00a0<strong>Bruno Cappello<\/strong>, presidente del Comitato dell\u2019Alto Adige, ha invece la responsabilit\u00e0 dei rapporti con l\u2019area tecnica federale.<\/p>\n<p>\u00a0\u201cCon Team Nordest\u00a0\u2013\u00a0ha spiegato\u00a0<strong>Zovico<\/strong>, affiancato dai colleghi\u00a0<strong>Cappello<\/strong>\u00a0e\u00a0<strong>Guido Germano Pettarin<\/strong>\u00a0(Friuli Venezia Giulia), oltre che dal tecnico\u00a0<strong>Massimo Pegoretti<\/strong>, in rappresentanza di\u00a0<strong>Fulvio Viesi<\/strong>, presidente del Comitato trentino \u2013 vogliamo provare a capire se c\u2019\u00e8 uno spazio per andare a collocarsi tra il lavoro delle societ\u00e0 e le iniziative della Federazione centrale, valorizzando entrambe. Ho trovato grande disponibilit\u00e0 sul territorio. I pilastri di Team NordEst sono l\u2019assistenza medica e fisioterapica e gli interventi tecnici che realizzeremo con il coinvolgimento dei migliori specialisti. Siamo dispiaciuti se i risultati dell\u2019atletica italiana nell\u2019ultimo periodo sono stati poco brillanti, ma l\u2019atletica italiana siamo tutti noi. Ci sentiamo coinvolti nella situazione generale e per questo abbiamo messo in campo idee e risorse. Vogliamo far crescere i ragazzi nel modo migliore, augurandoci che il passo successivo sia il loro approdo ai massimi livelli\u201d.\u00a0\u00a0\u00a0<\/p>\n<p>\u201cLa considero una start-up, una bellissima iniziativa da replicare il pi\u00f9 possibile \u2013 ha aggiunto\u00a0<strong>Dino Ponchio<\/strong>, responsabile dei progetti speciali della Fidal \u2013. \u00c8 la concretizzazione di una vecchia idea: quella di un settore tecnico diffuso territorialmente. Team NordEst \u00e8 ci\u00f2 che gi\u00e0 si fa in Francia e in Germania, \u00e8 il principio delle aree territoriali che fungono da incubatrici di talenti. L\u2019atletica \u00e8 viva e pu\u00f2 ripartire da questo\u201d.\u00a0<\/p>\n<p>Sotto il profilo tecnico, Team Nordest \u00e8 coordinato dall\u2019ex triplista\u00a0<strong>Paolo Camossi<\/strong>. Al suo fianco, una leggenda dell\u2019atletica azzurra come\u00a0<strong>Sara Simeoni<\/strong>\u00a0ed\u00a0<strong>Enzo Agostini<\/strong>, fiduciario tecnico regionale del Veneto, che si occuper\u00e0 degli aspetti organizzativi dei raduni.<\/p>\n<p>\u00a0<\/p>\n<p>\u201cVogliamo seguire la crescita di questi giovani e dei loro allenatori\u00a0\u2013\u00a0ha precisato <strong>Camossi<\/strong>\u00a0\u2013.In un mondo in cui tutti litigano, Team NordEst \u00e8 riuscito nell\u2019impresa di mettere d\u2019accordo un territorio vasto. Vogliamo essere vicini al binomio atleta-tecnico. Speriamo che Team NordEst faccia davvero scuola a livello nazionale\u201d.<\/p>\n<p>\u201cLa cosa che pi\u00f9 mi ha colpito in questi giorni \u2013\u00a0ha commentato\u00a0<strong>Sara Simeoni<\/strong>\u00a0\u2013 \u00e8 l\u2019atmosfera che si \u00e8 creata a Caorle. Dei giovani a volte si parla male, ma io ho conosciuto ragazzi bravi e seri. La proposta di Team NordEst ha conquistato anche loro. Sono convinta che questo progetto potr\u00e0 davvero contribuire al rilancio dell\u2019atletica italiana\u201d.<\/p>\n<p>Al gruppo di coordinamento si affiancheranno, di volta in volta, i tecnici di specialit\u00e0:\u00a0<strong>Vincenzo De Luca<\/strong>\u00a0per velocit\u00e0 e ostacoli;\u00a0<strong>Paolo Dal Soglio<\/strong>,\u00a0<strong>Diego Fortuna<\/strong>,\u00a0<strong>Renzo Roverato<\/strong>\u00a0e\u00a0<strong>Sergio Bonvecchio<\/strong>\u00a0per i lanci;\u00a0<strong>Paolo Camossi, Enrico Lazzarin, Barbara Lah, Marco Chiarello, Igor Lapajine\u00a0<\/strong>e<strong>\u00a0Luca Toso<\/strong>\u00a0per i salti;\u00a0<strong>Gianni Ghidini, Massimo Pegoretti, Ruggero Grassi<\/strong>\u00a0e\u00a0<strong>Roberto Furlanich <\/strong>per il mezzofondo;\u00a0<strong>Filippo Calore<\/strong>\u00a0e\u00a0<strong>Sergio Tonut<\/strong>\u00a0per la marcia;\u00a0<strong>Francesco Butteri <\/strong>per le prove multiple. A Caorle, per il primo raduno del Team NordEst, \u00e8 stato presente anche\u00a0<strong>Tonino Andreozzi<\/strong>, assistente alla Direzione Tecnica del settore giovanile della Fidal.\u00a0<\/p>\n<p>Team Nordest prevede anche l\u2019attivazione di un protocollo di collaborazione con le Universit\u00e0 di Padova e di Verona, in particolare per quanto riguarda le facolt\u00e0 di Scienze Motorie e di Medicina.\u00a0<\/p>\n<p>Il progetto\u00a0\u00e8 interamente autofinanziato dai quattro Comitati territoriali del Triveneto, anche grazie al coinvolgimento del mondo del running (organizzatori e atleti): la tassa di partecipazione individuale alle corse su strada contribuir\u00e0 infatti al sostegno economico del progetto. Non solo: lo spessore dell\u2019iniziativa e i campioni coinvolti potrebbero aprire Team NordEst al contributo di sponsor privati, accrescendo ulteriormente il valore e la portata del progetto.<\/p>\n<p>Applaudita la disponibilit\u00e0 del Comune di Caorle (\u201cIl canale dello sport \u00e8 un canale formidabile per promuovere il territorio. Caorle ha l\u2019orgoglio di tenere a battesimo Team NordEst, ci auguriamo che sia solo la prima iniziativa di una lunga serie\u201d, ha affermato il sindaco\u00a0<strong>Luciano Striuli<\/strong>), il saluto finale l\u2019ha portato\u00a0<strong>Ayomide Folorunso<\/strong>, campionessa europea under 23 e oro all\u2019Universiade di Taipei nei 400 ostacoli. Una giovane tra i giovani:\u00a0\u201cL\u2019atletica italiana \u2013\u00a0ha commentato l\u2019azzurra delle Fiamme Oro \u2013 ha bisogno di uno slancio da cui ripartire\u00a0. Tra gli atleti di Team Nordest vedo tante facce nuove e anche qualche faccia conosciuta. Spero che questa bella iniziativa possa dare i suoi frutti al pi\u00f9 presto. L\u2019atletica italiana ha molti ostacoli da superare davanti a s\u00e9, ma sono sicura che ce la faremo\u201d.\u00a0<\/p>\n<p>Il grande sogno? L\u2019accesso alla finale dell\u2019Olimpiade 2024 o dei Campionati Mondiali 2023 e 2025 di almeno uno degli atleti che nel suo percorso di crescita abbia beneficiato del progetto Team NordEst. La scommessa \u00e8 lanciata.<\/p>\n<p>\u00a0<\/p>\n<p><strong>I PARTECIPANTI AL 1\u00b0\u00a0RADUNO DEL TEAM NORDEST <\/strong><\/p>\n<p><strong>ALTO ADIGE (6 ATLETI):\u00a0<\/strong>Michael Albrech (Sportclub Merano), Patrick Ba\u00f9 (Sg Eisacktal), Alberto Masera (Athl. Club 96 Alperia), Anna Menz (Sportclub Merano), Thomas Schifferegger (SSV Bruneck),\u00a0 Isabella Vikoler (Sg Eisacktal).\u00a0<\/p>\n<p><strong>TRENTINO (9):\u00a0<\/strong>Daniel Armelao (Us Quercia Trentingrana), Enrico Cavagna (Atl. Trento), Simone Fedel (Us Quercia Trentingrana), Giovanni Gatto (Us Quercia Trentingrana), Lorenzo Ianes (Atl. Trento), Francesco Libera (Atl. Valli di Non e Sole), Lorenzo Naidon (Us Quercia Trentingrana), Giorgia Niero (Us Quercia Trentingrana), Marta Ronconi (Us Quercia Trentingrana).\u00a0<\/p>\n<p><strong>FRIULI VENEZIA GIULIA (17):\u00a0<\/strong>Giorgia Bellinazzi (Lib. Sanvitese), Aurora Berton (Lib. Friul Palmanova), Simone Biasutti (Trieste Atletica), Alessandro Bruni (Trieste Atletica), Alessia Casale (Cus Trieste), Andrea Coslovich (Pol. Triveneto Trieste), Jacopo De Marchi (Trieste Atletica), Alessio Di Blasio (Trieste Atletica), Costanza Donato (Atl. 2000), Ferdinand Ugonna Egbo (Atl. Brugnera Friulintagli), Mara Lavrencinc (Cus Trieste), Matteo Madrassi (Lib. Friul Palmanova), Anna Lisa Modesti (Cus Trieste), Martina Molinaro (Lib. Friul Palmanova), Davide Rossi (Lib. Friul Palmanova), Giorgia Sansa (Lib. Friul Palmanova), Deborah Tripodi (Atl. Gorizia).\u00a0\u00a0<\/p>\n<p><strong>VENETO (24):<\/strong>\u00a0Mariaelena Agostini (Lib. Sanp &#8211; PD), Giacomo Bertoncelli (Atl. Insieme New Foods Verona), Chiara Bertuzzi (G.A. Aristide Coin Venezia 1949), Elena Bisotto (G.A. Aristide Coin Venezia 1949), Rachele Bovo (Atl. Riviera del Brenta), Angela Brandstetter (Atl. Vicentina), Fabio Camattari (Atl. Biotekna Marcon), Laura De Marco (G.S. Fiamme Oro Padova), Andrea Forcato (Assindustria Sport Padova), Emma Girardello (Atl. Riviera del Brenta), Massimo Guerra (Atl. Vicentina), Amar Kasibovic (Atl. Vicentina), Moillet Kouakou (Atl. Vicentina), Andrea Marin (Atl. Vicentina), Margherita Mescolotto (Athletic Club Belluno Firex), Riccardo Miglietta (Atl. Vicentina), Fabio Pagan (G.A. Aristide Coin Venezia 1949), Emma Peron (Atl. Vicentina), Davide Saltarello (Assindustria Sport Padova), Gianluca Santuz (Atl. Vicentina), Rebecca Sartori (G.A. Bassano), Camilla Vigato (G.A. Aristide Coin Venezia 1949), Veronica Zanon (Atl. Vis Abano), Margherita Zuecco (Atl. Vicentina).<\/p>\n","protected":false},"excerpt":{"rendered":"<p>Primo raduno del Team NordEst<\/p>\n","protected":false},"author":28,"featured_media":24038,"comment_status":"closed","ping_status":"closed","sticky":false,"template":"","format":"standard","meta":{"dwc-title":[],"dwc-content":[],"footnotes":""},"categories":[38],"tags":[],"class_list":["post-24037","post","type-post","status-publish","format-standard","has-post-thumbnail","hentry","category-sport"],"rttpg_featured_image_url":{"full":["https:\/\/imagazine.it\/wp-content\/uploads\/2024\/01\/21186-1.webp",750,400,false],"landscape":["https:\/\/imagazine.it\/wp-content\/uploads\/2024\/01\/21186-1.webp",750,400,false],"portraits":["https:\/\/imagazine.it\/wp-content\/uploads\/2024\/01\/21186-1.webp",750,400,false],"thumbnail":["https:\/\/imagazine.it\/wp-content\/uploads\/2024\/01\/21186-1-150x150.webp",150,150,true],"medium":["https:\/\/imagazine.it\/wp-content\/uploads\/2024\/01\/21186-1-300x160.webp",300,160,true],"large":["https:\/\/imagazine.it\/wp-content\/uploads\/2024\/01\/21186-1.webp",640,341,false],"thumblist":["https:\/\/imagazine.it\/wp-content\/uploads\/2024\/01\/21186-1.webp",300,160,false],"thumbrelated":["https:\/\/imagazine.it\/wp-content\/uploads\/2024\/01\/21186-1.webp",500,267,false],"meccarouselthumb":["https:\/\/imagazine.it\/wp-content\/uploads\/2024\/01\/21186-1.webp",474,253,false],"gridsquare":["https:\/\/imagazine.it\/wp-content\/uploads\/2024\/01\/21186-1.webp",391,209,false],"tileview":["https:\/\/imagazine.it\/wp-content\/uploads\/2024\/01\/21186-1.webp",300,160,false],"1536x1536":["https:\/\/imagazine.it\/wp-content\/uploads\/2024\/01\/21186-1.webp",750,400,false],"2048x2048":["https:\/\/imagazine.it\/wp-content\/uploads\/2024\/01\/21186-1.webp",750,400,false],"newsup-slider-full":["https:\/\/imagazine.it\/wp-content\/uploads\/2024\/01\/21186-1.webp",750,400,false],"newsup-featured":["https:\/\/imagazine.it\/wp-content\/uploads\/2024\/01\/21186-1.webp",750,400,false],"newsup-medium":["https:\/\/imagazine.it\/wp-content\/uploads\/2024\/01\/21186-1-720x380.webp",720,380,true],"tptn_thumbnail":["https:\/\/imagazine.it\/wp-content\/uploads\/2024\/01\/21186-1.webp",250,133,false],"sow-carousel-default":["https:\/\/imagazine.it\/wp-content\/uploads\/2024\/01\/21186-1-272x182.webp",272,182,true]},"rttpg_author":{"display_name":"redazione","author_link":"https:\/\/imagazine.it\/home_desk\/author\/redazione\/"},"rttpg_comment":0,"rttpg_category":"<a href=\"https:\/\/imagazine.it\/home_desk\/category\/sport\/\" rel=\"category tag\">SPORT<\/a>","rttpg_excerpt":"Primo raduno del Team NordEst","_links":{"self":[{"href":"https:\/\/imagazine.it\/home_desk\/wp-json\/wp\/v2\/posts\/24037","targetHints":{"allow":["GET"]}}],"collection":[{"href":"https:\/\/imagazine.it\/home_desk\/wp-json\/wp\/v2\/posts"}],"about":[{"href":"https:\/\/imagazine.it\/home_desk\/wp-json\/wp\/v2\/types\/post"}],"author":[{"embeddable":true,"href":"https:\/\/imagazine.it\/home_desk\/wp-json\/wp\/v2\/users\/28"}],"replies":[{"embeddable":true,"href":"https:\/\/imagazine.it\/home_desk\/wp-json\/wp\/v2\/comments?post=24037"}],"version-history":[{"count":0,"href":"https:\/\/imagazine.it\/home_desk\/wp-json\/wp\/v2\/posts\/24037\/revisions"}],"wp:featuredmedia":[{"embeddable":true,"href":"https:\/\/imagazine.it\/home_desk\/wp-json\/wp\/v2\/media\/24038"}],"wp:attachment":[{"href":"https:\/\/imagazine.it\/home_desk\/wp-json\/wp\/v2\/media?parent=24037"}],"wp:term":[{"taxonomy":"category","embeddable":true,"href":"https:\/\/imagazine.it\/home_desk\/wp-json\/wp\/v2\/categories?post=24037"},{"taxonomy":"post_tag","embeddable":true,"href":"https:\/\/imagazine.it\/home_desk\/wp-json\/wp\/v2\/tags?post=24037"}],"curies":[{"name":"wp","href":"https:\/\/api.w.org\/{rel}","templated":true}]}}