{"id":24035,"date":"2017-09-05T00:00:00","date_gmt":"2017-09-04T23:00:00","guid":{"rendered":"https:\/\/imagazine.it\/?p=24035"},"modified":"2017-09-05T00:00:00","modified_gmt":"2017-09-04T23:00:00","slug":"trieste-nuova-immagine-per-i-luoghi-simbolo-della-citta","status":"publish","type":"post","link":"https:\/\/imagazine.it\/home_desk\/trieste-nuova-immagine-per-i-luoghi-simbolo-della-citta\/","title":{"rendered":"Trieste, nuova immagine per i luoghi simbolo della citt\u00e0"},"content":{"rendered":"<p>A Trieste parte il progetto <em>\u201cArte Urbana\u201d<\/em><strong>. <\/strong>Nell&#39;Auditorium del Salone degli Incanti-ex Pescheria, l&#39;assessore comunale alla Cultura <strong>Giorgio Rossi<\/strong>, assieme al consigliere comunale <strong>Piero Camber<\/strong>, al curatore dell&#39;iniziativa <strong>Paolo Cavallini<\/strong>, ai funzionari <strong>Francesca Locci<\/strong> e <strong>Donatella Rocco<\/strong>, ha illustrato l&#39;iniziativa dell&#39;amministrazione comunale che apre un nuovo percorso per cambiare l&#39;immagine di alcuni luoghi &#39;simbolo&#39; della citt\u00e0 con <strong>ERON<\/strong>, lo <em>street artist<\/em> di fama internazionale che sar\u00e0 a Trieste, nella sede dell&#39;ex-Pescheria, per realizzare l&#39;opera \u201cFollow\u201d il 7 settembre (dalle 17 alle 21) e dall&#39;8 al 12 settembre (dalle 11 alle 21).\u00a0 La presentazione dell&#39;opera ultimata\u00a0\u00e8 prevista mercoled\u00ec 13\u00a0settembre, alle 18.30.<\/p>\n<p>\u00ab\u201cArte urbana\u201d \u2013 ha sottolineato l&#39;assessore Rossi \u2013 apre i battenti con Eron, un personaggio icona del settore, di fama internazionale, un artista misterioso che ha la capacit\u00e0 di creare opere di straordinaria bellezza con grande professionalit\u00e0.\u00a0 Un progetto nato poco pi\u00f9 di un anno fa, nel corso di un sopralluogo allo stabilimento Pedocin da cui \u00e8 sfociata una mozione dei consiglieri comunali Camber, Polacco e Babuder che hanno proposto lo sviluppo di alcune idee. Eron far\u00e0 da apripista all&#39;operazione \u201cChromopolis\u201d, un&#39;opportunit\u00e0 per vedere in citt\u00e0 un cambiamento mediante questa particolare forma di espressione artistica. A partire dalle opere che potranno essere realizzate da writers sui muri esterni del Pedocin, ma anche da un&#39;altra opera che riguarder\u00e0 la Curva Furlan dello Stadio Rocco, &#39;casa&#39; dei tifosi triestini, in cui vorremmo, entro il prossimo anno (data della ricorrenza del centenario della fondazione della squadra alabardata e degli Europei Under 21) che vengano realizzati dei graffiti inerenti alcuni personaggi che ne hanno fatto la storia. Il terzo passaggio \u2013 ha concluso Rossi \u2013 sar\u00e0 l&#39;evento giovanile \u201cArtefatto\u201d intitolato <em>SeetheSea<\/em> Residenze Artistiche (da ottobre 2017 a maggio 2018), con cui il Comune, dal 2005, promuove la creativit\u00e0 dei giovani e che quest&#39;anno in particolare sar\u00e0 dedicato proprio alla \u201cstreet e urban art\u201d. Interventi che saranno ispirati al tema del mare come elemento profondamente legato alla citt\u00e0\u00bb.\u00a0\u00a0\u00a0\u00a0\u00a0\u00a0\u00a0\u00a0<\/p>\n<p>\u00abDurante il sopralluogo effettuato al Pedocin \u2013 ha rilevato Camber \u2013 \u00e8 nata l&#39;idea di trasmettere un&#39;immagine positiva di uno dei luoghi della citt\u00e0 tra i pi\u00f9 frequentati, da cittadini e turisti. Sull&#39;esempio dei pannelli decorati da un altro noto writer che delimitavano i lavori eseguiti accanto al Canale di Ponterosso\u00bb.<\/p>\n<p>Info su <a href=\"http:\/\/www.retecivica.trieste.it\/\" target=\"_blank\" rel=\"noopener\">www.retecivica.trieste.it<\/a><\/p>\n","protected":false},"excerpt":{"rendered":"<p>Iniziativa &#8220;Arte urbana&#8221;<\/p>\n","protected":false},"author":28,"featured_media":24036,"comment_status":"closed","ping_status":"closed","sticky":false,"template":"","format":"standard","meta":{"dwc-title":[],"dwc-content":[],"footnotes":""},"categories":[5],"tags":[],"class_list":["post-24035","post","type-post","status-publish","format-standard","has-post-thumbnail","hentry","category-attualita"],"rttpg_featured_image_url":{"full":["https:\/\/imagazine.it\/wp-content\/uploads\/2024\/01\/21178-1.webp",750,492,false],"landscape":["https:\/\/imagazine.it\/wp-content\/uploads\/2024\/01\/21178-1.webp",750,492,false],"portraits":["https:\/\/imagazine.it\/wp-content\/uploads\/2024\/01\/21178-1.webp",750,492,false],"thumbnail":["https:\/\/imagazine.it\/wp-content\/uploads\/2024\/01\/21178-1-150x150.webp",150,150,true],"medium":["https:\/\/imagazine.it\/wp-content\/uploads\/2024\/01\/21178-1-300x197.webp",300,197,true],"large":["https:\/\/imagazine.it\/wp-content\/uploads\/2024\/01\/21178-1.webp",640,420,false],"thumblist":["https:\/\/imagazine.it\/wp-content\/uploads\/2024\/01\/21178-1.webp",300,197,false],"thumbrelated":["https:\/\/imagazine.it\/wp-content\/uploads\/2024\/01\/21178-1.webp",500,328,false],"meccarouselthumb":["https:\/\/imagazine.it\/wp-content\/uploads\/2024\/01\/21178-1.webp",474,311,false],"gridsquare":["https:\/\/imagazine.it\/wp-content\/uploads\/2024\/01\/21178-1.webp",391,256,false],"tileview":["https:\/\/imagazine.it\/wp-content\/uploads\/2024\/01\/21178-1.webp",300,197,false],"1536x1536":["https:\/\/imagazine.it\/wp-content\/uploads\/2024\/01\/21178-1.webp",750,492,false],"2048x2048":["https:\/\/imagazine.it\/wp-content\/uploads\/2024\/01\/21178-1.webp",750,492,false],"newsup-slider-full":["https:\/\/imagazine.it\/wp-content\/uploads\/2024\/01\/21178-1.webp",750,492,false],"newsup-featured":["https:\/\/imagazine.it\/wp-content\/uploads\/2024\/01\/21178-1.webp",750,492,false],"newsup-medium":["https:\/\/imagazine.it\/wp-content\/uploads\/2024\/01\/21178-1-720x380.webp",720,380,true],"tptn_thumbnail":["https:\/\/imagazine.it\/wp-content\/uploads\/2024\/01\/21178-1.webp",250,164,false],"sow-carousel-default":["https:\/\/imagazine.it\/wp-content\/uploads\/2024\/01\/21178-1-272x182.webp",272,182,true]},"rttpg_author":{"display_name":"redazione","author_link":"https:\/\/imagazine.it\/home_desk\/author\/redazione\/"},"rttpg_comment":0,"rttpg_category":"<a href=\"https:\/\/imagazine.it\/home_desk\/category\/attualita\/\" rel=\"category tag\">ATTUALIT\u00c0<\/a>","rttpg_excerpt":"Iniziativa \"Arte urbana\"","_links":{"self":[{"href":"https:\/\/imagazine.it\/home_desk\/wp-json\/wp\/v2\/posts\/24035","targetHints":{"allow":["GET"]}}],"collection":[{"href":"https:\/\/imagazine.it\/home_desk\/wp-json\/wp\/v2\/posts"}],"about":[{"href":"https:\/\/imagazine.it\/home_desk\/wp-json\/wp\/v2\/types\/post"}],"author":[{"embeddable":true,"href":"https:\/\/imagazine.it\/home_desk\/wp-json\/wp\/v2\/users\/28"}],"replies":[{"embeddable":true,"href":"https:\/\/imagazine.it\/home_desk\/wp-json\/wp\/v2\/comments?post=24035"}],"version-history":[{"count":0,"href":"https:\/\/imagazine.it\/home_desk\/wp-json\/wp\/v2\/posts\/24035\/revisions"}],"wp:featuredmedia":[{"embeddable":true,"href":"https:\/\/imagazine.it\/home_desk\/wp-json\/wp\/v2\/media\/24036"}],"wp:attachment":[{"href":"https:\/\/imagazine.it\/home_desk\/wp-json\/wp\/v2\/media?parent=24035"}],"wp:term":[{"taxonomy":"category","embeddable":true,"href":"https:\/\/imagazine.it\/home_desk\/wp-json\/wp\/v2\/categories?post=24035"},{"taxonomy":"post_tag","embeddable":true,"href":"https:\/\/imagazine.it\/home_desk\/wp-json\/wp\/v2\/tags?post=24035"}],"curies":[{"name":"wp","href":"https:\/\/api.w.org\/{rel}","templated":true}]}}