{"id":23987,"date":"2017-08-30T00:00:00","date_gmt":"2017-08-29T23:00:00","guid":{"rendered":"https:\/\/imagazine.it\/?p=23987"},"modified":"2017-08-30T00:00:00","modified_gmt":"2017-08-29T23:00:00","slug":"a-piedi-da-aquileia-a-belgrado","status":"publish","type":"post","link":"https:\/\/imagazine.it\/home_desk\/a-piedi-da-aquileia-a-belgrado\/","title":{"rendered":"A piedi da Aquileia a Belgrado"},"content":{"rendered":"<p>794 chilometri a piedi da Aquileia a Belgrado lungo l\u2019antica strada romana che collegava la citt\u00e0 patriarcale con l\u2019allora Singidunum. Ventotto tappe tra Italia, Slovenia, Croazia e Serbia che l\u2019archeologa <strong>Sara Zanni<\/strong> dell\u2019Universit\u00e0 di Bordeaux, ma di origine milanese, percorrer\u00e0 in un mese come parte finale del progetto di ricerca <em>RecRoad<\/em>, finanziato dalla Commissione Europea con una <em>Borsa Marie Curie<\/em>, per la ricostruzione dell&#39;itinerario romano da Aquileia a Singidunum, lungo il corso della Sava.<\/p>\n<p>La presentazione del progetto, organizzata dalla Fondazione Aquileia in collaborazione con l\u2019Associazione nazionale per Aquileia e la Soprintendenza Archeologia Belle Arti Paesaggio del Friuli Venezia Giulia, si terr\u00e0 venerd\u00ec 1 settembre alle 18 in Casa Bertoli (via Patriarca Popone 6) ad Aquileia con gli interventi di Sara Zanni, <strong>Francis Tasseaux<\/strong>, archeologo professore dell\u2019Universit\u00e0 di Bordeaux che illustrer\u00e0 l\u2019<em>itinerarium burdigalense<\/em>, il primo diario di un pellegrino del 333 d.C., e <strong>Cristiano Tiussi<\/strong>, direttore della Fondazione Aquileia. La partenza del cammino \u00e8 fissata per sabato 2 settembre alle ore 7.30 da Aquileia, localit\u00e0 Monastero, verso Savogna d\u2019Isonzo.<\/p>\n<p>\u00abGrazie alle fonti \u2013 spiega Sara Zanni \u2013 possiamo ricostruire in linea di massima il percorso della strada ma mai prima d\u2019ora si era tentato di ricostruire nel dettaglio l\u2019itinerario utilizzando tutte le tecnologie attualmente a disposizione degli archeologi e verificando i risultati con ricognizioni di superficie. L\u2019asse viario, ora interamente mappato con tecnologia GIS (sistema informativo geografico che combinando immagini satellitari e dati consente di analizzare la superficie terrestre), fu una delle strade principali durante l\u2019Impero romano e collegava l\u2019area delle Venezie con la Pannonia Superiore e il confine danubiano\u00bb.<\/p>\n<p>La mappatura, frutto di quasi due anni di lavoro, sar\u00e0 pubblicata e messa a disposizione tramite l&#39;integrazione dei dati nell&#39;atlante online dell&#39;Adriatico predisposto dal progetto <em>AdriAtlas<\/em> e su piattaforme <em>open source<\/em> (aperte a tutti).<\/p>\n<p>\u00abL\u2019itinerario a piedi \u2013 conclude Sara Zanni \u2013prevede incontri pubblici in varie citt\u00e0 e servir\u00e0 a divulgare la conoscenza della viabilit\u00e0 antica ma anche a comunicare l&#39;importanza della riscoperta delle proprie radici storiche in una regione recentemente sconvolta da conflitti e violenza\u00bb.<\/p>\n<p>Per restare aggiornati sul cammino di Sara Zanni si potr\u00e0 consultare il blog <a href=\"http:\/\/reconstructingromanroads.wordpress.com\/\" target=\"_blank\" rel=\"noopener\">http:\/\/reconstructingromanroads.wordpress.com<\/a>, le pagine social dedicate al <em>Rec Road Project<\/em> su facebook, twitter e instagram e ascoltare la web-radio Radio Francigena. Per camminare insieme a Sara per uno o due giorni potete contattarla scrivendo a\u00a0 <a href=\"mailto:sara.pellegrina@gmail.com\">sara.pellegrina@gmail.com<\/a><\/p>\n","protected":false},"excerpt":{"rendered":"<p>28 tappe tra Italia, Slovenia, Croazia e Serbia<\/p>\n","protected":false},"author":28,"featured_media":23988,"comment_status":"closed","ping_status":"closed","sticky":false,"template":"","format":"standard","meta":{"dwc-title":[],"dwc-content":[],"footnotes":""},"categories":[8],"tags":[],"class_list":["post-23987","post","type-post","status-publish","format-standard","has-post-thumbnail","hentry","category-turismo"],"rttpg_featured_image_url":{"full":["https:\/\/imagazine.it\/wp-content\/uploads\/2024\/01\/21077-1.webp",750,565,false],"landscape":["https:\/\/imagazine.it\/wp-content\/uploads\/2024\/01\/21077-1.webp",750,565,false],"portraits":["https:\/\/imagazine.it\/wp-content\/uploads\/2024\/01\/21077-1.webp",750,565,false],"thumbnail":["https:\/\/imagazine.it\/wp-content\/uploads\/2024\/01\/21077-1-150x150.webp",150,150,true],"medium":["https:\/\/imagazine.it\/wp-content\/uploads\/2024\/01\/21077-1-300x226.webp",300,226,true],"large":["https:\/\/imagazine.it\/wp-content\/uploads\/2024\/01\/21077-1.webp",640,482,false],"thumblist":["https:\/\/imagazine.it\/wp-content\/uploads\/2024\/01\/21077-1.webp",300,226,false],"thumbrelated":["https:\/\/imagazine.it\/wp-content\/uploads\/2024\/01\/21077-1.webp",500,377,false],"meccarouselthumb":["https:\/\/imagazine.it\/wp-content\/uploads\/2024\/01\/21077-1.webp",430,324,false],"gridsquare":["https:\/\/imagazine.it\/wp-content\/uploads\/2024\/01\/21077-1.webp",345,260,false],"tileview":["https:\/\/imagazine.it\/wp-content\/uploads\/2024\/01\/21077-1.webp",300,226,false],"1536x1536":["https:\/\/imagazine.it\/wp-content\/uploads\/2024\/01\/21077-1.webp",750,565,false],"2048x2048":["https:\/\/imagazine.it\/wp-content\/uploads\/2024\/01\/21077-1.webp",750,565,false],"newsup-slider-full":["https:\/\/imagazine.it\/wp-content\/uploads\/2024\/01\/21077-1.webp",750,565,false],"newsup-featured":["https:\/\/imagazine.it\/wp-content\/uploads\/2024\/01\/21077-1.webp",750,565,false],"newsup-medium":["https:\/\/imagazine.it\/wp-content\/uploads\/2024\/01\/21077-1-720x380.webp",720,380,true],"tptn_thumbnail":["https:\/\/imagazine.it\/wp-content\/uploads\/2024\/01\/21077-1.webp",250,188,false],"sow-carousel-default":["https:\/\/imagazine.it\/wp-content\/uploads\/2024\/01\/21077-1-272x182.webp",272,182,true]},"rttpg_author":{"display_name":"redazione","author_link":"https:\/\/imagazine.it\/home_desk\/author\/redazione\/"},"rttpg_comment":0,"rttpg_category":"<a href=\"https:\/\/imagazine.it\/home_desk\/category\/turismo\/\" rel=\"category tag\">TURISMO<\/a>","rttpg_excerpt":"28 tappe tra Italia, Slovenia, Croazia e Serbia","_links":{"self":[{"href":"https:\/\/imagazine.it\/home_desk\/wp-json\/wp\/v2\/posts\/23987","targetHints":{"allow":["GET"]}}],"collection":[{"href":"https:\/\/imagazine.it\/home_desk\/wp-json\/wp\/v2\/posts"}],"about":[{"href":"https:\/\/imagazine.it\/home_desk\/wp-json\/wp\/v2\/types\/post"}],"author":[{"embeddable":true,"href":"https:\/\/imagazine.it\/home_desk\/wp-json\/wp\/v2\/users\/28"}],"replies":[{"embeddable":true,"href":"https:\/\/imagazine.it\/home_desk\/wp-json\/wp\/v2\/comments?post=23987"}],"version-history":[{"count":0,"href":"https:\/\/imagazine.it\/home_desk\/wp-json\/wp\/v2\/posts\/23987\/revisions"}],"wp:featuredmedia":[{"embeddable":true,"href":"https:\/\/imagazine.it\/home_desk\/wp-json\/wp\/v2\/media\/23988"}],"wp:attachment":[{"href":"https:\/\/imagazine.it\/home_desk\/wp-json\/wp\/v2\/media?parent=23987"}],"wp:term":[{"taxonomy":"category","embeddable":true,"href":"https:\/\/imagazine.it\/home_desk\/wp-json\/wp\/v2\/categories?post=23987"},{"taxonomy":"post_tag","embeddable":true,"href":"https:\/\/imagazine.it\/home_desk\/wp-json\/wp\/v2\/tags?post=23987"}],"curies":[{"name":"wp","href":"https:\/\/api.w.org\/{rel}","templated":true}]}}