{"id":23965,"date":"2017-08-24T00:00:00","date_gmt":"2017-08-23T23:00:00","guid":{"rendered":"https:\/\/imagazine.it\/?p=23965"},"modified":"2017-08-24T00:00:00","modified_gmt":"2017-08-23T23:00:00","slug":"sport-e-cultura-protagonisti-a-friuli-doc","status":"publish","type":"post","link":"https:\/\/imagazine.it\/home_desk\/sport-e-cultura-protagonisti-a-friuli-doc\/","title":{"rendered":"Sport e cultura protagonisti a Friuli Doc"},"content":{"rendered":"<p>Il programma di appuntamenti di <strong>Friuli Doc<\/strong> ospiter\u00e0 a Udine, oltre al meglio delle proposte enogastronomiche del territorio, anche alcune personalit\u00e0 e realt\u00e0 sportive e culturali simbolo del Friuli Venezia Giulia.<\/p>\n<p>\u00abNegli anni \u2013 commenta l&#39;assessore comunale alle Attivit\u00e0 Produttive e Turistiche, <strong>Alessandro Venanzi<\/strong> \u2013 Friuli Doc si \u00e8 confermato non solo una vetrina straordinaria delle nostre eccellenze enogastronomiche, ma anche un palcoscenico per le nostre eccellenze sportive e culturali.\u00a0 Da qui \u00e8 nata l&#39;idea di creare uno spazio dedicato sotto la <strong>Loggia del Lionello<\/strong>, luogo simbolo della citt\u00e0 e del nostro territorio\u00bb.<\/p>\n<p>Venerd\u00ec 8 settembre appuntamento con la presentazione \u2013 curata dalla delegazione di Udine dell&#39;Accademia Italiana della Cucina \u2013 della<strong> Gubana<\/strong>, il dolce dal ripieno goloso, tipico delle Valli del Natisone, la cui storia rappresenta un incontro di genti e civilt\u00e0. Sempre venerd\u00ec, ma nel pomeriggio, alle 17, sar\u00e0 presentata ufficialmente la <strong>prima squadra della Union Rugby FVG<\/strong>, che militer\u00e0 nel prossimo campionato nazionale di serie A. \u00c8 previsto anche un incontro testimonianza con <strong>Davide Giozet<\/strong>, il campione della\u00a0nazionale\u00a0Italiana di Wheelchair Rugby, sul tema <strong>\u201cRugby: Solidariet\u00e0 e Riscatto\u201d. <\/strong>L\u2019appuntamento sar\u00e0 anche l\u2019occasione per promuovere la quarta edizione del torneo \u201cIl Giorno degli Angeli\u201d, che si terr\u00e0 il 9 settembre presso il campo di rugby \u201cOtello Gerli\u201d di Udine, giocato fra squadre del massimo campionato italiano, con l\u2019obiettivo di raccogliere fondi a favore della ricerca scientifica del neuroblastoma, una forma di tumore che colpisce i bambini spesso con esiti mortali.<\/p>\n<p>Sabato 9 settembre sar\u00e0 il turno della <strong>presentazione ufficiale della prima squadra della\u00a0APU Gsa\u00a0Udine<\/strong> e di tutto lo staff<strong>.<\/strong> I tifosi e simpatizzanti della squadra udinese, militante in serie A2 del campionato italiano di basket, sono attesi alle 11 alla Loggia del Lionello per la presentazione ufficiale dei giocatori e del team tecnico al completo per la stagione\u00a02017\/2018.<\/p>\n<p>Alle 15.30 sar\u00e0 presentato il libro di racconti a carattere noir-gastronomico, <strong>&#8220;La Cucina del Delitto&#8221; scritto da Floreana Nativo<\/strong>, edito da Panda edizioni. Il cibo e la morte sono il filo conduttore di questo libro con un finale a sorpresa: quindici ricette da gustare alla fine dei racconti. L&#39;autrice dialogher\u00e0 con il giornalista <strong>Andrea Ioime<\/strong>.<\/p>\n<p>Alle 17.30 del pomeriggio di sabato, la Loggia del Lionello sar\u00e0, invece, l\u2019elegante cornice per la <strong>consegna del \u201cPremio Eccellenza Friuli Doc 2017\u201d<\/strong>. Tra i premiati ci saranno<strong> Nives Meroi e il marito Romano Benet<\/strong>, la coppia di alpinisti di Tarvisio che ha scalato tutte le montagne pi\u00f9 alte del pianeta. Simbolo dell\u2019eccellenza sportiva made in Friuli, durante lo scorso mese di maggio, hanno conquistato la cima dell&#39;Annapurna, in Nepal, l\u2019ultimo dei 14 ottomila della Terra che mancava alla loro collezione di imprese senza ossigeno supplementare e senza ausilio di portatori d&#39;alta quota. La coppia racconter\u00e0 le proprie imprese a partire dal primo ottomila, il Nanga Parbat con ricordi e immagini delle loro straordinarie imprese.<\/p>\n<p>Sempre sabato alle 19 sar\u00e0 <strong>insignito del \u201cPremio Eccellenza Friuli Doc 2017\u201d<\/strong> <strong>Franco Causio<\/strong>, l\u2019ex calciatore, soprannominato Barone per l\u2019eleganza e la padronanza tecnica, che arriv\u00f2 all\u2019Udinese nel 1981. Il riconoscimento sar\u00e0 consegnato nel corso di una chiacchierata informale con Bruno Pizzul, voce narrante del calcio italiano in Rai, nel corso della quale si parler\u00e0 di vita e di storia del calcio ricordando i momenti memorabili come quando la Nazionale italiana vinse con Franco Causio la Coppa del Mondo nel 1982.<\/p>\n<p>Domenica 10 settembre si comincer\u00e0 alle 11 con \u201cLe Guide ai sapori e ai piaceri\u201d che arriveranno in Friuli Venezia Giulia con una seconda edizione dedicata alla regione, alle sue eccellenze enogastronomiche e alle sue tradizioni. Il direttore <strong>Giuseppe Cerasa<\/strong> presenter\u00e0 il volume \u201cFriuli Venezia Giulia. Guida ai sapori e ai piaceri della regione 2018\u201d, un viaggio che presenta una terra ricca di tesori attraverso il cibo, i prodotti tipici e il vino, ma non solo.<\/p>\n<p>Alle 17, invece, <strong>gli allievi attori della Civica Accademia d&#39;Arte Drammatica \u201cNico Pepe\u201d presenteranno <em>L&#39;improvviso imprevisto<\/em><\/strong>, un canovaccio originale di Commedia dell&#39;Arte con la regia e la drammaturgia del direttore della Pepe <strong>Claudio de Maglio<\/strong>, di cui saranno protagonisti gli allievi del secondo anno di corso della Civica Accademia d&#39;Arte Drammatica. La partecipazione \u00e8 gratuita.\u00a0<\/p>\n","protected":false},"excerpt":{"rendered":"<p>A Udine dal 7 al 10 settembre<\/p>\n","protected":false},"author":28,"featured_media":23966,"comment_status":"closed","ping_status":"closed","sticky":false,"template":"","format":"standard","meta":{"dwc-title":[],"dwc-content":[],"footnotes":""},"categories":[8],"tags":[],"class_list":["post-23965","post","type-post","status-publish","format-standard","has-post-thumbnail","hentry","category-turismo"],"rttpg_featured_image_url":{"full":["https:\/\/imagazine.it\/wp-content\/uploads\/2024\/01\/21018-1.webp",750,501,false],"landscape":["https:\/\/imagazine.it\/wp-content\/uploads\/2024\/01\/21018-1.webp",750,501,false],"portraits":["https:\/\/imagazine.it\/wp-content\/uploads\/2024\/01\/21018-1.webp",750,501,false],"thumbnail":["https:\/\/imagazine.it\/wp-content\/uploads\/2024\/01\/21018-1-150x150.webp",150,150,true],"medium":["https:\/\/imagazine.it\/wp-content\/uploads\/2024\/01\/21018-1-300x200.webp",300,200,true],"large":["https:\/\/imagazine.it\/wp-content\/uploads\/2024\/01\/21018-1.webp",640,428,false],"thumblist":["https:\/\/imagazine.it\/wp-content\/uploads\/2024\/01\/21018-1.webp",300,200,false],"thumbrelated":["https:\/\/imagazine.it\/wp-content\/uploads\/2024\/01\/21018-1.webp",500,334,false],"meccarouselthumb":["https:\/\/imagazine.it\/wp-content\/uploads\/2024\/01\/21018-1.webp",474,317,false],"gridsquare":["https:\/\/imagazine.it\/wp-content\/uploads\/2024\/01\/21018-1.webp",389,260,false],"tileview":["https:\/\/imagazine.it\/wp-content\/uploads\/2024\/01\/21018-1.webp",300,200,false],"1536x1536":["https:\/\/imagazine.it\/wp-content\/uploads\/2024\/01\/21018-1.webp",750,501,false],"2048x2048":["https:\/\/imagazine.it\/wp-content\/uploads\/2024\/01\/21018-1.webp",750,501,false],"newsup-slider-full":["https:\/\/imagazine.it\/wp-content\/uploads\/2024\/01\/21018-1.webp",750,501,false],"newsup-featured":["https:\/\/imagazine.it\/wp-content\/uploads\/2024\/01\/21018-1.webp",750,501,false],"newsup-medium":["https:\/\/imagazine.it\/wp-content\/uploads\/2024\/01\/21018-1-720x380.webp",720,380,true],"tptn_thumbnail":["https:\/\/imagazine.it\/wp-content\/uploads\/2024\/01\/21018-1.webp",250,167,false],"sow-carousel-default":["https:\/\/imagazine.it\/wp-content\/uploads\/2024\/01\/21018-1-272x182.webp",272,182,true]},"rttpg_author":{"display_name":"redazione","author_link":"https:\/\/imagazine.it\/home_desk\/author\/redazione\/"},"rttpg_comment":0,"rttpg_category":"<a href=\"https:\/\/imagazine.it\/home_desk\/category\/turismo\/\" rel=\"category tag\">TURISMO<\/a>","rttpg_excerpt":"A Udine dal 7 al 10 settembre","_links":{"self":[{"href":"https:\/\/imagazine.it\/home_desk\/wp-json\/wp\/v2\/posts\/23965","targetHints":{"allow":["GET"]}}],"collection":[{"href":"https:\/\/imagazine.it\/home_desk\/wp-json\/wp\/v2\/posts"}],"about":[{"href":"https:\/\/imagazine.it\/home_desk\/wp-json\/wp\/v2\/types\/post"}],"author":[{"embeddable":true,"href":"https:\/\/imagazine.it\/home_desk\/wp-json\/wp\/v2\/users\/28"}],"replies":[{"embeddable":true,"href":"https:\/\/imagazine.it\/home_desk\/wp-json\/wp\/v2\/comments?post=23965"}],"version-history":[{"count":0,"href":"https:\/\/imagazine.it\/home_desk\/wp-json\/wp\/v2\/posts\/23965\/revisions"}],"wp:featuredmedia":[{"embeddable":true,"href":"https:\/\/imagazine.it\/home_desk\/wp-json\/wp\/v2\/media\/23966"}],"wp:attachment":[{"href":"https:\/\/imagazine.it\/home_desk\/wp-json\/wp\/v2\/media?parent=23965"}],"wp:term":[{"taxonomy":"category","embeddable":true,"href":"https:\/\/imagazine.it\/home_desk\/wp-json\/wp\/v2\/categories?post=23965"},{"taxonomy":"post_tag","embeddable":true,"href":"https:\/\/imagazine.it\/home_desk\/wp-json\/wp\/v2\/tags?post=23965"}],"curies":[{"name":"wp","href":"https:\/\/api.w.org\/{rel}","templated":true}]}}