{"id":23915,"date":"2017-08-08T00:00:00","date_gmt":"2017-08-07T23:00:00","guid":{"rendered":"https:\/\/imagazine.it\/?p=23915"},"modified":"2017-08-08T00:00:00","modified_gmt":"2017-08-07T23:00:00","slug":"alberghi-diffusi-del-fvg-costituita-lassociazione-regionale","status":"publish","type":"post","link":"https:\/\/imagazine.it\/home_desk\/alberghi-diffusi-del-fvg-costituita-lassociazione-regionale\/","title":{"rendered":"Alberghi Diffusi del FVG: costituita l\u2019Associazione regionale"},"content":{"rendered":"<p>Si \u00e8 costituita a Udine, fra 11 Alberghi Diffusi friulani, l\u2019Associazione degli Alberghi Diffusi del Friuli Venezia Giulia. Presidente dell\u2019associazione, fresca di nomina, \u00e8 <strong>Lucia Miotti<\/strong>, presidente dell\u2019Albergo Diffuso di Comeglians. Ad affiancarla, il vicepresidente <strong>Aristide Mecchia<\/strong> dell\u2019Albergo Diffuso \u201cCol Gentile\u201d di Socchieve, e il consigliere <strong>Ottorino Faleschini<\/strong> dell\u2019Albergo Diffuso \u201cVal d\u2019Incarojo\u201d di Paularo.<\/p>\n<p>\u00abGli Alberghi Diffusi rappresentano una tipicit\u00e0 fra le strutture ricettive della nostra regione, sicuramente non abbastanza compresa n\u00e9 valorizzata. L\u2019Associazione, dunque, sar\u00e0 uno strumento in pi\u00f9 per far valere le nostre ragioni e spiegare il senso e la potenzialit\u00e0 dell\u2019Albergo Diffuso che, non dimentichiamolo, oltre a essere nato qui come idea, molti territori ci invidiano perch\u00e9 ha saputo recuperare e far entrare nei circuiti turistici, seppure di nicchia, piccoli comuni altrimenti abbandonati a se stessi\u00bb, spiega la neo presidente. \u00abL\u2019Associazione \u00e8 un punto di partenza, una comunit\u00e0 di lavoro aperta a nuove adesioni dall\u2019intera categoria che vogliamo rappresentare\u00bb.<\/p>\n<p>Una \u201cnicchia\u201d, peraltro, che si \u00e8 conquistata numeri comunque significativi all\u2019interno del turismo regionale: 56.139 presenze nel 2015 (con un aumento del 5,4% nel 2016 e, ancora, una crescita del 22% nel primo semestre 2017, rispetto all\u2019anno precedente), con un pernottamento medio dei turisti tra 4 e 5 notti, a riprova che non si tratta di un turismo \u201cmordi e fuggi\u201d, ma di persone che vivono il territorio, di cui il 29% circa sono stranieri (+62,3% sul 2014). Che spendono. E la spesa complessiva degli ospiti stranieri degli Alberghi Diffusi, un indicatore della \u201cricaduta\u201d economica sul territorio, \u00e8 stimata dall\u2019associazione in oltre 1,5 milioni di euro all\u2019anno, basandosi sull\u2019indicatore della spesa media giornaliera dei turisti stranieri in Italia: denaro che viene speso in ristoranti, visite guidate, negozi, strutture sportive di aree montane dove, altrimenti, il turismo estero sarebbe quasi assente.<\/p>\n<p>A fare da \u201cmadrina\u201d alla costituzione della nuova realt\u00e0, \u00e8 stata l\u2019Associazione Cooperative Friulane cui sono gi\u00e0 associati la maggioranza degli stessi Alberghi Diffusi, per complessivi 1.030 posti letto. Per <strong>Flavio Sialino<\/strong>, presidente dell\u2019organizzazione, si tratta di un importante segnale di vitalit\u00e0 della montagna friulana: \u00abGli Alberghi Diffusi hanno dato alla montagna friulana in questi anni una risposta concreta, nata dal territorio, a un problema reale, quello dell\u2019attrattivit\u00e0 della nostra montagna in termini di investimenti e turismo. Il movimento cooperativo ha accompagnato la crescita di questa esperienza e continuer\u00e0 a farlo anche in futuro\u00bb.<\/p>\n<p>\u00a0<\/p>\n<p><strong><em>All\u2019Associazione hanno aderito gli Alberghi Diffusi:<\/em><\/strong><\/p>\n<p><em>Borgo Soandri di Sutrio, Tolmezzo, Sauris, Comeglians, Forgaria Monte Prat, Paluzza, Zoncolan di Ovaro, Lauco, Col Gentile di Socchieve, Valli del Natisone, Val d\u2019Incarojo di Paularo.<\/em><\/p>\n","protected":false},"excerpt":{"rendered":"<p>Coinvolte undici realt\u00e0<\/p>\n","protected":false},"author":28,"featured_media":23916,"comment_status":"closed","ping_status":"closed","sticky":false,"template":"","format":"standard","meta":{"dwc-title":[],"dwc-content":[],"footnotes":""},"categories":[8],"tags":[],"class_list":["post-23915","post","type-post","status-publish","format-standard","has-post-thumbnail","hentry","category-turismo"],"rttpg_featured_image_url":{"full":["https:\/\/imagazine.it\/wp-content\/uploads\/2024\/01\/20845-1.webp",750,596,false],"landscape":["https:\/\/imagazine.it\/wp-content\/uploads\/2024\/01\/20845-1.webp",750,596,false],"portraits":["https:\/\/imagazine.it\/wp-content\/uploads\/2024\/01\/20845-1.webp",750,596,false],"thumbnail":["https:\/\/imagazine.it\/wp-content\/uploads\/2024\/01\/20845-1-150x150.webp",150,150,true],"medium":["https:\/\/imagazine.it\/wp-content\/uploads\/2024\/01\/20845-1-300x238.webp",300,238,true],"large":["https:\/\/imagazine.it\/wp-content\/uploads\/2024\/01\/20845-1.webp",640,509,false],"thumblist":["https:\/\/imagazine.it\/wp-content\/uploads\/2024\/01\/20845-1.webp",300,238,false],"thumbrelated":["https:\/\/imagazine.it\/wp-content\/uploads\/2024\/01\/20845-1.webp",500,397,false],"meccarouselthumb":["https:\/\/imagazine.it\/wp-content\/uploads\/2024\/01\/20845-1.webp",408,324,false],"gridsquare":["https:\/\/imagazine.it\/wp-content\/uploads\/2024\/01\/20845-1.webp",327,260,false],"tileview":["https:\/\/imagazine.it\/wp-content\/uploads\/2024\/01\/20845-1.webp",300,238,false],"1536x1536":["https:\/\/imagazine.it\/wp-content\/uploads\/2024\/01\/20845-1.webp",750,596,false],"2048x2048":["https:\/\/imagazine.it\/wp-content\/uploads\/2024\/01\/20845-1.webp",750,596,false],"newsup-slider-full":["https:\/\/imagazine.it\/wp-content\/uploads\/2024\/01\/20845-1.webp",750,596,false],"newsup-featured":["https:\/\/imagazine.it\/wp-content\/uploads\/2024\/01\/20845-1.webp",750,596,false],"newsup-medium":["https:\/\/imagazine.it\/wp-content\/uploads\/2024\/01\/20845-1-720x380.webp",720,380,true],"tptn_thumbnail":["https:\/\/imagazine.it\/wp-content\/uploads\/2024\/01\/20845-1.webp",250,199,false],"sow-carousel-default":["https:\/\/imagazine.it\/wp-content\/uploads\/2024\/01\/20845-1-272x182.webp",272,182,true]},"rttpg_author":{"display_name":"redazione","author_link":"https:\/\/imagazine.it\/home_desk\/author\/redazione\/"},"rttpg_comment":0,"rttpg_category":"<a href=\"https:\/\/imagazine.it\/home_desk\/category\/turismo\/\" rel=\"category tag\">TURISMO<\/a>","rttpg_excerpt":"Coinvolte undici realt\u00e0","_links":{"self":[{"href":"https:\/\/imagazine.it\/home_desk\/wp-json\/wp\/v2\/posts\/23915","targetHints":{"allow":["GET"]}}],"collection":[{"href":"https:\/\/imagazine.it\/home_desk\/wp-json\/wp\/v2\/posts"}],"about":[{"href":"https:\/\/imagazine.it\/home_desk\/wp-json\/wp\/v2\/types\/post"}],"author":[{"embeddable":true,"href":"https:\/\/imagazine.it\/home_desk\/wp-json\/wp\/v2\/users\/28"}],"replies":[{"embeddable":true,"href":"https:\/\/imagazine.it\/home_desk\/wp-json\/wp\/v2\/comments?post=23915"}],"version-history":[{"count":0,"href":"https:\/\/imagazine.it\/home_desk\/wp-json\/wp\/v2\/posts\/23915\/revisions"}],"wp:featuredmedia":[{"embeddable":true,"href":"https:\/\/imagazine.it\/home_desk\/wp-json\/wp\/v2\/media\/23916"}],"wp:attachment":[{"href":"https:\/\/imagazine.it\/home_desk\/wp-json\/wp\/v2\/media?parent=23915"}],"wp:term":[{"taxonomy":"category","embeddable":true,"href":"https:\/\/imagazine.it\/home_desk\/wp-json\/wp\/v2\/categories?post=23915"},{"taxonomy":"post_tag","embeddable":true,"href":"https:\/\/imagazine.it\/home_desk\/wp-json\/wp\/v2\/tags?post=23915"}],"curies":[{"name":"wp","href":"https:\/\/api.w.org\/{rel}","templated":true}]}}