{"id":23887,"date":"2017-08-03T00:00:00","date_gmt":"2017-08-02T23:00:00","guid":{"rendered":"https:\/\/imagazine.it\/?p=23887"},"modified":"2017-08-03T00:00:00","modified_gmt":"2017-08-02T23:00:00","slug":"gorizia-presentata-la-mostra-sul-monte-santo","status":"publish","type":"post","link":"https:\/\/imagazine.it\/home_desk\/gorizia-presentata-la-mostra-sul-monte-santo\/","title":{"rendered":"Gorizia, presentata la mostra sul Monte Santo"},"content":{"rendered":"<p>Presentata a Gorizia nella Sala Incontri della Parrocchia di San Rocco la mostra monografica &#8220;Il Monte Santo sopra Gorizia: a 300 anni dall&#39; incoronazione della Sacra Effigie&#8221;, a cura del Centro per la Conservazione e la Valorizzazione delle Tradizioni Popolari Borgo San Rocco.<\/p>\n<p>L\u2019incontro \u00e8 stato inaugurato da un momento musicale della pianista <strong>Michela Sbuelz<\/strong>. &#8220;Il Monte Santo \u2013 ha affermato la presidente del Centro Tradizioni <strong>Laura Madriz<\/strong> nell\u2019intervento introduttivo \u2013 \u00e8 il nostro Santuario, da qualunque punto della citt\u00e0 si alzi la testa si pu\u00f2 vederlo. Desidero ringraziare due Istituzioni cittadine che da anni collaborano con noi, la Biblioteca del Seminario Teologico Centrale nella persona di Isabella Sgoifo e la Biblioteca Statale Isontina nelle persone di Marco Menato e Antonella Gallarotti\u201d.<\/p>\n<p>Dopo gli interventi dei rappresentanti istituzionale \u2013 l\u2019assessore comunale alla cultura, <strong>Fabrizio Oreti<\/strong>, e il parroco di San Rocco <strong>don Ruggero Dipiazza<\/strong> \u2013 lo storico <strong>Andrea Nicolausig<\/strong> ha tracciato la storia del Santuario e della Sacra Effigie, con l\u2019aiuto di alcune letture interpretate da <strong>Andreina Tacus Bertuzzi<\/strong>, tratte da cronache dell&#39;epoca.<\/p>\n<p>Al termine, il direttore della rivista &#8220;Borc San Roc&#8221; <strong>Vanni Feresin<\/strong>, curatore della mostra e della pubblicazione monografica dedicata al 300mo anniversario dall&#39; incoronazione, ha specificato i dettagli inerenti la mostra e le opere visibili.<\/p>\n<p>La mostra rimarr\u00e0 aperta ogni giorno dalle 18.30 alle 23.30 fino al 16 agosto.<\/p>\n","protected":false},"excerpt":{"rendered":"<p>Guarda le foto on line<\/p>\n","protected":false},"author":28,"featured_media":23888,"comment_status":"closed","ping_status":"closed","sticky":false,"template":"","format":"standard","meta":{"dwc-title":[],"dwc-content":[],"footnotes":""},"categories":[37],"tags":[],"class_list":["post-23887","post","type-post","status-publish","format-standard","has-post-thumbnail","hentry","category-cultura-e-spettacolo"],"rttpg_featured_image_url":{"full":["https:\/\/imagazine.it\/wp-content\/uploads\/2024\/01\/20694-1.webp",750,500,false],"landscape":["https:\/\/imagazine.it\/wp-content\/uploads\/2024\/01\/20694-1.webp",750,500,false],"portraits":["https:\/\/imagazine.it\/wp-content\/uploads\/2024\/01\/20694-1.webp",750,500,false],"thumbnail":["https:\/\/imagazine.it\/wp-content\/uploads\/2024\/01\/20694-1-150x150.webp",150,150,true],"medium":["https:\/\/imagazine.it\/wp-content\/uploads\/2024\/01\/20694-1-300x200.webp",300,200,true],"large":["https:\/\/imagazine.it\/wp-content\/uploads\/2024\/01\/20694-1.webp",640,427,false],"thumblist":["https:\/\/imagazine.it\/wp-content\/uploads\/2024\/01\/20694-1.webp",300,200,false],"thumbrelated":["https:\/\/imagazine.it\/wp-content\/uploads\/2024\/01\/20694-1.webp",500,333,false],"meccarouselthumb":["https:\/\/imagazine.it\/wp-content\/uploads\/2024\/01\/20694-1.webp",474,316,false],"gridsquare":["https:\/\/imagazine.it\/wp-content\/uploads\/2024\/01\/20694-1.webp",391,260,false],"tileview":["https:\/\/imagazine.it\/wp-content\/uploads\/2024\/01\/20694-1.webp",300,200,false],"1536x1536":["https:\/\/imagazine.it\/wp-content\/uploads\/2024\/01\/20694-1.webp",750,500,false],"2048x2048":["https:\/\/imagazine.it\/wp-content\/uploads\/2024\/01\/20694-1.webp",750,500,false],"newsup-slider-full":["https:\/\/imagazine.it\/wp-content\/uploads\/2024\/01\/20694-1.webp",750,500,false],"newsup-featured":["https:\/\/imagazine.it\/wp-content\/uploads\/2024\/01\/20694-1.webp",750,500,false],"newsup-medium":["https:\/\/imagazine.it\/wp-content\/uploads\/2024\/01\/20694-1-720x380.webp",720,380,true],"tptn_thumbnail":["https:\/\/imagazine.it\/wp-content\/uploads\/2024\/01\/20694-1.webp",250,167,false],"sow-carousel-default":["https:\/\/imagazine.it\/wp-content\/uploads\/2024\/01\/20694-1-272x182.webp",272,182,true]},"rttpg_author":{"display_name":"redazione","author_link":"https:\/\/imagazine.it\/home_desk\/author\/redazione\/"},"rttpg_comment":0,"rttpg_category":"<a href=\"https:\/\/imagazine.it\/home_desk\/category\/cultura-e-spettacolo\/\" rel=\"category tag\">CULTURA&amp;SPETTACOLO<\/a>","rttpg_excerpt":"Guarda le foto on line","_links":{"self":[{"href":"https:\/\/imagazine.it\/home_desk\/wp-json\/wp\/v2\/posts\/23887","targetHints":{"allow":["GET"]}}],"collection":[{"href":"https:\/\/imagazine.it\/home_desk\/wp-json\/wp\/v2\/posts"}],"about":[{"href":"https:\/\/imagazine.it\/home_desk\/wp-json\/wp\/v2\/types\/post"}],"author":[{"embeddable":true,"href":"https:\/\/imagazine.it\/home_desk\/wp-json\/wp\/v2\/users\/28"}],"replies":[{"embeddable":true,"href":"https:\/\/imagazine.it\/home_desk\/wp-json\/wp\/v2\/comments?post=23887"}],"version-history":[{"count":0,"href":"https:\/\/imagazine.it\/home_desk\/wp-json\/wp\/v2\/posts\/23887\/revisions"}],"wp:featuredmedia":[{"embeddable":true,"href":"https:\/\/imagazine.it\/home_desk\/wp-json\/wp\/v2\/media\/23888"}],"wp:attachment":[{"href":"https:\/\/imagazine.it\/home_desk\/wp-json\/wp\/v2\/media?parent=23887"}],"wp:term":[{"taxonomy":"category","embeddable":true,"href":"https:\/\/imagazine.it\/home_desk\/wp-json\/wp\/v2\/categories?post=23887"},{"taxonomy":"post_tag","embeddable":true,"href":"https:\/\/imagazine.it\/home_desk\/wp-json\/wp\/v2\/tags?post=23887"}],"curies":[{"name":"wp","href":"https:\/\/api.w.org\/{rel}","templated":true}]}}