{"id":23866,"date":"2017-07-31T00:00:00","date_gmt":"2017-07-30T23:00:00","guid":{"rendered":"https:\/\/imagazine.it\/?p=23866"},"modified":"2017-07-31T00:00:00","modified_gmt":"2017-07-30T23:00:00","slug":"da-casarsa-lo-spumante-da-indossare","status":"publish","type":"post","link":"https:\/\/imagazine.it\/home_desk\/da-casarsa-lo-spumante-da-indossare\/","title":{"rendered":"Da Casarsa lo spumante da&#8230; indossare"},"content":{"rendered":"<p>Lo spumante made in Friuli non solo come piacere da gustare in calice ma anche come abbigliamento da indossare: le bollicine stanno diventando un vero e proprio stile di vita, capace di avviare nuove forme di comunicazione, condivisione e pure tendenze di moda. Ne sono convinti ai Viticoltori Friulani La Delizia, cantina friulana di Casarsa della Delizia che sta vivendo un boom di richieste della sua linea di spumanti chiamata Naonis. I numeri parlano di oltre un milione di bottiglie vendute all\u2019anno e accanto al Prosecco si sta consolidando lo <em>Jad\u00e9r Cuv\u00e9e<\/em>, creato da zero direttamente dalla cantina casarsese, sia per l&#39;uvaggio che per il nome e il packaging, con la silhouette della bottiglia e l\u2019etichetta dal verde caratteristico facilmente riconoscibili.<\/p>\n<p>\u201cSta diventando il nostro prodotto simbolo &#8211; ha spiegato il presidente dei Viticoltori Friulani La Delizia <strong>Flavio Bellomo<\/strong> -, visto che siamo gli unici a produrlo. La domanda \u00e8 in crescita e oltre alla qualit\u00e0 dello spumante abbiamo notato che piace sempre pi\u00f9 anche il messaggio che porta, legato al divertimento e al piacere di stare insieme consumando un vino di qualit\u00e0\u201d.\u00a0<\/p>\n<p>Da qui la decisione di produrre una linea di abbigliamento con il marchio <em>Jad\u00e9r<\/em>, con tshirt, canotte e cappellino che sono ora in vendita nel punto vendita della cantina in via Udine a Casarsa e nei negozi di abbigliamento Io Donna e I Marmocchi a San Giovanni di Casarsa.<\/p>\n<p>\u201cAvevamo realizzato dei campioni per alcuni nostri eventi aziendali &#8211; ha aggiunto Bellomo &#8211; e abbiamo notato che sono stati molto apprezzati. Per questo motivo abbiamo deciso di realizzare una prima serie che pensiamo possa essere apprezzata anche dagli enoturisti che visitano Casarsa. Siamo convinti che il merchandising del nostro marchio possa avere degli interessanti sviluppi commerciali e aprire all\u2019intero mondo del vino friulano nuove strade da percorrere\u201d.<\/p>\n","protected":false},"excerpt":{"rendered":"<p>L&#8217;abbigliamento della linea Naonis<\/p>\n","protected":false},"author":28,"featured_media":23867,"comment_status":"closed","ping_status":"closed","sticky":false,"template":"","format":"standard","meta":{"dwc-title":[],"dwc-content":[],"footnotes":""},"categories":[6],"tags":[],"class_list":["post-23866","post","type-post","status-publish","format-standard","has-post-thumbnail","hentry","category-societa"],"rttpg_featured_image_url":{"full":["https:\/\/imagazine.it\/wp-content\/uploads\/2024\/01\/20554-1.webp",750,496,false],"landscape":["https:\/\/imagazine.it\/wp-content\/uploads\/2024\/01\/20554-1.webp",750,496,false],"portraits":["https:\/\/imagazine.it\/wp-content\/uploads\/2024\/01\/20554-1.webp",750,496,false],"thumbnail":["https:\/\/imagazine.it\/wp-content\/uploads\/2024\/01\/20554-1-150x150.webp",150,150,true],"medium":["https:\/\/imagazine.it\/wp-content\/uploads\/2024\/01\/20554-1-300x198.webp",300,198,true],"large":["https:\/\/imagazine.it\/wp-content\/uploads\/2024\/01\/20554-1.webp",640,423,false],"thumblist":["https:\/\/imagazine.it\/wp-content\/uploads\/2024\/01\/20554-1.webp",300,198,false],"thumbrelated":["https:\/\/imagazine.it\/wp-content\/uploads\/2024\/01\/20554-1.webp",500,331,false],"meccarouselthumb":["https:\/\/imagazine.it\/wp-content\/uploads\/2024\/01\/20554-1.webp",474,313,false],"gridsquare":["https:\/\/imagazine.it\/wp-content\/uploads\/2024\/01\/20554-1.webp",391,260,false],"tileview":["https:\/\/imagazine.it\/wp-content\/uploads\/2024\/01\/20554-1.webp",300,198,false],"1536x1536":["https:\/\/imagazine.it\/wp-content\/uploads\/2024\/01\/20554-1.webp",750,496,false],"2048x2048":["https:\/\/imagazine.it\/wp-content\/uploads\/2024\/01\/20554-1.webp",750,496,false],"newsup-slider-full":["https:\/\/imagazine.it\/wp-content\/uploads\/2024\/01\/20554-1.webp",750,496,false],"newsup-featured":["https:\/\/imagazine.it\/wp-content\/uploads\/2024\/01\/20554-1.webp",750,496,false],"newsup-medium":["https:\/\/imagazine.it\/wp-content\/uploads\/2024\/01\/20554-1-720x380.webp",720,380,true],"tptn_thumbnail":["https:\/\/imagazine.it\/wp-content\/uploads\/2024\/01\/20554-1.webp",250,165,false],"sow-carousel-default":["https:\/\/imagazine.it\/wp-content\/uploads\/2024\/01\/20554-1-272x182.webp",272,182,true]},"rttpg_author":{"display_name":"redazione","author_link":"https:\/\/imagazine.it\/home_desk\/author\/redazione\/"},"rttpg_comment":0,"rttpg_category":"<a href=\"https:\/\/imagazine.it\/home_desk\/category\/societa\/\" rel=\"category tag\">SOCIET\u00c0<\/a>","rttpg_excerpt":"L'abbigliamento della linea Naonis","_links":{"self":[{"href":"https:\/\/imagazine.it\/home_desk\/wp-json\/wp\/v2\/posts\/23866","targetHints":{"allow":["GET"]}}],"collection":[{"href":"https:\/\/imagazine.it\/home_desk\/wp-json\/wp\/v2\/posts"}],"about":[{"href":"https:\/\/imagazine.it\/home_desk\/wp-json\/wp\/v2\/types\/post"}],"author":[{"embeddable":true,"href":"https:\/\/imagazine.it\/home_desk\/wp-json\/wp\/v2\/users\/28"}],"replies":[{"embeddable":true,"href":"https:\/\/imagazine.it\/home_desk\/wp-json\/wp\/v2\/comments?post=23866"}],"version-history":[{"count":0,"href":"https:\/\/imagazine.it\/home_desk\/wp-json\/wp\/v2\/posts\/23866\/revisions"}],"wp:featuredmedia":[{"embeddable":true,"href":"https:\/\/imagazine.it\/home_desk\/wp-json\/wp\/v2\/media\/23867"}],"wp:attachment":[{"href":"https:\/\/imagazine.it\/home_desk\/wp-json\/wp\/v2\/media?parent=23866"}],"wp:term":[{"taxonomy":"category","embeddable":true,"href":"https:\/\/imagazine.it\/home_desk\/wp-json\/wp\/v2\/categories?post=23866"},{"taxonomy":"post_tag","embeddable":true,"href":"https:\/\/imagazine.it\/home_desk\/wp-json\/wp\/v2\/tags?post=23866"}],"curies":[{"name":"wp","href":"https:\/\/api.w.org\/{rel}","templated":true}]}}