{"id":23798,"date":"2017-07-13T00:00:00","date_gmt":"2017-07-12T23:00:00","guid":{"rendered":"https:\/\/imagazine.it\/?p=23798"},"modified":"2017-07-13T00:00:00","modified_gmt":"2017-07-12T23:00:00","slug":"i-borghi-del-natisone-diventano-palcoscenico-diffuso","status":"publish","type":"post","link":"https:\/\/imagazine.it\/home_desk\/i-borghi-del-natisone-diventano-palcoscenico-diffuso\/","title":{"rendered":"I borghi del Natisone diventano palcoscenico diffuso"},"content":{"rendered":"<p>Diciannove eventi e spettacoli, una cinquantina di artisti chiamati ad animare un palcoscenico senza frontiere di generi e tecniche. Otto giorni di teatro, da mercoled\u00ec 19 a mercoled\u00ec 26 luglio, con attori, narratori, cantastorie e burattinai riuniti nel <strong>Festival delle Valli del Natisone<\/strong>: una manifestazione nata e cresciuta nel segno del \u2018teatro diffuso\u2019, capace di trovare intorno al fiume Natisone &#8211; nei borghi, nelle corti e nelle piazze fra Italia e Slovenia &#8211; altrettante \u2018agor\u00e0 sceniche\u2019 intorno alle quali riunirsi nei pomeriggi e nelle sere di mezza estate.<\/p>\n<p><strong>Il Festival <\/strong>riprende cos\u00ec il testimone ultraventennale di <em>Marionette&#038;Burattini<\/em>: il teatro di figura rester\u00e0 spina dorsale della manifestazione, ma in dialogo con gli altri linguaggi della scena, in un orizzonte artistico che abbraccer\u00e0 anche il teatro d\u2019attore e di narrazione, il teatro musicale\u00a0 e il <em>nouveau cirque<\/em>, il teatro danza\u2026 \u00a0L\u2019edizione 2017 del Festival, a cura di <strong>Roberto Piaggio<\/strong> e <strong>Fernando Marchiori<\/strong>, \u00e8 promossa<strong> dall\u2019Associazione Puppet FGV <\/strong>con il<strong> CTA \u2013 Centro Teatro Animazioni Gorizia<\/strong>, in collaborazione con la <strong>Regione Friuli Venezia Giulia <\/strong>e in sinergia con i nove<strong> Comuni delle Valli del Natisone: <\/strong>San Pietro al Natisone, Drenchia, Grimacco, San Leonardo, Pulfero, Stregna, Savogna, Torreano, Prepotto, Caporetto.<\/p>\n<p>\u00abIl Festival delle Valli del Natisone \u2013 osserva <strong>Vincenzo Martines<\/strong>, presidente della V Commissione del Consiglio Regionale Fvg, Attivit\u00e0 culturali e identit\u00e0 linguistiche \u2013 \u00e8 una di quelle manifestazioni che alimenta la ricchezza culturale delle nostre terre, diverse ma unite in una specialit\u00e0 che esalta ogni singolo contesto\u00bb.<\/p>\n<p>\u00abSulla capacit\u00e0 attrattiva dei luoghi \u2013 spiega <strong>Roberto Piaggio<\/strong> \u2013 \u00a0si giocano le opportunit\u00e0 concrete di promozione del territorio del Natisone, forte di una grande tradizione e di un solido patrimonio storico e culturale. La chiave del festival sar\u00e0 il dialogo sempre pi\u00f9 intenso con le Valli e i suoi abitanti\u00bb. \u00abL\u2019apertura convinta a forme di teatralit\u00e0 non legate alle \u201cfigure\u201d \u2013 sottolinea <strong>Fernando Marchiori<\/strong> \u2013 \u00e8 iniziata da tempo. Gli appuntamenti di Cicigolis, Lase e Masseris, che promuovono uno scambio tra artisti e residenti in materia di canti, di orti e di storie locali, ne sono una testimonianza\u00bb.<\/p>\n<p>A inaugurare il festival, <strong>mercoled\u00ec 19 <\/strong><strong>luglio a Masarolis <\/strong>(ore 18.30), sar\u00e0 il debutto di<strong> \u201cSalamelecchi\u201d<\/strong>, la nuova produzione CTA ispirata a un classico di Andersen, \u201cI vestiti nuovi dell\u2019imperatore\u201d: un testo che ricorda a giovani e adulti l\u2019importanza del pensiero critico e insegna a diffidare dell\u2019ottusa compiacenza. In scena Alice Melloni diretta da Roberto Piaggio, su progetto a cura di <strong>Antonella Caruzzi<\/strong>. E <strong>a San Giovanni d\u2019Antro<\/strong>, alle 21, riflettori sulla performance attoriale di<strong> Vittorio Pirrotta<\/strong>, \u201c<strong>Il furioso Orlando<\/strong>\u201d.<\/p>\n<p>La seconda giornata, <strong>gioved\u00ec 20 luglio, <\/strong>ruoter\u00e0 intorno al cibo: se le <strong>giocolerie di Claudio e Consuelo, con la loro \u201cCucina errante\u201d<\/strong> terranno banco a San Pietro al Natisone (dalle 11 al Centro Estivo), a<strong> Lase di Drenchia <\/strong>\u00e8 in programma tutta una giornata dedicata agli Orti nelle Valli, con passeggiata e visite agli orti di alcuni paesi guidate dagli stessi abitanti, a cura dell\u2019associazione<strong> Kobilja glava<\/strong>. E alle 21 lo spettacolo \u201c<strong>Orti insorti<\/strong>\u201d, della eco-narratrice <strong>Elena Guerrini<\/strong>, al quale far\u00e0 seguito la premiazione del miglior orto dei paesi coinvolti e l\u2019epilogo succulento a tavola, con il minestrone cucinato nel corso dello spettacolo: la materia prima, naturalmente, arriver\u00e0 dagli orti locali.<\/p>\n<p><strong>Venerd\u00ec 21 luglio <\/strong>il sipario si alza alle 17 a<strong> Bordon<\/strong>, con una pi\u00e8ce transgenerazionale,<strong> \u201cIl principe bestia\u201d<\/strong>, che spiega come restare se stessi oltre le apparenze: in scena <strong>Beppe Rizzo<\/strong>, storico autore di Oltreilponte, con i suoi grandi pupazzi. <strong>Alle 18.30 a Grimacco<\/strong> superiore tornano in scena Claudio e Consuelo con la loro giocosa corrispondenza \u201c<strong>Dal paese dei balocchi<\/strong>\u201d. E <strong>alle 21.30<\/strong>,<strong> a Oculis<\/strong>, ecco uno spettacolo che scava nell\u2019anima di Amleto e delle altre icone del teatro:<strong> \u201cL\u2019Archivio delle Anime. Amleto\u201d<\/strong>, di <strong>Naira Gonzalez<\/strong> e <strong>Massimiliano Donato<\/strong> che sar\u00e0 protagonista in scena, indaga quello che succede allorch\u00e9 della morte rimangono solo il silenzio e l\u2019odore, quando i personaggi hanno compiuto il loro tragico destino, quando il pubblico ha consumato il suo pasto e sazio dell\u2019eroe che pensa ha lasciato il teatro per rientrare nella quotidianit\u00e0.<\/p>\n<p><strong>Sabato 22 luglio<\/strong>, a Cicigolis di Pulfero (ore 21) <strong>il Festival propone <\/strong><font color=\"#0782c1\">&#8220;Torner\u00f2 nelle Valli&#8221;.<\/font><strong><font color=\"#0782c1\">\u00a0<\/font><\/strong>Il musicista e compositore <strong>Giovanni<\/strong> <strong>Dell\u2019Olivo <\/strong>con il <strong>Collettivo di Lagunaria<\/strong> con la cantante <strong>Maria Bergamo <\/strong>accompagner\u00e0 il pubblico attraverso<strong> \u201c<\/strong><strong>Cantare il fronte\u201d<\/strong>, un percorso fra i fronti della Grande Guerra, nei luoghi che ne furono teatro: all\u2019insegna dei canti di testimonianza, anarchici e libertari, in dialogo con il coro <strong>Nediski Puobi<\/strong>, il pi\u00f9 antico e noto delle Valli del Natisone, che introdurr\u00e0 la serata e sar\u00e0 in scena per alcuni pezzi con gli artisti ospiti. Nel pomeriggio, alle <strong>18.30 a Iesizza <\/strong>l\u2019omaggio a una delle compagnie storiche del Teatro di Figura nazionale,<strong> Is Mascareddas: \u201cAnima e coru\u201d,<\/strong> di e con <strong>Antonio Murru<\/strong>, <strong>\u201cAnima e coru\u201d,<\/strong> di e con Antonio Murru, mostra i trucchi dell\u2019animazione e alza il velo sulle scene tipiche dell\u2019azione burattinesca, riproducendole dentro e fuori la baracca, con <strong>Areste Pagan\u00f2s<\/strong>, l\u2019originale maschera sarda inventata dalla compagnia, nel ruolo di presentatore.<\/p>\n<p><strong>Domenica 23 luglio si parte alle 17.30, a Masseris, con le \u201cStorie raccolte lungo un sentiero\u201d, <\/strong>di e con <strong>Luisa Battistig<\/strong>, omaggio alla tradizione delle Valli del Natisone, alle sue <em>krivapete<\/em>, alle suggestioni di <em>balavanti<\/em> e <em>skrati<\/em>. Racconti che si dipaneranno nel corso di una passeggiata circolare attraverso tre paesi delle Valli: Masseris, Dus, Jelina. <strong>Alle 21, a Tercimonte, riflettori su \u201cGiovannin senza paura\u201d,<\/strong> la produzione di <strong>Pupi di Stac<\/strong> ispirata a una celebre novella toscana.<\/p>\n<p><strong>Luned\u00ec 24 luglio il remake di \u201cCapuccetto rosso\u201d<\/strong>: lo firma \u2013 per burattini, musica e un pubblico coinvolto nel plot \u2013 la compagnia slovena<strong> Zapik Gledalisce,<\/strong> di scena alle 17 a Caporetto. <strong>Alle 18.30 a Klastra <\/strong>far\u00e0 tappa una produzione CTA,<strong> \u201cCip cip bau bau\u201d<\/strong>. <strong>Alle 21.30 a Tribil inferiore \u201c9841\/Rukeli\u201d<\/strong>, di e con<strong> Gianmarco Busetto<\/strong>, \u00e8 la storia del pugile tedesco di origine sinti Johann Trollmann detto Rukeli. La pi\u00e8ce ripercorre la vicenda umana e sportiva di un uomo che, da solo, ha osato sfidare la propaganda nazista con uno dei pi\u00f9 geniali e potenti atti di comunicazione della storia. \u00a0\u00a0Marted\u00ec 25 luglio l\u2019omaggio a due Maestri del Teatro di Figura:<strong> Walter Broggini <\/strong>firma lo spettacolo<strong> \u201cDi l\u00e0 dal mare\u201d<\/strong>, in scena alle 18 a Clodig. Un viaggio di conoscenza e di condivisione, che diventa occasione per raccontare storie divertenti e bizzarre, con una una variet\u00e0 straordinaria di tecniche d\u2019animazione: narrazione, burattini, marionette, pupazzi. <strong>Alle 21.30 a Prepotto l\u2019artista Gigio Brunello<\/strong> presenta la nuova produzione scritta a quattro mani con <strong>Gyula Molnar<\/strong>, \u201c<strong>La grande guerra del sipario<\/strong>\u201d: l\u2019occasione per indagare il rapporto tra scena e burattino a partire da Mario e Linda, due \u2018puppet\u2019 costruiti per uno spettacolo mai andato in scena, nati da un tiglio e da una quercia per incarnare Filemone e Bauci.<\/p>\n<p>Nella giornata conclusiva,<strong> mercoled\u00ec 26 luglio, si parte alle 18 a Togliano <\/strong>con un classico intramontabile del Teatro Pirata,<strong> \u201cIl gran circo dei burattini<\/strong>\u201d. E <strong>a Sorzento, alle 21.30<\/strong>, chiusura di festival con la performance<strong> \u201c<\/strong><strong>Pasticceri\u201d<\/strong><strong>, <\/strong>ambientata in una cucina-laboratorio, i due protagonisti,<strong> Roberto Abbiati <\/strong>e<strong> Leonardo Capuano<\/strong>, sforneranno vere torte che saranno offerte al pubblico alla fine dello spettacolo. Il tutto nel contesto di una antica corte del paese, racchiusa da edifici contadini con ballatoi di legno: una specie di piccolo, prezioso \u201cGlobe Theatre\u201d delle Valli del Natisone, lo stesso luogo che alcuni anni fa vide protagonista Marco Paolini nell\u2019ambito di \u201cMarionette&#038;Burattini\u201d.<\/p>\n<p>Ingresso libero, info: <a href=\"http:\/\/www.ctagorizia.it\" target=\"_blank\" rel=\"noopener\">www.ctagorizia.it<\/a>\u00a0<\/p>\n","protected":false},"excerpt":{"rendered":"<p>Dal 19 al 26 luglio il festival di teatro<\/p>\n","protected":false},"author":28,"featured_media":23799,"comment_status":"closed","ping_status":"closed","sticky":false,"template":"","format":"standard","meta":{"dwc-title":[],"dwc-content":[],"footnotes":""},"categories":[37],"tags":[],"class_list":["post-23798","post","type-post","status-publish","format-standard","has-post-thumbnail","hentry","category-cultura-e-spettacolo"],"rttpg_featured_image_url":{"full":["https:\/\/imagazine.it\/wp-content\/uploads\/2024\/01\/20225-1.webp",750,501,false],"landscape":["https:\/\/imagazine.it\/wp-content\/uploads\/2024\/01\/20225-1.webp",750,501,false],"portraits":["https:\/\/imagazine.it\/wp-content\/uploads\/2024\/01\/20225-1.webp",750,501,false],"thumbnail":["https:\/\/imagazine.it\/wp-content\/uploads\/2024\/01\/20225-1-150x150.webp",150,150,true],"medium":["https:\/\/imagazine.it\/wp-content\/uploads\/2024\/01\/20225-1-300x200.webp",300,200,true],"large":["https:\/\/imagazine.it\/wp-content\/uploads\/2024\/01\/20225-1.webp",640,428,false],"thumblist":["https:\/\/imagazine.it\/wp-content\/uploads\/2024\/01\/20225-1.webp",300,200,false],"thumbrelated":["https:\/\/imagazine.it\/wp-content\/uploads\/2024\/01\/20225-1.webp",500,334,false],"meccarouselthumb":["https:\/\/imagazine.it\/wp-content\/uploads\/2024\/01\/20225-1.webp",474,317,false],"gridsquare":["https:\/\/imagazine.it\/wp-content\/uploads\/2024\/01\/20225-1.webp",389,260,false],"tileview":["https:\/\/imagazine.it\/wp-content\/uploads\/2024\/01\/20225-1.webp",300,200,false],"1536x1536":["https:\/\/imagazine.it\/wp-content\/uploads\/2024\/01\/20225-1.webp",750,501,false],"2048x2048":["https:\/\/imagazine.it\/wp-content\/uploads\/2024\/01\/20225-1.webp",750,501,false],"newsup-slider-full":["https:\/\/imagazine.it\/wp-content\/uploads\/2024\/01\/20225-1.webp",750,501,false],"newsup-featured":["https:\/\/imagazine.it\/wp-content\/uploads\/2024\/01\/20225-1.webp",750,501,false],"newsup-medium":["https:\/\/imagazine.it\/wp-content\/uploads\/2024\/01\/20225-1-720x380.webp",720,380,true],"tptn_thumbnail":["https:\/\/imagazine.it\/wp-content\/uploads\/2024\/01\/20225-1.webp",250,167,false],"sow-carousel-default":["https:\/\/imagazine.it\/wp-content\/uploads\/2024\/01\/20225-1-272x182.webp",272,182,true]},"rttpg_author":{"display_name":"redazione","author_link":"https:\/\/imagazine.it\/home_desk\/author\/redazione\/"},"rttpg_comment":0,"rttpg_category":"<a href=\"https:\/\/imagazine.it\/home_desk\/category\/cultura-e-spettacolo\/\" rel=\"category tag\">CULTURA&amp;SPETTACOLO<\/a>","rttpg_excerpt":"Dal 19 al 26 luglio il festival di teatro","_links":{"self":[{"href":"https:\/\/imagazine.it\/home_desk\/wp-json\/wp\/v2\/posts\/23798","targetHints":{"allow":["GET"]}}],"collection":[{"href":"https:\/\/imagazine.it\/home_desk\/wp-json\/wp\/v2\/posts"}],"about":[{"href":"https:\/\/imagazine.it\/home_desk\/wp-json\/wp\/v2\/types\/post"}],"author":[{"embeddable":true,"href":"https:\/\/imagazine.it\/home_desk\/wp-json\/wp\/v2\/users\/28"}],"replies":[{"embeddable":true,"href":"https:\/\/imagazine.it\/home_desk\/wp-json\/wp\/v2\/comments?post=23798"}],"version-history":[{"count":0,"href":"https:\/\/imagazine.it\/home_desk\/wp-json\/wp\/v2\/posts\/23798\/revisions"}],"wp:featuredmedia":[{"embeddable":true,"href":"https:\/\/imagazine.it\/home_desk\/wp-json\/wp\/v2\/media\/23799"}],"wp:attachment":[{"href":"https:\/\/imagazine.it\/home_desk\/wp-json\/wp\/v2\/media?parent=23798"}],"wp:term":[{"taxonomy":"category","embeddable":true,"href":"https:\/\/imagazine.it\/home_desk\/wp-json\/wp\/v2\/categories?post=23798"},{"taxonomy":"post_tag","embeddable":true,"href":"https:\/\/imagazine.it\/home_desk\/wp-json\/wp\/v2\/tags?post=23798"}],"curies":[{"name":"wp","href":"https:\/\/api.w.org\/{rel}","templated":true}]}}