{"id":23760,"date":"2017-07-07T00:00:00","date_gmt":"2017-07-06T23:00:00","guid":{"rendered":"https:\/\/imagazine.it\/?p=23760"},"modified":"2017-07-07T00:00:00","modified_gmt":"2017-07-06T23:00:00","slug":"gestione-della-citta-grado-nellelite-mondiale-per-qualita","status":"publish","type":"post","link":"https:\/\/imagazine.it\/home_desk\/gestione-della-citta-grado-nellelite-mondiale-per-qualita\/","title":{"rendered":"Gestione della citt\u00e0, &#8220;Grado nell&#8217;elite mondiale per qualit\u00e0&#8221;"},"content":{"rendered":"<p>Il presupposto della gara internazionale \u201cCommunities in bloom\u201d (comunit\u00e0 in fiore), nel quale la citt\u00e0 di Grado rappresenta l\u2019Italia per l\u2019edizione 2017 in corso, \u00e8 la verifica dello stato di \u2018salute\u2019 complessivo di una collettivit\u00e0. La capacit\u00e0 attivare politiche efficaci e concrete sul piano dell\u2019azione ambientale, di promuovere una cultura di attenzione per il paesaggio e i beni pubblici, unito a un forte senso di responsabilit\u00e0 civica e ambientale. \u201cNon confrontiamo le citt\u00e0 ma piuttosto il rapporto fra le potenzialit\u00e0 di ciascuna e lo stato effettivo, quindi la capacit\u00e0 di resa da parte delle amministrazioni e delle comunit\u00e0\u201d, hanno spiegato le due giudici internazionali, l\u2019irlandese <strong>Bernadette Solon<\/strong> e la canadese <strong>Berta Briggs<\/strong>, nell\u2019incontro conclusivo con la stampa e le istituzioni, all\u2019Hotel Astoria di Grado, dopo 48 ore trascorse fra il centro storico e la laguna, seguendo un programma che le ha portate a incontrare scuole, associazioni culturali e di categoria, promoter della citt\u00e0, portatori di interesse e altre realt\u00e0 locali legate alla vita di Grado.<\/p>\n<p>Pur mantenendo l\u2019opportuno riserbo che il ruolo le impone, le due giudici non hanno nascosto il fatto che, oltre alla preziosa variet\u00e0 paesaggistica, ambientale e storica del territorio, \u00e8 stata proprio la calorosa accoglienza riscontrata nella comunit\u00e0 gradese ad averle particolarmente e positivamente impressionate.<\/p>\n<p>Ricordiamo che l\u2019Isola d\u2019oro rappresenta l\u2019Italia nella competizione mondiale \u201cCommunities in bloom\u201d, nata per riconoscere e valorizzare le municipalit\u00e0 eccellenti nello sviluppo e cura degli spazi verdi, nella sostenibilit\u00e0 ambientale, nella pulizia e ordine della citt\u00e0, nella tutela del patrimonio storico e paesaggistico, nella cura e promozione delle tradizioni.<\/p>\n<p>Affiancate dal sindaco di Grado<strong> Dario Raugna<\/strong>, le due giudici hanno ricordato che la proclamazione finale avverr\u00e0 a Ottawa, a met\u00e0 settembre: solo allora si conoscer\u00e0 la municipalit\u00e0 \u00a0vincitrice, e si sapr\u00e0 se Grado avr\u00e0 potuto primeggiare su Abazia (Croazia) e le altre candidate nordamericane. \u201cPer ora, comunque, una cosa \u00e8 certa \u2013 hanno spiegato le due giudici durante il tour \u2013 Grado \u00e8 gi\u00e0 nell\u2019elite delle citt\u00e0 che in tutto il pianeta possono permettersi di partecipare a questa competizione, per l\u2019alta qualit\u00e0 di gestione, per i livelli di qualit\u00e0 e tutela ambientale, per la capacit\u00e0 di custodire un patrimonio antico e prezioso\u201d.<\/p>\n<p>Alla competizione mondiale delle \u2018Comunit\u00e0 in fiore\u2019 Grado \u00e8 arrivata grazie al terzo titolo nazionale di <strong>Comune Fiorito<\/strong>, conseguito nel 2016 e promosso da Asproflor, rivolto ai comuni pi\u00f9 virtuosi nella cura del verde pubblico e nel coinvolgimento della popolazione, perch\u00e9 \u201cfiorire \u00e8 accogliere\u201d. Nel 2011 il Comune di Grado aveva ottenuto la medaglia d\u2019oro del concorso europeo <em>Entente Florale Europe<\/em>.<\/p>\n","protected":false},"excerpt":{"rendered":"<p>Valutazione \u201cCommunities in bloom\u201d<\/p>\n","protected":false},"author":28,"featured_media":23761,"comment_status":"closed","ping_status":"closed","sticky":false,"template":"","format":"standard","meta":{"dwc-title":[],"dwc-content":[],"footnotes":""},"categories":[8],"tags":[],"class_list":["post-23760","post","type-post","status-publish","format-standard","has-post-thumbnail","hentry","category-turismo"],"rttpg_featured_image_url":{"full":["https:\/\/imagazine.it\/wp-content\/uploads\/2024\/01\/20094-1.webp",750,498,false],"landscape":["https:\/\/imagazine.it\/wp-content\/uploads\/2024\/01\/20094-1.webp",750,498,false],"portraits":["https:\/\/imagazine.it\/wp-content\/uploads\/2024\/01\/20094-1.webp",750,498,false],"thumbnail":["https:\/\/imagazine.it\/wp-content\/uploads\/2024\/01\/20094-1-150x150.webp",150,150,true],"medium":["https:\/\/imagazine.it\/wp-content\/uploads\/2024\/01\/20094-1-300x199.webp",300,199,true],"large":["https:\/\/imagazine.it\/wp-content\/uploads\/2024\/01\/20094-1.webp",640,425,false],"thumblist":["https:\/\/imagazine.it\/wp-content\/uploads\/2024\/01\/20094-1.webp",300,199,false],"thumbrelated":["https:\/\/imagazine.it\/wp-content\/uploads\/2024\/01\/20094-1.webp",500,332,false],"meccarouselthumb":["https:\/\/imagazine.it\/wp-content\/uploads\/2024\/01\/20094-1.webp",474,315,false],"gridsquare":["https:\/\/imagazine.it\/wp-content\/uploads\/2024\/01\/20094-1.webp",391,260,false],"tileview":["https:\/\/imagazine.it\/wp-content\/uploads\/2024\/01\/20094-1.webp",300,199,false],"1536x1536":["https:\/\/imagazine.it\/wp-content\/uploads\/2024\/01\/20094-1.webp",750,498,false],"2048x2048":["https:\/\/imagazine.it\/wp-content\/uploads\/2024\/01\/20094-1.webp",750,498,false],"newsup-slider-full":["https:\/\/imagazine.it\/wp-content\/uploads\/2024\/01\/20094-1.webp",750,498,false],"newsup-featured":["https:\/\/imagazine.it\/wp-content\/uploads\/2024\/01\/20094-1.webp",750,498,false],"newsup-medium":["https:\/\/imagazine.it\/wp-content\/uploads\/2024\/01\/20094-1-720x380.webp",720,380,true],"tptn_thumbnail":["https:\/\/imagazine.it\/wp-content\/uploads\/2024\/01\/20094-1.webp",250,166,false],"sow-carousel-default":["https:\/\/imagazine.it\/wp-content\/uploads\/2024\/01\/20094-1-272x182.webp",272,182,true]},"rttpg_author":{"display_name":"redazione","author_link":"https:\/\/imagazine.it\/home_desk\/author\/redazione\/"},"rttpg_comment":0,"rttpg_category":"<a href=\"https:\/\/imagazine.it\/home_desk\/category\/turismo\/\" rel=\"category tag\">TURISMO<\/a>","rttpg_excerpt":"Valutazione \u201cCommunities in bloom\u201d","_links":{"self":[{"href":"https:\/\/imagazine.it\/home_desk\/wp-json\/wp\/v2\/posts\/23760","targetHints":{"allow":["GET"]}}],"collection":[{"href":"https:\/\/imagazine.it\/home_desk\/wp-json\/wp\/v2\/posts"}],"about":[{"href":"https:\/\/imagazine.it\/home_desk\/wp-json\/wp\/v2\/types\/post"}],"author":[{"embeddable":true,"href":"https:\/\/imagazine.it\/home_desk\/wp-json\/wp\/v2\/users\/28"}],"replies":[{"embeddable":true,"href":"https:\/\/imagazine.it\/home_desk\/wp-json\/wp\/v2\/comments?post=23760"}],"version-history":[{"count":0,"href":"https:\/\/imagazine.it\/home_desk\/wp-json\/wp\/v2\/posts\/23760\/revisions"}],"wp:featuredmedia":[{"embeddable":true,"href":"https:\/\/imagazine.it\/home_desk\/wp-json\/wp\/v2\/media\/23761"}],"wp:attachment":[{"href":"https:\/\/imagazine.it\/home_desk\/wp-json\/wp\/v2\/media?parent=23760"}],"wp:term":[{"taxonomy":"category","embeddable":true,"href":"https:\/\/imagazine.it\/home_desk\/wp-json\/wp\/v2\/categories?post=23760"},{"taxonomy":"post_tag","embeddable":true,"href":"https:\/\/imagazine.it\/home_desk\/wp-json\/wp\/v2\/tags?post=23760"}],"curies":[{"name":"wp","href":"https:\/\/api.w.org\/{rel}","templated":true}]}}