{"id":23748,"date":"2017-07-06T00:00:00","date_gmt":"2017-07-05T23:00:00","guid":{"rendered":"https:\/\/imagazine.it\/?p=23748"},"modified":"2017-07-06T00:00:00","modified_gmt":"2017-07-05T23:00:00","slug":"cervignano-unestate-tra-musica-e-motori","status":"publish","type":"post","link":"https:\/\/imagazine.it\/home_desk\/cervignano-unestate-tra-musica-e-motori\/","title":{"rendered":"Cervignano, un&#8217;estate tra musica e motori"},"content":{"rendered":"<p>Da alcune settimana il Parco Europa di Cervignano \u00a0ha &#8220;aperto le danze&#8221; per gli appassionati di ballo. Tutti i marted\u00ec, fino al 9 agosto, saranno infatti protagonisti i balli latino-americani scelti e diretti dalla bravura di <strong>Flavia e Roberto<\/strong>, insegnanti e coordinatori dell&#39;Associazione Nueva Clave di Gradisca. Ogni gioved\u00ec invece si alternano Rene&#39;, Fabio Corazza e il duo Livio e Francesco per far danzare gli amanti del liscio e dei balli di gruppo.<\/p>\n<p>\u201cDopo queste prime settimane \u2013 commenta <strong>Elisabetta Nicola<\/strong>, presidente della Pro Loco cervignanese \u2013 possiamo stilare un bilancio positivo: la gente partecipa e si diverte, molto il riscontro da fuori Cervignano, assidui ballerini che non saltano nemmeno una serata. La pista da ballo alle volte \u00e8 fin troppo piccola per tutte le persone e questo ci fa credere che l&#39;evento piace ed \u00e8 positivo. Il tutto sempre a entrata libera\u201d.<\/p>\n<p>Unico neo il maltempo che ha impedito il regolare svolgimento della serata\u00a0per la selezione di Miss Italia lo scorso 30 giugno: l\u2019evento \u00e8 stato rimandato\u00a0al 25\u00a0luglio. Nulla cambier\u00e0 dal programma gi\u00e0 pubblicato, dalle ore 21 la serata inizier\u00e0 con l&#39;esibizione del gruppo di ballerini dell&#39;Associazione sportiva Olimpia danze di Cervignano per poi continuare con la selezione delle partecipanti a Miss Italia: la vincitrice, oltre al titolo di &#8220;Miss Miluna Cervignano&#8221;, si aggiudicher\u00e0 anche un gioiello &#8220;Miluna&#8221;.<br \/> Qualunque ragazze che volesse \u00a0partecipare a &#8220;Miss Italia&#8221; pu\u00f2 compilare il modulo (<a href=\"http:\/\/www.missitalia.it\/concorso\/partecipa.php\" target=\"_blank\" rel=\"noopener\">vedi link<\/a>)\u00a0oppure contattare gli agenti regionali al 393 3352362.<\/p>\n<p>\u201cSabato 8, 15, 29 luglio e 5, 19 agosto \u2013 aggiunge Nicola \u2013 l&#39;associazione <em>Gente que si<\/em>, capitanata da <strong>Milena e Loris<\/strong>, proporranno la milonga mentre i migliori dj si alterneranno sul palco per proporre le pi\u00f9 belle musiche di tango argentino. L&#39;entrata sar\u00e0 a pagamento\u201d.<\/p>\n<p>I programmi di luglio continuano poi con tre grandi concerti nell\u2019ambito di Onde Mediterranee Festival: gioved\u00ec 20 luglio <strong>Samuel<\/strong>, venerd\u00ec 21 luglio <strong>Niccol\u00f2 Fabi<\/strong> e sabato 22 luglio <strong>Max Gazz\u00e8<\/strong>. Durante i giorni precedenti, per poter permettere l&#39;installazione dei vari impianti, il Parco Europa rimarr\u00e0 chiuso al pubblico.<\/p>\n<p>Non solo musica: il 28 luglio arriva la comicit\u00e0 di <em>Colorado<\/em> con <strong>Gianluca Impastato<\/strong> che proporr\u00e0 la miglior carrellata dei suoi pi\u00f9 famosi personaggi, con ingresso gratuito.<\/p>\n<p>Durante tutte le serate \u00e8 operativo un chiosco con bibite, panini, gelati e cocktail preparati sul posto.<\/p>\n<p>La stagione al Parco Europa si concluder\u00e0 sabato 19 agosto. \u201cSuccessivamente \u2013 anticipa la presidente \u2013 la Pro Loco si sposter\u00e0 in Villa Chiozza per la terza Festa del Refosco dal peduncolo rosso, in programma il 3 settembre. Si potranno degustare i vini delle aziende agricole del Consorzio vini Doc di Aquileia, si alterneranno conferenze e convegni per tutto il giorno sul tema antico e moderno del vino Refosco per poi concludere la sera con una cena a base di refosco accompagnata da un concerto. Il 9 settembre poi la Pro Loco sar\u00e0 presente logisticamente e burocraticamente con i commercianti di &#8220;Garibaldi Street&#8221; per un evento all&#39;insegna del divertimento\u00a0 con chioschi, giochi e molto altro,\u00a0oltre alla pastasciutta offerta dal Gruppo alpini\u201d.<\/p>\n<p>A completare il calendario di attivit\u00e0 estive, il 16 e 17 settembre al Centro commerciale le Rogge la Pro loco organizza il terzo <em>Cervignano Motor&#39;s Festival<\/em>, spettacolo con esibizione di auto di drifting, rally, formula 3000, stuntman guida acrobatica su due e quattro ruote, pista di motocross enduro e fuoristrada, esposizione di prototipi, concessionarie del luogo, macchine telecomandate, per un evento che lo scorso anno ha fatto registrare la presenza di oltre 6.000 persone.<\/p>\n<p>Da ricordare, infine, che ogni prima domenica del mese la Pro Loco organizza in piazza Indipendenza a Cervignano il tradizionale mercatino dell\u2019usato.<\/p>\n","protected":false},"excerpt":{"rendered":"<p>Iniziata la programmazione al Parco Europa<\/p>\n","protected":false},"author":28,"featured_media":23749,"comment_status":"closed","ping_status":"closed","sticky":false,"template":"","format":"standard","meta":{"dwc-title":[],"dwc-content":[],"footnotes":""},"categories":[8],"tags":[],"class_list":["post-23748","post","type-post","status-publish","format-standard","has-post-thumbnail","hentry","category-turismo"],"rttpg_featured_image_url":{"full":["https:\/\/imagazine.it\/wp-content\/uploads\/2024\/01\/20062-1.webp",750,566,false],"landscape":["https:\/\/imagazine.it\/wp-content\/uploads\/2024\/01\/20062-1.webp",750,566,false],"portraits":["https:\/\/imagazine.it\/wp-content\/uploads\/2024\/01\/20062-1.webp",750,566,false],"thumbnail":["https:\/\/imagazine.it\/wp-content\/uploads\/2024\/01\/20062-1-150x150.webp",150,150,true],"medium":["https:\/\/imagazine.it\/wp-content\/uploads\/2024\/01\/20062-1-300x226.webp",300,226,true],"large":["https:\/\/imagazine.it\/wp-content\/uploads\/2024\/01\/20062-1.webp",640,483,false],"thumblist":["https:\/\/imagazine.it\/wp-content\/uploads\/2024\/01\/20062-1.webp",300,226,false],"thumbrelated":["https:\/\/imagazine.it\/wp-content\/uploads\/2024\/01\/20062-1.webp",500,377,false],"meccarouselthumb":["https:\/\/imagazine.it\/wp-content\/uploads\/2024\/01\/20062-1.webp",429,324,false],"gridsquare":["https:\/\/imagazine.it\/wp-content\/uploads\/2024\/01\/20062-1.webp",345,260,false],"tileview":["https:\/\/imagazine.it\/wp-content\/uploads\/2024\/01\/20062-1.webp",300,226,false],"1536x1536":["https:\/\/imagazine.it\/wp-content\/uploads\/2024\/01\/20062-1.webp",750,566,false],"2048x2048":["https:\/\/imagazine.it\/wp-content\/uploads\/2024\/01\/20062-1.webp",750,566,false],"newsup-slider-full":["https:\/\/imagazine.it\/wp-content\/uploads\/2024\/01\/20062-1.webp",750,566,false],"newsup-featured":["https:\/\/imagazine.it\/wp-content\/uploads\/2024\/01\/20062-1.webp",750,566,false],"newsup-medium":["https:\/\/imagazine.it\/wp-content\/uploads\/2024\/01\/20062-1-720x380.webp",720,380,true],"tptn_thumbnail":["https:\/\/imagazine.it\/wp-content\/uploads\/2024\/01\/20062-1.webp",250,189,false],"sow-carousel-default":["https:\/\/imagazine.it\/wp-content\/uploads\/2024\/01\/20062-1-272x182.webp",272,182,true]},"rttpg_author":{"display_name":"redazione","author_link":"https:\/\/imagazine.it\/home_desk\/author\/redazione\/"},"rttpg_comment":0,"rttpg_category":"<a href=\"https:\/\/imagazine.it\/home_desk\/category\/turismo\/\" rel=\"category tag\">TURISMO<\/a>","rttpg_excerpt":"Iniziata la programmazione al Parco Europa","_links":{"self":[{"href":"https:\/\/imagazine.it\/home_desk\/wp-json\/wp\/v2\/posts\/23748","targetHints":{"allow":["GET"]}}],"collection":[{"href":"https:\/\/imagazine.it\/home_desk\/wp-json\/wp\/v2\/posts"}],"about":[{"href":"https:\/\/imagazine.it\/home_desk\/wp-json\/wp\/v2\/types\/post"}],"author":[{"embeddable":true,"href":"https:\/\/imagazine.it\/home_desk\/wp-json\/wp\/v2\/users\/28"}],"replies":[{"embeddable":true,"href":"https:\/\/imagazine.it\/home_desk\/wp-json\/wp\/v2\/comments?post=23748"}],"version-history":[{"count":0,"href":"https:\/\/imagazine.it\/home_desk\/wp-json\/wp\/v2\/posts\/23748\/revisions"}],"wp:featuredmedia":[{"embeddable":true,"href":"https:\/\/imagazine.it\/home_desk\/wp-json\/wp\/v2\/media\/23749"}],"wp:attachment":[{"href":"https:\/\/imagazine.it\/home_desk\/wp-json\/wp\/v2\/media?parent=23748"}],"wp:term":[{"taxonomy":"category","embeddable":true,"href":"https:\/\/imagazine.it\/home_desk\/wp-json\/wp\/v2\/categories?post=23748"},{"taxonomy":"post_tag","embeddable":true,"href":"https:\/\/imagazine.it\/home_desk\/wp-json\/wp\/v2\/tags?post=23748"}],"curies":[{"name":"wp","href":"https:\/\/api.w.org\/{rel}","templated":true}]}}