{"id":23708,"date":"2017-06-30T00:00:00","date_gmt":"2017-06-29T23:00:00","guid":{"rendered":"https:\/\/imagazine.it\/?p=23708"},"modified":"2017-06-30T00:00:00","modified_gmt":"2017-06-29T23:00:00","slug":"barcolana-inizia-ledizione-dei-record","status":"publish","type":"post","link":"https:\/\/imagazine.it\/home_desk\/barcolana-inizia-ledizione-dei-record\/","title":{"rendered":"Barcolana, inizia l&#8217;edizione dei record"},"content":{"rendered":"<p>Tre mesi al via della 49^ edizione della Barcolana, in programma a Trieste dal 29 settembre all\u20198 ottobre 2017. Dieci giorni di eventi a terra e in mare, di regate ed eventi di spettacolo, cultura, tecnologia, occasioni per vivere il mare nei musei, in citt\u00e0, al cinema e a teatro.<\/p>\n<p><strong>IL RECORD DI ISCRITTI<\/strong>\u00a0&#8211;\u00a0<em>\u201cUn grande obiettivo, di tutti: fissare un nuovo record di iscritti, oltre alla \u201csoglia psicologica\u201d delle duemila barche\u201d<\/em>.\u00a0<strong>Lo ha annunciato il presidente della Societ\u00e0 Velica di Barcola e Grignano,<\/strong><strong> Mitja Gialuz<\/strong>:\u00a0<em>\u201cDopo la crescita qualitativa di questi tre anni e alla vigilia del cinquantenario della regata<\/em>\u00a0&#8211;\u00a0<strong>ha spiegato Gialuz<\/strong>\u00a0&#8211;\u00a0<em>quest\u2019anno abbiamo una sfida collettiva. Raggiungere il record delle 2.000 barche \u00e8 un obiettivo che possiamo perseguire tutti assieme, coinvolgendo tutti gli appassionati di vela e tutta la citt\u00e0. Siamo consapevoli del peso della sfida, perch\u00e9 i numeri di Barcolana dipendono dal meteo e da molti fattori, ma siamo consapevoli che il popolo della Barcolana e la citt\u00e0 di\u00a0 Trieste sprigionano un\u2019energia positiva e una capacit\u00e0 straordinaria di fare sempre meglio. Quindi oggi\u00a0 chiamiamo a raccolta gli appassionati di vela, i molti testimonial che negli anni hanno partecipato a Barcolana, gli armatori che hanno partecipato in passato, affinch\u00e9 tutti assieme raggiungiamo questo incredibile obiettivo\u201d<\/em>.<\/p>\n<p><strong>DAL C\u2019ERO ANCH\u2019IO AL #VENGOANCHIO<\/strong>\u00a0&#8211;\u00a0<em>\u201cDa anni\u00a0<\/em>&#8211;\u00a0<strong>ha spiegato ancora Gialuz<\/strong>\u00a0&#8211;\u00a0<em>compiliamo amorevolmente il \u201cC\u2019ero anch\u2019io\u201d, un file che raccoglie, per amatore, tutte le passate partecipazioni; ci sono tanti armatori che hanno partecipato a pi\u00f9 di 25 edizioni, e li festeggiamo ogni anno, nel momento in cui si presentano alle iscrizioni, con il titolo di \u201cOld Sailor&#8221;. Quest\u2019anno al c\u2019ero anch\u2019io vogliamo affiancare il #vengoanchio, per coinvolgere, da subito, tutti gli armatori che stanno gi\u00e0 preparando la propria Barcolana\u201d<\/em>.<\/p>\n<p><strong>ISCRIZIONI A QUOTA 300<\/strong>\u00a0&#8211; Aperte in anticipo grazie al concorso realizzato con Land Rover Bar, che ha mandato una coppia di friulani &#8211; Carlo e Alessandra, presenti oggi alla conferenza stampa &#8211; a seguire con Barcolana le prime due regate di Coppa America, le iscrizioni online alla Barcolana hanno gi\u00e0 raggiunto quota 300:\u00a0<em>\u201cUn buon segno<\/em>\u00a0&#8211;\u00a0<strong>ha commentato Gialuz<\/strong>\u00a0&#8211;\u00a0<em>ma la strada per arrivare ai duemila \u00e8 ancora molto lunga\u201d<\/em>. Al via nelle prossime settimane una serie di azioni di marketing per favorire le iscrizioni: da una campagna promozionale \u201cbarca per barca\u201d nei porti del Friuli Venezia Giulia a omaggi, concorsi e sconti dedicati a chi si iscriver\u00e0 alla regata nelle prossime settimane.<\/p>\n<p><strong>UN LAVORO DI SQUADRA<\/strong>\u00a0&#8211; Barcolana 2017 punta a essere un grande \u201clavoro di squadra\u201d:\u00a0<em>\u201cL\u2019obiettivo di raggiungere il record di iscritti<\/em>\u00a0&#8211;\u00a0<strong>ha dichiarato Gialuz<\/strong>\u00a0&#8211;\u00a0<em>\u00e8 uno degli aspetti del coinvolgimento che quest\u2019anno registra la manifestazione. Accanto al forte supporto delle Istituzioni locali &#8211; la Regione FVG, il Comune di Trieste, l\u2019Autorit\u00e0 Portuale, la Capitaneria di Porto, la XIII Zona della FIV &#8211; la Barcolana ha ottenuto quest\u2019anno il Patrocinio del Ministero dello Sport, il supporto operativo del Comando Generale delle Capitanerie di Porto e la presenza attiva della Federazione Italiana Vela, riconoscimenti e azioni che permetteranno di sviluppare ulteriori progetti di divulgazione e formazione, e rendere pi\u00f9 grande e sempre pi\u00f9 condivisa la nostra Barcolana\u201d<\/em>.<\/p>\n<p><strong>L\u2019EVENTO 2017<\/strong>\u00a0&#8211; Il Festival del mare \u00e8 pronto: dieci giorni di eventi in acqua, nel Villaggio e a terra. Nel corso della conferenza stampa il presidente Gialuz ha presentato il calendario. In acqua, tornano <strong>Barcolana Nuota<\/strong>\u00a0e\u00a0<strong>Barcolana Rema<\/strong>, il primo dedicato al nuoto di fondo il secondo al canottaggio, quindi\u00a0<strong>Barcolana Fun<\/strong>\u00a0per Sup, Canoa Polo e Foil. Tra gli eventi velici, nuova edizione della\u00a0<strong>Fincantieri CUP<\/strong>, dedicata agli studenti delle Facolt\u00e0 di Ingegneria Navale europee, che si svolger\u00e0 a bordo dei monotipi J70. In calendario anche\u00a0<strong>regate per i monotipi M32<\/strong>, la\u00a0<strong>sfida in notturna per Ufo<\/strong>\u00a0e altre classi monotipo. A terra torna l\u2019alleanza con i teatri triestini nella terza edizione della \u201c<strong>Notte Blu<\/strong>\u201d, la seconda di Barcolana in Citt\u00e0, che punta a coinvolgere esercizi pubblici e Istituzioni in un grande calendario di eventi nel centro di Trieste, tutti a tema mare. Spazio per gli\u00a0<strong>eventi educativi<\/strong>, che vedranno coinvolte scuole e ricreatori, e quindi le attivit\u00e0 nel\u00a0<strong>Villaggio Barcolana<\/strong>\u00a0lungo le Rive di Trieste.<\/p>\n<p><strong>VILLAGGIO E BARCOLANA IN CITT\u00c0<\/strong>\u00a0&#8211; Tra le novit\u00e0 di questa edizione, anche un nuovo calendario di apertura del\u00a0<strong>Villaggio Barcolana<\/strong>: per la prima volta, infatti, il Villaggio &#8211; in particolare la parte centrale &#8211; aprir\u00e0 anche nel primo fine settimana dell\u2019evento, dal pomeriggio del 29 settembre a domenica 1 ottobre, per poi riaprire da mercoled\u00ec 4 fino a domenica 8 ottobre. Al via anche la seconda edizione di \u201c<strong>Barcolana in citt\u00e0<\/strong>\u201d, programma di eventi alla scoperta dei saperi, dei sapori, della tradizione e della cultura della citt\u00e0 di Trieste, un itinerario lungo le vie cittadine dove le diverse attivit\u00e0 commerciali mostrano la loro creativit\u00e0 e il loro spirito di accoglienza, ospitando insoliti e originali appuntamenti, eventi culturali, mostre d\u2019arte e fotografia, eventi legati al mondo della moda, degustazioni, concerti a tema mare.<\/p>\n<p><strong>MANIFESTO E POLO CELEBRATIVA<\/strong>\u00a0&#8211; Nel corso della conferenza stampa \u00e8 stato presentato il manifesto della Barcolana,\u00a0<strong>realizzato dal fotografo milanese<\/strong><strong> Maurizio Galimberti<\/strong>\u00a0con il supporto di\u00a0<strong>illycaff\u00e8<\/strong>\u00a0e il\u00a0<strong>design di Basiq<\/strong>. Svelata anche la polo (bianca con risvolti blu) e la\u00a0<strong>collezione Barcolana della 49.a edizione<\/strong>, prodotta da\u00a0<strong>SLAM<\/strong>.\u00a0<\/p>\n<p><strong>AL VIA LE BARCOLANA EXPERIENCE<\/strong>\u00a0&#8211;\u00a0<strong>Musement<\/strong>, il servizio multi piattaforma di esperienze di viaggio in tutto il mondo, \u00e8\u00a0<strong>Official Travel Partner di Barcolana<\/strong>, la famosa regata che ogni anno a partire dal 29 settembre trasforma Trieste in una festa internazionale del mare. Per vivere da protagonisti questo grande evento Musement, insieme alla Barcolana e\u00a0<strong>con la collaborazione tecnica di Cividin Viaggi<\/strong>, ha ideato una\u00a0<strong>serie di pacchetti e attivit\u00e0 gi\u00e0 acquistabili su\u00a0<a data-saferedirecturl=\"https:\/\/www.google.com\/url?hl=it&#038;q=http:\/\/www.barcolana.it&#038;source=gmail&#038;ust=1498917866881000&#038;usg=AFQjCNGxR9Dz5zt79bQIAi89ovBhBxaxIA\" href=\"http:\/\/www.barcolana.it\/\" target=\"_blank\" rel=\"noopener\">www.barcolana.it<\/a>\u00a0 e da sito e app di Musement<\/strong>.\u00a0<\/p>\n<p><strong>I PARTNER<\/strong>\u00a0&#8211; Confermata la Main Sponsorship di Generali, Barcolana naviga quest\u2019anno assieme ai Gold Sponsor Land Rover, illycaff\u00e8, Slam, SIAD, Fincantieri; agli\u00a0<strong>Official Sponsor<\/strong>\u00a0Unicredit, Trenitalia, Siram by Veolia, Heracom, EstEnergy, Prosecco DOC, DHL, Ersa, Veneziani Yachting, Tal, Pasta Zara, Despar, Cooperativa Sole, Dolomia; agli\u00a0<strong>Institutional Partner <\/strong>Regione Autonoma Friuli Venezia Giulia, Comune di Trieste, Autorit\u00e0 Portuale, Comando Generale delle Capitanerie di Porto, Camera di Commercio della Venezia Giulia. Partner tecnico nella fornitura degli schermi \u00e8 iMagazine.<\/p>\n","protected":false},"excerpt":{"rendered":"<p>Presentata in conferenza stampa a Trieste<\/p>\n","protected":false},"author":28,"featured_media":23709,"comment_status":"closed","ping_status":"closed","sticky":false,"template":"","format":"standard","meta":{"dwc-title":[],"dwc-content":[],"footnotes":""},"categories":[38],"tags":[],"class_list":["post-23708","post","type-post","status-publish","format-standard","has-post-thumbnail","hentry","category-sport"],"rttpg_featured_image_url":{"full":["https:\/\/imagazine.it\/wp-content\/uploads\/2024\/01\/19993-1.webp",750,531,false],"landscape":["https:\/\/imagazine.it\/wp-content\/uploads\/2024\/01\/19993-1.webp",750,531,false],"portraits":["https:\/\/imagazine.it\/wp-content\/uploads\/2024\/01\/19993-1.webp",750,531,false],"thumbnail":["https:\/\/imagazine.it\/wp-content\/uploads\/2024\/01\/19993-1-150x150.webp",150,150,true],"medium":["https:\/\/imagazine.it\/wp-content\/uploads\/2024\/01\/19993-1-300x212.webp",300,212,true],"large":["https:\/\/imagazine.it\/wp-content\/uploads\/2024\/01\/19993-1.webp",640,453,false],"thumblist":["https:\/\/imagazine.it\/wp-content\/uploads\/2024\/01\/19993-1.webp",300,212,false],"thumbrelated":["https:\/\/imagazine.it\/wp-content\/uploads\/2024\/01\/19993-1.webp",500,354,false],"meccarouselthumb":["https:\/\/imagazine.it\/wp-content\/uploads\/2024\/01\/19993-1.webp",458,324,false],"gridsquare":["https:\/\/imagazine.it\/wp-content\/uploads\/2024\/01\/19993-1.webp",367,260,false],"tileview":["https:\/\/imagazine.it\/wp-content\/uploads\/2024\/01\/19993-1.webp",300,212,false],"1536x1536":["https:\/\/imagazine.it\/wp-content\/uploads\/2024\/01\/19993-1.webp",750,531,false],"2048x2048":["https:\/\/imagazine.it\/wp-content\/uploads\/2024\/01\/19993-1.webp",750,531,false],"newsup-slider-full":["https:\/\/imagazine.it\/wp-content\/uploads\/2024\/01\/19993-1.webp",750,531,false],"newsup-featured":["https:\/\/imagazine.it\/wp-content\/uploads\/2024\/01\/19993-1.webp",750,531,false],"newsup-medium":["https:\/\/imagazine.it\/wp-content\/uploads\/2024\/01\/19993-1-720x380.webp",720,380,true],"tptn_thumbnail":["https:\/\/imagazine.it\/wp-content\/uploads\/2024\/01\/19993-1.webp",250,177,false],"sow-carousel-default":["https:\/\/imagazine.it\/wp-content\/uploads\/2024\/01\/19993-1-272x182.webp",272,182,true]},"rttpg_author":{"display_name":"redazione","author_link":"https:\/\/imagazine.it\/home_desk\/author\/redazione\/"},"rttpg_comment":0,"rttpg_category":"<a href=\"https:\/\/imagazine.it\/home_desk\/category\/sport\/\" rel=\"category tag\">SPORT<\/a>","rttpg_excerpt":"Presentata in conferenza stampa a Trieste","_links":{"self":[{"href":"https:\/\/imagazine.it\/home_desk\/wp-json\/wp\/v2\/posts\/23708","targetHints":{"allow":["GET"]}}],"collection":[{"href":"https:\/\/imagazine.it\/home_desk\/wp-json\/wp\/v2\/posts"}],"about":[{"href":"https:\/\/imagazine.it\/home_desk\/wp-json\/wp\/v2\/types\/post"}],"author":[{"embeddable":true,"href":"https:\/\/imagazine.it\/home_desk\/wp-json\/wp\/v2\/users\/28"}],"replies":[{"embeddable":true,"href":"https:\/\/imagazine.it\/home_desk\/wp-json\/wp\/v2\/comments?post=23708"}],"version-history":[{"count":0,"href":"https:\/\/imagazine.it\/home_desk\/wp-json\/wp\/v2\/posts\/23708\/revisions"}],"wp:featuredmedia":[{"embeddable":true,"href":"https:\/\/imagazine.it\/home_desk\/wp-json\/wp\/v2\/media\/23709"}],"wp:attachment":[{"href":"https:\/\/imagazine.it\/home_desk\/wp-json\/wp\/v2\/media?parent=23708"}],"wp:term":[{"taxonomy":"category","embeddable":true,"href":"https:\/\/imagazine.it\/home_desk\/wp-json\/wp\/v2\/categories?post=23708"},{"taxonomy":"post_tag","embeddable":true,"href":"https:\/\/imagazine.it\/home_desk\/wp-json\/wp\/v2\/tags?post=23708"}],"curies":[{"name":"wp","href":"https:\/\/api.w.org\/{rel}","templated":true}]}}