{"id":23650,"date":"2017-06-21T00:00:00","date_gmt":"2017-06-20T23:00:00","guid":{"rendered":"https:\/\/imagazine.it\/?p=23650"},"modified":"2017-06-21T00:00:00","modified_gmt":"2017-06-20T23:00:00","slug":"trieste-capitale-del-rock-progressive","status":"publish","type":"post","link":"https:\/\/imagazine.it\/home_desk\/trieste-capitale-del-rock-progressive\/","title":{"rendered":"Trieste capitale del rock progressive"},"content":{"rendered":"<p>Presentata la\u00a0<strong>quattordicesima edizione del \u201cTrieste Summer Rock Festival\u201d<\/strong>, organizzato dall\u2019associazione \u201cMusica Libera\u201d, grazie al sostegno del Comune di Trieste e della Fondazione CRTrieste, che avr\u00e0 inizio sabato 29 luglio e proseguir\u00e0 mercoled\u00ec 2 e gioved\u00ec 3, sabato 5 e domenica 6 agosto. Tutti i concerti sono a ingresso gratuito, a eccezione di quello di gioved\u00ec 3 agosto.<\/p>\n<p>Celebrare, attraverso un\u00a0<strong>festival internazionale<\/strong>, la musica rock capace di\u00a0<strong>attirare un numeroso pubblico\u00a0<\/strong>di giovani e non solo, da tutt&#39;Europa. Anche quest&#39;anno \u00e8 questo l&#39;obiettivo della manifestazione, inserita nel calendario di Trieste Estate. Oltre 140.000 le persone che in tutti questi anni hanno assistito al festival, tanto da essere definito dalla rivista Jam la &#8220;capitale&#8221; italiana del rock progressive.\u00a0<\/p>\n<p>Il programma di quest&#39;anno vedr\u00e0 sul palco\u00a0<strong>sabato 29 luglio, ore 19.30,\u00a0 i Rhapsody of Fire\u00a0<\/strong>al Castello di San Giusto. I Rhapsody sono un gruppo musicale originario di Trieste co-fondato negli anni novanta da <strong>Alex Staropoli<\/strong> che proprio quest&#39;anno celebra i suoi 20 anni di carriera. Nella nuova formazione anche il cantante <strong>Giacomo Voli<\/strong> (The Voice of Italy) e il batterista tedesco <strong>Manu Lotter<\/strong>.<\/p>\n<p><strong>Special guest della serata i Fist of Rage<\/strong>, band hard rock italiana originaria del Friuli Venezia Giulia.<\/p>\n<p>Il Festival prosegue\u00a0<strong>mercoled\u00ec 2 agosto alle ore 21<\/strong>\u00a0con l&#39;esibizione della giovane band triestina\u00a0<strong>Pinkover<\/strong>\u00a0che trasporter\u00e0 il pubblico nell&#39;atmosfera del concerto dei\u00a0<strong>Pink Floyd \u201cLive at Pompei\u201d<\/strong>.<\/p>\n<p>Il concerto, unico appuntamento con ingresso a pagamento (euro 10), sar\u00e0 riproposto nella stessa location, sempre alle ore 21, il giorno dopo, gioved\u00ec 3 agosto.<\/p>\n<p>Sabato 5 agosto, ore 16, appuntamento speciale <strong>\u201cMusic is for Winners\u201d\u00a0<\/strong>concerto tributo dedicato al giovane\u00a0<strong>musicista Samuele Orlando\u00a0<\/strong>scomparso a marzo di quest&#39;anno. Sul palco pi\u00f9 di 20 band triestine dove Samuele suonava per un live della durata di pi\u00f9 di 8 ore. Samuele \u00e8 stato tra i fondatori del Trieste Summer Rock Festival fin dalla prima edizione e\u00a0nel suo ricordo verr\u00e0 attivata una <strong>borsa di studio\u00a0<\/strong>per un giovane musicista jazz studente del conservatorio.<\/p>\n<p>Domenica 6 agosto alle ore 21, sempre al Castello di San Giusto, sar\u00e0 la volta di\u00a0<strong>Billy Cobham &#038; Stanley Jordan Project feat Christian Galvez<\/strong>. Due artisti americani che hanno fatto la storia della musica, riconosciuti e\u00a0<strong>apprezzati in tutto il mondo,<\/strong>\u00a0presenteranno per questo speciale progetto un<strong>\u00a0mix di suoni e arrangiamenti unici<\/strong>. A loro si unir\u00e0 il\u00a0<strong>bassista cileno Christian G\u00e1lvez<\/strong>, musicista virtuoso dal curriculum invidiabile.\u00a0<\/p>\n<p>Nel corso della stessa serata\u00a0si esibir\u00e0 anche il<strong> triestino Emanuele Grafitti<\/strong>, classe 1992. &#8220;Anche il rock \u00e8 cultura e aiuta a valorizzare e a far conoscere la Citt\u00e0. Per questo la\u00a0<strong>Fondazione CRTrieste ha voluto sostenere diverse edizioni<\/strong>\u00a0di questa kermesse musicale, che da<strong>quattordici anni attira migliaia di persone da tutta Europa\u00a0<\/strong>che si mettono in viaggio appositamente verso Trieste\u201d, dichiara\u00a0 <strong>Tiziana Benussi<\/strong>, vicepresidente del Consiglio di Amministrazione della Fondazione CRTrieste.\u00a0<\/p>\n<p>\u201cQuest\u2019anno &#8211; aggiunge\u00a0<strong>Maurizio Bucci<\/strong>, assessore al Turismo e Promozione del territorio del Comune di Trieste &#8211; abbiamo voluto con il Festival\u00a0<strong>valorizzare i nostri siti migliori\u00a0<\/strong>quale vetrina della citt\u00e0 e promozione del nostro territorio: il<strong>\u00a0Castello di San Giusto e la magia del Teatro Romano<\/strong>\u201d.<\/p>\n<p>\u201cQuesto Festival &#8211; conclude<strong>\u00a0Davide Casali<\/strong>, Presidente \u201cAssociazione Musica Libera\u00a0&#8211; \u00e8 un grandissimo palcoscenico per i musicisti triestini, molti dei quali dopo aver suonato sul palco del festival hanno avuto importanti ingaggi. \u00c8 anche un palcoscenico internazionale dove i grandi gruppi che hanno fatto la storia del rock hanno\u00a0<strong>offerto alla citt\u00e0 spettacoli imperdibili, emozioni e rock di ottima qualit\u00e0<\/strong>\u201d.<\/p>\n","protected":false},"excerpt":{"rendered":"<p>Presentata la 14^ edizione del festival internazionale<\/p>\n","protected":false},"author":28,"featured_media":23651,"comment_status":"closed","ping_status":"closed","sticky":false,"template":"","format":"standard","meta":{"dwc-title":[],"dwc-content":[],"footnotes":""},"categories":[37],"tags":[],"class_list":["post-23650","post","type-post","status-publish","format-standard","has-post-thumbnail","hentry","category-cultura-e-spettacolo"],"rttpg_featured_image_url":{"full":["https:\/\/imagazine.it\/wp-content\/uploads\/2024\/01\/19853-1.webp",750,499,false],"landscape":["https:\/\/imagazine.it\/wp-content\/uploads\/2024\/01\/19853-1.webp",750,499,false],"portraits":["https:\/\/imagazine.it\/wp-content\/uploads\/2024\/01\/19853-1.webp",750,499,false],"thumbnail":["https:\/\/imagazine.it\/wp-content\/uploads\/2024\/01\/19853-1-150x150.webp",150,150,true],"medium":["https:\/\/imagazine.it\/wp-content\/uploads\/2024\/01\/19853-1-300x200.webp",300,200,true],"large":["https:\/\/imagazine.it\/wp-content\/uploads\/2024\/01\/19853-1.webp",640,426,false],"thumblist":["https:\/\/imagazine.it\/wp-content\/uploads\/2024\/01\/19853-1.webp",300,200,false],"thumbrelated":["https:\/\/imagazine.it\/wp-content\/uploads\/2024\/01\/19853-1.webp",500,333,false],"meccarouselthumb":["https:\/\/imagazine.it\/wp-content\/uploads\/2024\/01\/19853-1.webp",474,315,false],"gridsquare":["https:\/\/imagazine.it\/wp-content\/uploads\/2024\/01\/19853-1.webp",391,260,false],"tileview":["https:\/\/imagazine.it\/wp-content\/uploads\/2024\/01\/19853-1.webp",300,200,false],"1536x1536":["https:\/\/imagazine.it\/wp-content\/uploads\/2024\/01\/19853-1.webp",750,499,false],"2048x2048":["https:\/\/imagazine.it\/wp-content\/uploads\/2024\/01\/19853-1.webp",750,499,false],"newsup-slider-full":["https:\/\/imagazine.it\/wp-content\/uploads\/2024\/01\/19853-1.webp",750,499,false],"newsup-featured":["https:\/\/imagazine.it\/wp-content\/uploads\/2024\/01\/19853-1.webp",750,499,false],"newsup-medium":["https:\/\/imagazine.it\/wp-content\/uploads\/2024\/01\/19853-1-720x380.webp",720,380,true],"tptn_thumbnail":["https:\/\/imagazine.it\/wp-content\/uploads\/2024\/01\/19853-1.webp",250,166,false],"sow-carousel-default":["https:\/\/imagazine.it\/wp-content\/uploads\/2024\/01\/19853-1-272x182.webp",272,182,true]},"rttpg_author":{"display_name":"redazione","author_link":"https:\/\/imagazine.it\/home_desk\/author\/redazione\/"},"rttpg_comment":0,"rttpg_category":"<a href=\"https:\/\/imagazine.it\/home_desk\/category\/cultura-e-spettacolo\/\" rel=\"category tag\">CULTURA&amp;SPETTACOLO<\/a>","rttpg_excerpt":"Presentata la 14^ edizione del festival internazionale","_links":{"self":[{"href":"https:\/\/imagazine.it\/home_desk\/wp-json\/wp\/v2\/posts\/23650","targetHints":{"allow":["GET"]}}],"collection":[{"href":"https:\/\/imagazine.it\/home_desk\/wp-json\/wp\/v2\/posts"}],"about":[{"href":"https:\/\/imagazine.it\/home_desk\/wp-json\/wp\/v2\/types\/post"}],"author":[{"embeddable":true,"href":"https:\/\/imagazine.it\/home_desk\/wp-json\/wp\/v2\/users\/28"}],"replies":[{"embeddable":true,"href":"https:\/\/imagazine.it\/home_desk\/wp-json\/wp\/v2\/comments?post=23650"}],"version-history":[{"count":0,"href":"https:\/\/imagazine.it\/home_desk\/wp-json\/wp\/v2\/posts\/23650\/revisions"}],"wp:featuredmedia":[{"embeddable":true,"href":"https:\/\/imagazine.it\/home_desk\/wp-json\/wp\/v2\/media\/23651"}],"wp:attachment":[{"href":"https:\/\/imagazine.it\/home_desk\/wp-json\/wp\/v2\/media?parent=23650"}],"wp:term":[{"taxonomy":"category","embeddable":true,"href":"https:\/\/imagazine.it\/home_desk\/wp-json\/wp\/v2\/categories?post=23650"},{"taxonomy":"post_tag","embeddable":true,"href":"https:\/\/imagazine.it\/home_desk\/wp-json\/wp\/v2\/tags?post=23650"}],"curies":[{"name":"wp","href":"https:\/\/api.w.org\/{rel}","templated":true}]}}