{"id":23602,"date":"2017-06-14T00:00:00","date_gmt":"2017-06-13T23:00:00","guid":{"rendered":"https:\/\/imagazine.it\/?p=23602"},"modified":"2017-06-14T00:00:00","modified_gmt":"2017-06-13T23:00:00","slug":"a-gorizia-la-piu-grande-vetrina-della-danza-italiana","status":"publish","type":"post","link":"https:\/\/imagazine.it\/home_desk\/a-gorizia-la-piu-grande-vetrina-della-danza-italiana\/","title":{"rendered":"A Gorizia la pi\u00f9 grande vetrina della danza italiana"},"content":{"rendered":"<p>Nata dalla collaborazione tra alcune realt\u00e0 della distribuzione della danza (RTO), la Direzione Generale Spettacolo del Ministero dei Beni e delle Attivit\u00e0 Culturali e del Turismo e gli enti locali, <strong>NID Platform <\/strong>rappresenta una vetrina della miglior danza italiana. <strong>NID<\/strong> <strong>mette in contatto le compagnie nazionali con il mercato e i professionisti italiani e internazionali<\/strong>, dando visibilit\u00e0 alla scena italiana nel rispetto della pluralit\u00e0 di linguaggi e poetiche.<\/p>\n<p>Dalla sua nascita nel 2012 ad oggi, NID Platform ha raccolto un costante e crescente interesse da parte del settore, testimoniato dal <strong>coinvolgimento di oltre trecento professionisti<\/strong> <strong>italiani e internazionali<\/strong>. Attraverso il comitato artistico, <strong>NID Platform seleziona gli spettacoli pi\u00f9 rappresentativi tra le realt\u00e0 gi\u00e0 consolidate<\/strong> e tra i <strong>coreografi emergenti<\/strong> riunendoli in un programma dedicato a operatori, critici e pubblico che include anche momenti di incontro e approfondimento.<\/p>\n<p>Dopo la prima edizione organizzata a Lecce e Brindisi nel 2012, la seconda a Pisa e Pontedera nel 2014, la terza a Brescia nel 2015, \u00e8 in programma tra il <strong>19 e il 22 ottobre la quarta edizione <\/strong>a <strong>Gorizia<\/strong>.<\/p>\n<p><strong>Capofila<\/strong> di questa edizione dell\u2019RTO \u00e8 <strong>a.Artisti Associati<\/strong> <strong>\u2013 Ente Regionale Teatrale del Friuli Venezia Giulia<\/strong>. <strong>Partner <\/strong>di progetto il <strong>Ministero<\/strong> dei Beni e delle Attivit\u00e0 Culturali e del Turismo \u2013 Direzione Generale Spettacolo, la <strong>Regione<\/strong> Friuli Venezia Giulia, il <strong>Comune<\/strong> di Gorizia, la <strong>Camera di Commercio<\/strong> Venezia Giulia, la <strong>Fondazione<\/strong> Cassa di Risparmio di Gorizia<\/p>\n<p>La quarta edizione del festival NID e le compagnie selezionate per l\u2019occasione \u00e8 stata presentata a Roma al Ministero dei Beni e delle Attivit\u00e0 Culturali e del Turismo alla presenza del ministro <strong>Dario Franceschini<\/strong>, del direttore generale dello Spettacolo del MiBACT<strong> Onofrio Cutaia<\/strong>, dell\u2019assessore alla Cultura del FVG <strong>Gianni Torrenti<\/strong>, del sindaco di Gorizia <strong>Ettore Romoli, <\/strong>del vicepresidente della Camera di Commercio Venezia Giulia <strong>Gianluca Madriz<\/strong>, della presidente della Fondazione Cassa di Risparmio di Gorizia <strong>Roberta Demartin <\/strong>e del direttore di a.Artisti Associati <strong>Walter Mramor.<\/strong><\/p>\n<p>Quest\u2019anno alla <strong>call pubblica<\/strong>, lanciata dal nuovo sito Internet <strong>nidplatform.it<\/strong>, hanno risposto<strong> 79 compagnie <\/strong>per un totale di <strong>118 spettacoli<\/strong>, facendo registrare un incremento del 27% rispetto alla precedente edizione del progetto.<\/p>\n<p><strong>Una commissione artistica internazionale<\/strong> formata da <strong>John Ashford<\/strong> (Inghilterra, direttore del network europeo Aerowaves), <strong>Natalia Casorati<\/strong> (Italia, direttrice artistica del Festival Interplay di Torino), <strong>Giacomo Cirella<\/strong> (Italia, Segretario Generale della Fondazione Teatro Comunale Citt\u00e0 di Vicenza), <strong>Angela Fumarola<\/strong> (Italia, co-direttrice artistica di Armunia Festival Costa degli Etruschi di Castiglioncello &#8211; LI), <strong>Natalia Simo Alvarez<\/strong> (Spagna, direttrice del Teatros del Canal e del Canal Dance Center di Madrid), <strong>Gordana Vnuk<\/strong> (Croazia, fondatrice e direttrice artistica del festival Eurokaz di Zagabria), ha selezionato le <strong>16 migliori proposte <\/strong>che vanno a costituire il programma principale di NID Platform.<\/p>\n<p>Integrer\u00e0 il programma uno <strong>spettacolo ospite <\/strong>scelto tra i pi\u00f9 rappresentativi del panorama italiano: la <strong>nuova produzione di Aterballetto <\/strong>a doppia firma di Cristiana Morganti (a lungo danzatrice per Pina Bausch) e Hofesh Shechter, che debutter\u00e0 in <strong>Prima Nazionale<\/strong> proprio alla NID Platform 2017. La rassegna prevede quattro giornate di rappresentazione con <strong>un totale di 17 spettacoli non in contemporanea.<\/strong> Tra le diverse proposte per la prima volta saranno presenti due spettacoli dedicati a un pubblico di bambini e ragazzi.<\/p>\n<p>Gli spettacoli saranno ospitati in <strong>tre teatri della citt\u00e0 di Gorizia<\/strong>, Teatro Comunale Giuseppe Verdi, Kulturni Dom e Kulturni Center Lojze Bratu\u017e. La manifestazione sconfiner\u00e0 inoltre in Slovenia, grazie alla collaborazione con il Teatro Nazionale di <strong>Nova Gorica<\/strong> che ospiter\u00e0 alcuni eventi. Il complesso museale di Santa Chiara sar\u00e0 allestito in funzione di infopoint e quale sede di tavole rotonde e incontri tra artisti e operatori.<\/p>\n<p>Tra i 16 spettacoli selezionati dalla commissione artistica per la quarta edizione (Compagnia Aldes, Opus Ballet, Compagnia Kinkaleri\/Le Supplici, Compagnia Van \u2013 con due spettacoli &#8211; Compagnia MM Contemporary Dance Company, Compagnia Artemis Danza, Compagnia Codeduomo, Balletto di Roma, Compagnia Collettivo Cinetico, Compagnia Simona Bucci, Compagnia Cab 008, TIR Danza, Compagnia Zebra e Compagnia Spellbound) compare anche la compagnia friulana <strong>Arearea<\/strong> con lo spettacolo \u201c<strong><em>Le Quattro Stagioni_from summer to autumn<\/em><\/strong>\u201d di <strong>Marta Bevilacqua e Roberto Cocconi<\/strong> con <strong>Angelica Margherita<\/strong>, <strong>Anna Savanelli<\/strong>, <strong>Valentina Saggin<\/strong>, Marta Bevilacqua, <strong>Luisa Amprimo<\/strong>, <strong>Luca Campanella<\/strong>, <strong>Roberto Cocconi<\/strong>, <strong>Andrea Rizzo<\/strong>, <strong>Daniele Palmeri<\/strong>, <strong>Luca Zampar<\/strong>.<\/p>\n<p>Tutto il programma e le info su <strong><a href=\"http:\/\/www.nidplatform.it\/\" target=\"_blank\" rel=\"noopener\">www.nidplatform.it<\/a><\/strong><\/p>\n","protected":false},"excerpt":{"rendered":"<p>Da Roma l&#8217;ufficializzazione<\/p>\n","protected":false},"author":28,"featured_media":23603,"comment_status":"closed","ping_status":"closed","sticky":false,"template":"","format":"standard","meta":{"dwc-title":[],"dwc-content":[],"footnotes":""},"categories":[37],"tags":[],"class_list":["post-23602","post","type-post","status-publish","format-standard","has-post-thumbnail","hentry","category-cultura-e-spettacolo"],"rttpg_featured_image_url":{"full":["https:\/\/imagazine.it\/wp-content\/uploads\/2024\/01\/19770-1.webp",750,501,false],"landscape":["https:\/\/imagazine.it\/wp-content\/uploads\/2024\/01\/19770-1.webp",750,501,false],"portraits":["https:\/\/imagazine.it\/wp-content\/uploads\/2024\/01\/19770-1.webp",750,501,false],"thumbnail":["https:\/\/imagazine.it\/wp-content\/uploads\/2024\/01\/19770-1-150x150.webp",150,150,true],"medium":["https:\/\/imagazine.it\/wp-content\/uploads\/2024\/01\/19770-1-300x200.webp",300,200,true],"large":["https:\/\/imagazine.it\/wp-content\/uploads\/2024\/01\/19770-1.webp",640,428,false],"thumblist":["https:\/\/imagazine.it\/wp-content\/uploads\/2024\/01\/19770-1.webp",300,200,false],"thumbrelated":["https:\/\/imagazine.it\/wp-content\/uploads\/2024\/01\/19770-1.webp",500,334,false],"meccarouselthumb":["https:\/\/imagazine.it\/wp-content\/uploads\/2024\/01\/19770-1.webp",474,317,false],"gridsquare":["https:\/\/imagazine.it\/wp-content\/uploads\/2024\/01\/19770-1.webp",389,260,false],"tileview":["https:\/\/imagazine.it\/wp-content\/uploads\/2024\/01\/19770-1.webp",300,200,false],"1536x1536":["https:\/\/imagazine.it\/wp-content\/uploads\/2024\/01\/19770-1.webp",750,501,false],"2048x2048":["https:\/\/imagazine.it\/wp-content\/uploads\/2024\/01\/19770-1.webp",750,501,false],"newsup-slider-full":["https:\/\/imagazine.it\/wp-content\/uploads\/2024\/01\/19770-1.webp",750,501,false],"newsup-featured":["https:\/\/imagazine.it\/wp-content\/uploads\/2024\/01\/19770-1.webp",750,501,false],"newsup-medium":["https:\/\/imagazine.it\/wp-content\/uploads\/2024\/01\/19770-1-720x380.webp",720,380,true],"tptn_thumbnail":["https:\/\/imagazine.it\/wp-content\/uploads\/2024\/01\/19770-1.webp",250,167,false],"sow-carousel-default":["https:\/\/imagazine.it\/wp-content\/uploads\/2024\/01\/19770-1-272x182.webp",272,182,true]},"rttpg_author":{"display_name":"redazione","author_link":"https:\/\/imagazine.it\/home_desk\/author\/redazione\/"},"rttpg_comment":0,"rttpg_category":"<a href=\"https:\/\/imagazine.it\/home_desk\/category\/cultura-e-spettacolo\/\" rel=\"category tag\">CULTURA&amp;SPETTACOLO<\/a>","rttpg_excerpt":"Da Roma l'ufficializzazione","_links":{"self":[{"href":"https:\/\/imagazine.it\/home_desk\/wp-json\/wp\/v2\/posts\/23602","targetHints":{"allow":["GET"]}}],"collection":[{"href":"https:\/\/imagazine.it\/home_desk\/wp-json\/wp\/v2\/posts"}],"about":[{"href":"https:\/\/imagazine.it\/home_desk\/wp-json\/wp\/v2\/types\/post"}],"author":[{"embeddable":true,"href":"https:\/\/imagazine.it\/home_desk\/wp-json\/wp\/v2\/users\/28"}],"replies":[{"embeddable":true,"href":"https:\/\/imagazine.it\/home_desk\/wp-json\/wp\/v2\/comments?post=23602"}],"version-history":[{"count":0,"href":"https:\/\/imagazine.it\/home_desk\/wp-json\/wp\/v2\/posts\/23602\/revisions"}],"wp:featuredmedia":[{"embeddable":true,"href":"https:\/\/imagazine.it\/home_desk\/wp-json\/wp\/v2\/media\/23603"}],"wp:attachment":[{"href":"https:\/\/imagazine.it\/home_desk\/wp-json\/wp\/v2\/media?parent=23602"}],"wp:term":[{"taxonomy":"category","embeddable":true,"href":"https:\/\/imagazine.it\/home_desk\/wp-json\/wp\/v2\/categories?post=23602"},{"taxonomy":"post_tag","embeddable":true,"href":"https:\/\/imagazine.it\/home_desk\/wp-json\/wp\/v2\/tags?post=23602"}],"curies":[{"name":"wp","href":"https:\/\/api.w.org\/{rel}","templated":true}]}}