{"id":23538,"date":"2017-06-06T00:00:00","date_gmt":"2017-06-05T23:00:00","guid":{"rendered":"https:\/\/imagazine.it\/?p=23538"},"modified":"2017-06-06T00:00:00","modified_gmt":"2017-06-05T23:00:00","slug":"trieste-omaggia-fiorenza-cedolins","status":"publish","type":"post","link":"https:\/\/imagazine.it\/home_desk\/trieste-omaggia-fiorenza-cedolins\/","title":{"rendered":"Trieste omaggia Fiorenza Cedolins"},"content":{"rendered":"<p>\u201cCon sincera commozione, ringrazio di vero cuore per questo riconoscimento che dedico alla mia gente del Friuli e alla citt\u00e0 di Trieste, che con tanto affetto qui mi accolse tanti anni fa\u201d. Questa la dedica che <strong>Fiorenza Cedolins<\/strong> ha voluto lasciare sul Libro d&#39;Oro del Comune di Trieste, nell&#39;ambito del conferimento da parte del sindaco <strong>Roberto Dipiazza<\/strong> del Sigillo Trecentesco in argento della Citt\u00e0 di Trieste.<\/p>\n<p>Cedolins, soprano di fama internazionale che mosse i primi passi della carriera artistica proprio nel capoluogo regionale quale componente, ancora negli anni giovanili, del Coro del Teatro \u201cVerdi\u201d, \u00e8 sempre rimasta legata al Teatro Verdi, dove ha cantato in ruoli di prima protagonista pi\u00f9 volte negli anni successivi a quei primi esordi.<\/p>\n<p>Oltre che dal primo cittadino, parole di ringraziamento nei confronti della soprano sono giunte anche dal Sovrintendente del Verdi, <strong>Stefano Pace<\/strong>.<\/p>\n<p>\u201cTornare a Trieste \u2013 ha concluso l\u2019artista, accompagnata dal marito \u2013 dopo aver calcato il palcoscenico in questo teatro e ritrovare gli amici mi ha fatto piacere. Offro la mia disponibilit\u00e0 per qualsiasi progetto che riguardi la crescita artistica della citt\u00e0. Sono abituata e mi piace lavorare con i giovani per il futuro dell&#39;Opera, e la loro passione \u00e8 anche merito del nostro immenso patrimonio musicale che fa ricordare l&#39;Italia in tutto il mondo\u201d.<\/p>\n","protected":false},"excerpt":{"rendered":"<p>Assegnato il Sigillo Trecentesco in argento<\/p>\n","protected":false},"author":28,"featured_media":23539,"comment_status":"closed","ping_status":"closed","sticky":false,"template":"","format":"standard","meta":{"dwc-title":[],"dwc-content":[],"footnotes":""},"categories":[37],"tags":[],"class_list":["post-23538","post","type-post","status-publish","format-standard","has-post-thumbnail","hentry","category-cultura-e-spettacolo"],"rttpg_featured_image_url":{"full":["https:\/\/imagazine.it\/wp-content\/uploads\/2024\/01\/19657-1.webp",750,500,false],"landscape":["https:\/\/imagazine.it\/wp-content\/uploads\/2024\/01\/19657-1.webp",750,500,false],"portraits":["https:\/\/imagazine.it\/wp-content\/uploads\/2024\/01\/19657-1.webp",750,500,false],"thumbnail":["https:\/\/imagazine.it\/wp-content\/uploads\/2024\/01\/19657-1-150x150.webp",150,150,true],"medium":["https:\/\/imagazine.it\/wp-content\/uploads\/2024\/01\/19657-1-300x200.webp",300,200,true],"large":["https:\/\/imagazine.it\/wp-content\/uploads\/2024\/01\/19657-1.webp",640,427,false],"thumblist":["https:\/\/imagazine.it\/wp-content\/uploads\/2024\/01\/19657-1.webp",300,200,false],"thumbrelated":["https:\/\/imagazine.it\/wp-content\/uploads\/2024\/01\/19657-1.webp",500,333,false],"meccarouselthumb":["https:\/\/imagazine.it\/wp-content\/uploads\/2024\/01\/19657-1.webp",474,316,false],"gridsquare":["https:\/\/imagazine.it\/wp-content\/uploads\/2024\/01\/19657-1.webp",391,260,false],"tileview":["https:\/\/imagazine.it\/wp-content\/uploads\/2024\/01\/19657-1.webp",300,200,false],"1536x1536":["https:\/\/imagazine.it\/wp-content\/uploads\/2024\/01\/19657-1.webp",750,500,false],"2048x2048":["https:\/\/imagazine.it\/wp-content\/uploads\/2024\/01\/19657-1.webp",750,500,false],"newsup-slider-full":["https:\/\/imagazine.it\/wp-content\/uploads\/2024\/01\/19657-1.webp",750,500,false],"newsup-featured":["https:\/\/imagazine.it\/wp-content\/uploads\/2024\/01\/19657-1.webp",750,500,false],"newsup-medium":["https:\/\/imagazine.it\/wp-content\/uploads\/2024\/01\/19657-1-720x380.webp",720,380,true],"tptn_thumbnail":["https:\/\/imagazine.it\/wp-content\/uploads\/2024\/01\/19657-1.webp",250,167,false],"sow-carousel-default":["https:\/\/imagazine.it\/wp-content\/uploads\/2024\/01\/19657-1-272x182.webp",272,182,true]},"rttpg_author":{"display_name":"redazione","author_link":"https:\/\/imagazine.it\/home_desk\/author\/redazione\/"},"rttpg_comment":0,"rttpg_category":"<a href=\"https:\/\/imagazine.it\/home_desk\/category\/cultura-e-spettacolo\/\" rel=\"category tag\">CULTURA&amp;SPETTACOLO<\/a>","rttpg_excerpt":"Assegnato il Sigillo Trecentesco in argento","_links":{"self":[{"href":"https:\/\/imagazine.it\/home_desk\/wp-json\/wp\/v2\/posts\/23538","targetHints":{"allow":["GET"]}}],"collection":[{"href":"https:\/\/imagazine.it\/home_desk\/wp-json\/wp\/v2\/posts"}],"about":[{"href":"https:\/\/imagazine.it\/home_desk\/wp-json\/wp\/v2\/types\/post"}],"author":[{"embeddable":true,"href":"https:\/\/imagazine.it\/home_desk\/wp-json\/wp\/v2\/users\/28"}],"replies":[{"embeddable":true,"href":"https:\/\/imagazine.it\/home_desk\/wp-json\/wp\/v2\/comments?post=23538"}],"version-history":[{"count":0,"href":"https:\/\/imagazine.it\/home_desk\/wp-json\/wp\/v2\/posts\/23538\/revisions"}],"wp:featuredmedia":[{"embeddable":true,"href":"https:\/\/imagazine.it\/home_desk\/wp-json\/wp\/v2\/media\/23539"}],"wp:attachment":[{"href":"https:\/\/imagazine.it\/home_desk\/wp-json\/wp\/v2\/media?parent=23538"}],"wp:term":[{"taxonomy":"category","embeddable":true,"href":"https:\/\/imagazine.it\/home_desk\/wp-json\/wp\/v2\/categories?post=23538"},{"taxonomy":"post_tag","embeddable":true,"href":"https:\/\/imagazine.it\/home_desk\/wp-json\/wp\/v2\/tags?post=23538"}],"curies":[{"name":"wp","href":"https:\/\/api.w.org\/{rel}","templated":true}]}}