{"id":23536,"date":"2017-06-06T00:00:00","date_gmt":"2017-06-05T23:00:00","guid":{"rendered":"https:\/\/imagazine.it\/?p=23536"},"modified":"2017-06-06T00:00:00","modified_gmt":"2017-06-05T23:00:00","slug":"il-grande-teatro-non-si-ferma-mai","status":"publish","type":"post","link":"https:\/\/imagazine.it\/home_desk\/il-grande-teatro-non-si-ferma-mai\/","title":{"rendered":"Il grande teatro non si ferma mai"},"content":{"rendered":"<p>Nella stagione appena conclusa i<strong> 21 teatri<\/strong> che fanno capo all\u2019Ente Regionale Teatrale del Friuli Venezia Giulia hanno raggiunto l\u2019<strong>89% di affluenza media <\/strong>nelle <strong>186<\/strong> repliche di spettacolo presentate da novembre ad aprile nei soli cartelloni in abbonamento. Il dato conferma quello dell\u2019anno precedente e si innesta nel trend che a partire dal 78% della stagione 2007\/2008 in poco meno di un decennio ha portato l\u2019ERT alle soglie del 90%.<\/p>\n<p>Questi i primi dati sul bilancio della stagione appena conclusa dell\u2019ERT FVG, presentati a Udine in una conferenza stampa a cui sono intervenuti il presidente dell\u2019ERT <strong>Alessandro Malcangi<\/strong>, il direttore <strong>Renato Manzoni <\/strong>e <strong>Vincenzo Martines<\/strong>, Presidente della Commissione Beni e Attivit\u00e0 Culturali del Consiglio regionale FVG<\/p>\n<p>Quest\u2019anno gli abbonati (alle 21 stagioni di prosa e alle rassegne musicali <em>Contrasti<\/em> a Palmanova e <em>SanVitoJazz<\/em> a San Vito al Tagliamento) hanno raggiunto quota <strong>6.335<\/strong>, il 4,5% in pi\u00f9 rispetto al 2015\/2016.<br \/> Le <strong>presenze totali<\/strong> sono state <strong>68.324<\/strong>, di cui 60.391 nelle stagioni teatrali, 4.435 negli appuntamenti di danza e 3.111 nei concerti realizzati al di fuori delle stagioni ERT in sinergia con associazioni del territorio.<\/p>\n<p>Sono state <strong>246<\/strong> le <strong>repliche complessive<\/strong> \u2013 154 di prosa, 53 di musica, 36 di danza e 3 di lirica \u2013 di cui 186 nei cartelloni dei 21 teatri ERT, 40 concerti realizzati collaborando con strutture presenti nel territorio e 20 repliche di danza realizzate in collaborazione con gli Artisti Associati di Gorizia, partner dell\u2019ERT per l\u2019arte coreutica. Per quanto concerne le sole stagioni, sono stati 93 i titoli presentati. Le compagnie regionali hanno realizzato 25 spettacoli di prosa presentati in abbonamento (per un totale di 40 repliche), 12 concerti, uno spettacolo di danza e dopo tanti anni, come accennato precedentemente, \u00e8 ritornata anche l\u2019opera lirica nei teatri ERT grazie alla collaborazione con il Teatro Verdi di Trieste e la Regione FVG che ha portato nel mese di maggio <em>Gianni Schicchi<\/em> di Giacomo Puccini a Sacile, Latisana e Monfalcone.<\/p>\n<p>\u00c8 continuata anche la collaborazione con la Comunit\u00e0 Collinare Servizio Associato Cultura per la rassegna <strong>Teatro in Collina 2016\/2017<\/strong> che ha coinvolto 3 comuni limitrofi a San Daniele del Friuli: Buja, Dignano, Ragogna. Sono stati rappresentati 7 spettacoli di compagnie amatoriali della regione aderenti all\u2019Associazione Teatrale Friulana.<\/p>\n<p>Al termine della stagione, come da consolidata tradizione, gli abbonati di tutti i teatri del circuito hanno redatto un <strong>questionario di gradimento<\/strong> degli spettacoli: gli Oblivion con il loro <strong><em>Human Jukebox<\/em><\/strong> si sono portati a casa la palma di spettacolo pi\u00f9 votato dal pubblico. Al secondo posto, ex-aequo, l\u2019esilarante <strong><em>Motel Forest<\/em><\/strong> con l\u2019omonimo Mago, la commedia <strong><em>Matti da slegare<\/em><\/strong> con l\u2019affiatato duo <strong>Giobbe Covatta<\/strong> ed <strong>Enzo Iacchetti<\/strong> e il nuovo spettacolo di <strong>Giuliana Musso<\/strong>, <strong><em>Mio eroe<\/em><\/strong>.<\/p>\n<p>La conferenza stampa odierna ha fornito anche le prime anticipazioni sulla stagione 2017\/2018: per l\u2019apertura a fine ottobre ci sar\u00e0 la storia di Tony Manero accompagnata dalla musica dei Bee Gees. <strong><em>La febbre del sabato sera<\/em><\/strong> arriver\u00e0 nel circuito nell\u2019allestimento del Teatro Nuovo di Milano per la regia di <strong>Claudio Insegno<\/strong>. Tra le novit\u00e0 del 2017\/2018 ci sar\u00e0 anche <strong>Paolo Rossi<\/strong> con il suo nuovo testo, <strong><em>L\u2019improvvisatore<\/em><\/strong>, un\u2019autobiografia teatrale che si trasforma in manuale sulla professione del comico. \u00a0<\/p>\n<p>In tema di comicit\u00e0, non la faranno mancare <strong>Roberto Ciufoli<\/strong>, <strong>Gaspare<\/strong> e <strong>Max Pisu<\/strong>, protagonisti di <strong><em>Sabbie mobili<\/em><\/strong>, spettacolo che si avvale della regia di <strong>Alessandro Benvenuti<\/strong> ed \u00e8 prodotto da <strong>Artisti Associati<\/strong>. La compagnia diretta \u00a0da <strong>Walter Mramor<\/strong> presenter\u00e0 in stagione altri due testi: <strong><em>Mariti e mogli<\/em><\/strong>, la versione teatrale di uno dei pi\u00f9 riusciti lungometraggi di Woody Allen, i cui adattamento, regia e interpretazione sono di <strong>Monica Guerritore<\/strong>, affiancata da <strong>Francesca Reggiani<\/strong>, <strong>Pietro Bontempo<\/strong> e <strong>Antonio Zavatteri<\/strong>; e <strong><em>Victor &#038; Victoria<\/em><\/strong>, anche in questo caso un libero adattamento dall\u2019omonimo film di Blake Edwards, interpretato da <strong>Veronica Pivetti<\/strong> per la regia di <strong>Emanuele Gamba<\/strong>.<\/p>\n<p>Restando in regione, il <strong>Teatro Stabile del FVG<\/strong> riporter\u00e0 sulle scene un piccolo gioiello qual \u00e8 <strong><em>Caracreatura<\/em><\/strong> di <strong>Pino Roveredo<\/strong> per l\u2019interpretazione della friulana <strong>Maria Grazia Plos<\/strong>, e dar\u00e0 ancora la possibilit\u00e0 a chi non l\u2019avesse visto nella scorsa stagione di assistere al \u201ccombattimento\u201d tra <strong>Maria Paiato<\/strong> e <strong>Franco Castellano<\/strong>, protagonisti di <strong><em>Play Strindberg<\/em><\/strong> di Friedrich D\u00fcrrenmatt; la novit\u00e0 della stagione sar\u00e0 invece rappresentata da <strong><em>Das Kaffeehaus<\/em><\/strong>, testo che Rainer Werner Fassbinder ha sviluppato partendo dalla <em>Bottega del caff\u00e8<\/em> di Goldoni per ridisegnarla a tinte fosche. <strong>La Contrada<\/strong> di Trieste ha optato per un testo di <strong>Sergio Pierattini<\/strong>, diretto da <strong>Nicola Pistoia<\/strong>. Si tratta de <strong><em>La cena perfetta<\/em><\/strong>, commedia che ha per interpreti <strong>Daniela Morozzi<\/strong>, <strong>Blas Roca Rey<\/strong>, <strong>Ariele Vincenti<\/strong> e <strong>Monica Rogledi<\/strong> impegnati ad accogliere nel loro ristorante l\u2019ispettore della Guida Michelin Nini Salerno, l\u2019unico che potrebbe farli rinascere attribuendo al locale l\u2019agognata stella\u2026<\/p>\n<p><strong>Anna Galiena<\/strong> e <strong>Corrado Tedeschi<\/strong> sono gli interpreti dell\u2019altra produzione della Contrada che vedremo in circuito: <strong><em>Notte di follia<\/em><\/strong>, testo francese diretto da <strong>Antonio Zavatteri<\/strong>. Per chiudere il quadro dell\u2019offerta delle principali case di produzione regionali, il <strong>CSS Udine<\/strong> sar\u00e0 di nuovo presente con <strong><em>Il canto e la fionda<\/em><\/strong>, omaggio di <strong>Massimo Somaglino<\/strong> e <strong>Fabiano Fantini<\/strong> a David Maria Turoldo, e con il nuovo spettacolo del <strong>Teatro Incerto<\/strong> (Fabiano Fantini, <strong>Claudio Moretti<\/strong>, <strong>Elvio Scruzzi<\/strong>).<\/p>\n<p>L\u2019attivit\u00e0 dell\u2019Ente Regionale Teatrale del Friuli Venezia Giulia da due stagioni non si limita alla sola prosa ma, grazie all\u2019importante riconoscimento ministeriale di <strong>Circuito multidisciplinare<\/strong>, si \u00e8 allargata a danza e musica. I cartelloni ERT 2017\/2018 verranno presentati all\u2019inizio di settembre, altre anticipazioni si avranno durante l\u2019estate nei teatri del circuito.<\/p>\n","protected":false},"excerpt":{"rendered":"<p>Prime anticipazioni della nuova stagione ERT<\/p>\n","protected":false},"author":28,"featured_media":23537,"comment_status":"closed","ping_status":"closed","sticky":false,"template":"","format":"standard","meta":{"dwc-title":[],"dwc-content":[],"footnotes":""},"categories":[37],"tags":[],"class_list":["post-23536","post","type-post","status-publish","format-standard","has-post-thumbnail","hentry","category-cultura-e-spettacolo"],"rttpg_featured_image_url":{"full":["https:\/\/imagazine.it\/wp-content\/uploads\/2024\/01\/19655-1.webp",750,500,false],"landscape":["https:\/\/imagazine.it\/wp-content\/uploads\/2024\/01\/19655-1.webp",750,500,false],"portraits":["https:\/\/imagazine.it\/wp-content\/uploads\/2024\/01\/19655-1.webp",750,500,false],"thumbnail":["https:\/\/imagazine.it\/wp-content\/uploads\/2024\/01\/19655-1-150x150.webp",150,150,true],"medium":["https:\/\/imagazine.it\/wp-content\/uploads\/2024\/01\/19655-1-300x200.webp",300,200,true],"large":["https:\/\/imagazine.it\/wp-content\/uploads\/2024\/01\/19655-1.webp",640,427,false],"thumblist":["https:\/\/imagazine.it\/wp-content\/uploads\/2024\/01\/19655-1.webp",300,200,false],"thumbrelated":["https:\/\/imagazine.it\/wp-content\/uploads\/2024\/01\/19655-1.webp",500,333,false],"meccarouselthumb":["https:\/\/imagazine.it\/wp-content\/uploads\/2024\/01\/19655-1.webp",474,316,false],"gridsquare":["https:\/\/imagazine.it\/wp-content\/uploads\/2024\/01\/19655-1.webp",391,260,false],"tileview":["https:\/\/imagazine.it\/wp-content\/uploads\/2024\/01\/19655-1.webp",300,200,false],"1536x1536":["https:\/\/imagazine.it\/wp-content\/uploads\/2024\/01\/19655-1.webp",750,500,false],"2048x2048":["https:\/\/imagazine.it\/wp-content\/uploads\/2024\/01\/19655-1.webp",750,500,false],"newsup-slider-full":["https:\/\/imagazine.it\/wp-content\/uploads\/2024\/01\/19655-1.webp",750,500,false],"newsup-featured":["https:\/\/imagazine.it\/wp-content\/uploads\/2024\/01\/19655-1.webp",750,500,false],"newsup-medium":["https:\/\/imagazine.it\/wp-content\/uploads\/2024\/01\/19655-1-720x380.webp",720,380,true],"tptn_thumbnail":["https:\/\/imagazine.it\/wp-content\/uploads\/2024\/01\/19655-1.webp",250,167,false],"sow-carousel-default":["https:\/\/imagazine.it\/wp-content\/uploads\/2024\/01\/19655-1-272x182.webp",272,182,true]},"rttpg_author":{"display_name":"redazione","author_link":"https:\/\/imagazine.it\/home_desk\/author\/redazione\/"},"rttpg_comment":0,"rttpg_category":"<a href=\"https:\/\/imagazine.it\/home_desk\/category\/cultura-e-spettacolo\/\" rel=\"category tag\">CULTURA&amp;SPETTACOLO<\/a>","rttpg_excerpt":"Prime anticipazioni della nuova stagione ERT","_links":{"self":[{"href":"https:\/\/imagazine.it\/home_desk\/wp-json\/wp\/v2\/posts\/23536","targetHints":{"allow":["GET"]}}],"collection":[{"href":"https:\/\/imagazine.it\/home_desk\/wp-json\/wp\/v2\/posts"}],"about":[{"href":"https:\/\/imagazine.it\/home_desk\/wp-json\/wp\/v2\/types\/post"}],"author":[{"embeddable":true,"href":"https:\/\/imagazine.it\/home_desk\/wp-json\/wp\/v2\/users\/28"}],"replies":[{"embeddable":true,"href":"https:\/\/imagazine.it\/home_desk\/wp-json\/wp\/v2\/comments?post=23536"}],"version-history":[{"count":0,"href":"https:\/\/imagazine.it\/home_desk\/wp-json\/wp\/v2\/posts\/23536\/revisions"}],"wp:featuredmedia":[{"embeddable":true,"href":"https:\/\/imagazine.it\/home_desk\/wp-json\/wp\/v2\/media\/23537"}],"wp:attachment":[{"href":"https:\/\/imagazine.it\/home_desk\/wp-json\/wp\/v2\/media?parent=23536"}],"wp:term":[{"taxonomy":"category","embeddable":true,"href":"https:\/\/imagazine.it\/home_desk\/wp-json\/wp\/v2\/categories?post=23536"},{"taxonomy":"post_tag","embeddable":true,"href":"https:\/\/imagazine.it\/home_desk\/wp-json\/wp\/v2\/tags?post=23536"}],"curies":[{"name":"wp","href":"https:\/\/api.w.org\/{rel}","templated":true}]}}