{"id":23526,"date":"2017-06-05T00:00:00","date_gmt":"2017-06-04T23:00:00","guid":{"rendered":"https:\/\/imagazine.it\/?p=23526"},"modified":"2017-06-05T00:00:00","modified_gmt":"2017-06-04T23:00:00","slug":"le-trasformazioni-del-sud-del-mondo-in-scena-a-cervignano","status":"publish","type":"post","link":"https:\/\/imagazine.it\/home_desk\/le-trasformazioni-del-sud-del-mondo-in-scena-a-cervignano\/","title":{"rendered":"Le trasformazioni del Sud del mondo in scena a Cervignano"},"content":{"rendered":"<p>Annunciato il palinsesto completo della ventunesima edizione di Onde Mediterranee,\u00a0festival\u00a0che ha ottenuto la medaglia d\u2019argento della Presidenza della Repubblica per meriti culturali ed \u00e8 <strong>promosso da Euritmica<\/strong> con il <strong>sostegno della Regione FVG e dell&#39;Amministrazione Comunale di Cervignano del Friuli<\/strong>.<\/p>\n<p>Due le sezioni: <strong>Onde Musica<\/strong>, per la direzione artistica di <strong>Giancarlo Velliscig<\/strong>, con i concerti di <strong>Alberto Bertoli<\/strong> (figlio del cantautore Pierangelo) e di <strong>Tommy Graziani<\/strong> (con un tributo al padre Ivan) a Marano Lagunare, il 7 e l&#39;8 luglio, all&#39;interno della Festa della Musica curata della locale Banda &#8220;Stella Maris&#8221;, di\u00a0<strong>Samuel (Subsonica), Niccol\u00f2 Fabi, Max Gazz\u00e8<\/strong> (a Cervignano del Friuli rispettivamente il 20, 21 e 22 luglio) e la chiusura con <strong>Fiorella Mannoia<\/strong> (a Udine il 27 luglio) e <strong>Lettere Mediterranee<\/strong>, una serie di incontri letterari e di approfondimento culturale <strong>(anche questi tra il 20 ed il 22 luglio)<\/strong> su temi d\u2019attualit\u00e0. La rassegna, che si avvale del\u00a0coordinamento scientifico del filosofo e intellettuale <strong>Fabio Turchini<\/strong> (che condurr\u00e0 anche gli incontri), si svolge da quest\u2019anno a Cervignano, dopo molti anni passati a Monfalcone.<\/p>\n<p>A Cervignano si prospetta, dunque, una tre giorni di musica, di intrattenimento e di incontri, in un susseguirsi di eventi sparsi in diversi angoli della citt\u00e0 e che, per la parte musicale, si svolger\u00e0\u00a0<strong>al Parco Europa Unita<\/strong>, con la collaborazione della Pro Loco, che provveder\u00e0 all&#39;ospitalit\u00e0 con specialit\u00e0 del territorio.<\/p>\n<p>Gli incontri di &#8220;Lettere Mediterranee&#8221; e i concerti maranesi sono tutti a ingresso gratuito, mentre per gli altri concerti sono attive\u00a0le prevendite sui circuiti TicketOne, Vivaticket e presso le rivendite abituali.<\/p>\n<p>Mentre i concerti di Onde Musica sono gi\u00e0 stati annunciati, la sezione\u00a0<strong>Lettere Mediterranee<\/strong>, che ha per sottotitolo \u201cPer quale via.\u00a0 Ferite dell\u2019umanit\u00e0\u00a0 e mondo nuovo\u201d, \u00e8 tutta da scoprire.<\/p>\n<p>Gli incontri in programma vogliono essere un momento di riflessione e dialogo con personalit\u00e0 della letteratura, della cultura, della ricerca e del giornalismo per \u00a0indagare sui rapporti del mondo attuale con la storia, le problematiche e le trasformazioni sociali, culturali ed economiche del Mediterraneo e del Sud del mondo.<\/p>\n<p>La sezione si articola in tre giornate, dal 20 e al 22 luglio, in orario pre serale, in vari angoli di Cervignano del Friuli.<\/p>\n<p>Il tema di fondo sono le migrazioni, tra cause e drammatiche implicazioni. Gli incontri si focalizzeranno su tre punti principali: la questione siriana, la tortura, la critica dell\u2019attuale modello di sviluppo globalizzato e i suoi possibili sbocchi, prefigurazioni ideali ma anche passaggi concreti verso nuove realt\u00e0 che coinvolgono concezioni possibili del lavoro, dell\u2019economia, dell\u2019ambiente.<\/p>\n<p>Ciascuno di questi focus sar\u00e0 sviluppato in altrettante tavole rotonde alla presenza di esperti e di personalit\u00e0 del mondo della cultura tra i quali\u00a0<strong>Farouk Mardam Bey,\u00a0Paola Gandolfi,\u00a0Riccardo Cristiano,\u00a0 Alessandra Ballerini,\u00a0Gianpaolo Carbonetto,\u00a0Marco Tarquinio, Loris De Filippi\u00a0e\u00a0Maurizio Pallante.<\/strong><\/p>\n<p>Tra una tavola rotonda e l\u2019altra avranno luogo performance e presentazioni di libri con gli autori.<\/p>\n<p>Onde Mediterranee Festival 2017 si chiuder\u00e0 al <strong>Castello di Udine, gioved\u00ec 27 luglio<\/strong>, dove far\u00e0 tappa \u201c<strong>Combattente\u201d, \u00a0<\/strong>il tour dei record (sold-out in quasi tutte le date) di <strong>Fiorella Mannoia.<\/strong><\/p>\n","protected":false},"excerpt":{"rendered":"<p>In arrivo &#8220;Lettere mediterranee&#8221;<\/p>\n","protected":false},"author":28,"featured_media":23527,"comment_status":"closed","ping_status":"closed","sticky":false,"template":"","format":"standard","meta":{"dwc-title":[],"dwc-content":[],"footnotes":""},"categories":[37],"tags":[],"class_list":["post-23526","post","type-post","status-publish","format-standard","has-post-thumbnail","hentry","category-cultura-e-spettacolo"],"rttpg_featured_image_url":{"full":["https:\/\/imagazine.it\/wp-content\/uploads\/2024\/01\/19626-1.webp",750,563,false],"landscape":["https:\/\/imagazine.it\/wp-content\/uploads\/2024\/01\/19626-1.webp",750,563,false],"portraits":["https:\/\/imagazine.it\/wp-content\/uploads\/2024\/01\/19626-1.webp",750,563,false],"thumbnail":["https:\/\/imagazine.it\/wp-content\/uploads\/2024\/01\/19626-1-150x150.webp",150,150,true],"medium":["https:\/\/imagazine.it\/wp-content\/uploads\/2024\/01\/19626-1-300x225.webp",300,225,true],"large":["https:\/\/imagazine.it\/wp-content\/uploads\/2024\/01\/19626-1.webp",640,480,false],"thumblist":["https:\/\/imagazine.it\/wp-content\/uploads\/2024\/01\/19626-1.webp",300,225,false],"thumbrelated":["https:\/\/imagazine.it\/wp-content\/uploads\/2024\/01\/19626-1.webp",500,375,false],"meccarouselthumb":["https:\/\/imagazine.it\/wp-content\/uploads\/2024\/01\/19626-1.webp",432,324,false],"gridsquare":["https:\/\/imagazine.it\/wp-content\/uploads\/2024\/01\/19626-1.webp",346,260,false],"tileview":["https:\/\/imagazine.it\/wp-content\/uploads\/2024\/01\/19626-1.webp",300,225,false],"1536x1536":["https:\/\/imagazine.it\/wp-content\/uploads\/2024\/01\/19626-1.webp",750,563,false],"2048x2048":["https:\/\/imagazine.it\/wp-content\/uploads\/2024\/01\/19626-1.webp",750,563,false],"newsup-slider-full":["https:\/\/imagazine.it\/wp-content\/uploads\/2024\/01\/19626-1.webp",750,563,false],"newsup-featured":["https:\/\/imagazine.it\/wp-content\/uploads\/2024\/01\/19626-1.webp",750,563,false],"newsup-medium":["https:\/\/imagazine.it\/wp-content\/uploads\/2024\/01\/19626-1-720x380.webp",720,380,true],"tptn_thumbnail":["https:\/\/imagazine.it\/wp-content\/uploads\/2024\/01\/19626-1.webp",250,188,false],"sow-carousel-default":["https:\/\/imagazine.it\/wp-content\/uploads\/2024\/01\/19626-1-272x182.webp",272,182,true]},"rttpg_author":{"display_name":"redazione","author_link":"https:\/\/imagazine.it\/home_desk\/author\/redazione\/"},"rttpg_comment":0,"rttpg_category":"<a href=\"https:\/\/imagazine.it\/home_desk\/category\/cultura-e-spettacolo\/\" rel=\"category tag\">CULTURA&amp;SPETTACOLO<\/a>","rttpg_excerpt":"In arrivo \"Lettere mediterranee\"","_links":{"self":[{"href":"https:\/\/imagazine.it\/home_desk\/wp-json\/wp\/v2\/posts\/23526","targetHints":{"allow":["GET"]}}],"collection":[{"href":"https:\/\/imagazine.it\/home_desk\/wp-json\/wp\/v2\/posts"}],"about":[{"href":"https:\/\/imagazine.it\/home_desk\/wp-json\/wp\/v2\/types\/post"}],"author":[{"embeddable":true,"href":"https:\/\/imagazine.it\/home_desk\/wp-json\/wp\/v2\/users\/28"}],"replies":[{"embeddable":true,"href":"https:\/\/imagazine.it\/home_desk\/wp-json\/wp\/v2\/comments?post=23526"}],"version-history":[{"count":0,"href":"https:\/\/imagazine.it\/home_desk\/wp-json\/wp\/v2\/posts\/23526\/revisions"}],"wp:featuredmedia":[{"embeddable":true,"href":"https:\/\/imagazine.it\/home_desk\/wp-json\/wp\/v2\/media\/23527"}],"wp:attachment":[{"href":"https:\/\/imagazine.it\/home_desk\/wp-json\/wp\/v2\/media?parent=23526"}],"wp:term":[{"taxonomy":"category","embeddable":true,"href":"https:\/\/imagazine.it\/home_desk\/wp-json\/wp\/v2\/categories?post=23526"},{"taxonomy":"post_tag","embeddable":true,"href":"https:\/\/imagazine.it\/home_desk\/wp-json\/wp\/v2\/tags?post=23526"}],"curies":[{"name":"wp","href":"https:\/\/api.w.org\/{rel}","templated":true}]}}