{"id":23522,"date":"2017-06-01T00:00:00","date_gmt":"2017-05-31T23:00:00","guid":{"rendered":"https:\/\/imagazine.it\/?p=23522"},"modified":"2017-06-01T00:00:00","modified_gmt":"2017-05-31T23:00:00","slug":"arriva-a-grado-unestate-esclusiva","status":"publish","type":"post","link":"https:\/\/imagazine.it\/home_desk\/arriva-a-grado-unestate-esclusiva\/","title":{"rendered":"Arriva a Grado un&#8217;estate esclusiva"},"content":{"rendered":"<p>Presentato il\u00a0<strong>Sun&#038;Sounds Festival<\/strong> di Grado, promosso dal\u00a0<strong>Comune di Grado<\/strong>\u00a0e organizzato da\u00a0<strong>MPmusica\u00a0<\/strong>e\u00a0<strong>The Groove Factory<\/strong>\u00a0con il sostegno della Regione Friuli Venezia Giulia, della Camera di Commercio di Gorizia e con il patrocinio di Turismo FVG. <strong>Dal 24 giugno fino ai primi di settembre<\/strong>, in cartellone cinque concerti internazionali in esclusiva regionale sulla diga Nazario Sauro, affiancati da tre live nel centro storico di Grado con artisti emergenti ma gi\u00e0 affermati sulla scena nazionale:\u00a0<strong>Nada, Marina Rei, Giuliano Palma, Antonella Ruggiero<\/strong>\u00a0e i musicisti di Vasco Rossi ovvero il\u00a0<strong>trio rock formato da Stef Burns,\u00a0<\/strong><strong>Claudio \u201cGallo\u201d Golinelli e Will Hunt<\/strong>.\u00a0<\/p>\n<p>\u00ab<em>Sun&#038;Sounds Festival<\/em>\u00a0\u2013 sottolinea\u00a0<strong>Stefano Palaferri<\/strong>,\u00a0titolare di\u00a0<strong>The\u00a0<\/strong><strong>Groove Factory<\/strong>\u00a0\u2013\u00a0<em>vuole essere un festival musicale con una proposta varia e<\/em>\u00a0<em>accessibile<\/em><em>, con lo scopo di rendere fruibile al pubblico la musica dal vivo di qualit\u00e0 coinvolgendo artisti di fama internazionale e artisti emergenti locali in quella che \u00e8 una delle pi\u00f9 suggestive localit\u00e0 di mare del nostro paese<\/em>.\u00bb<\/p>\n<p>\u00ab<em>Quest\u2019anno l\u2019amministrazione comunale \u2013\u00a0<\/em>specifica\u00a0il\u00a0vicesindaco e assessore al Turismo del Comune di Grado,\u00a0<strong>Matteo Polo<\/strong>\u00a0<em>\u2013<\/em>\u00a0<em>ha inteso ampliare il numero di concerti offerti agli ospiti e ai residenti, pur mantenendo invariato lo stanziamento rispetto al passato. Riusciremo quindi a garantire un Festival Jazz di tre date, una serata musicale di omaggio a Lucio Dalla a 10 anni dalla sua presenza a Grado oltre che un omaggio a Lucio Battisti con la partecipazione di Mogol, in aggiunta al Festival Sun &#038; Sound\u00bb<\/em>.<\/p>\n<p>Primo appuntamento in Diga Nazario Sauro\u00a0<strong>sabato 24 giugno<\/strong>\u00a0con\u00a0<strong>Nada feat. &#8230;<\/strong><strong>A Toys Orchestra<\/strong>, che vedr\u00e0 la cantautrice italiana assieme alla storica band.<\/p>\n<p>Si prosegue poi\u00a0<strong>mercoled\u00ec 12 luglio<\/strong>\u00a0con la prima data del Tour estivo di\u00a0<strong>Burns Golinelli Hunt aka BGH<\/strong>, i musicisti di Vasco Rossi in versione power trio.\u00a0<\/p>\n<p>Due gli appuntamenti per il mese di\u00a0<strong>agosto<\/strong>, sempre su palco che si affaccia sul mare della Diga Nazario Sauro.\u00a0<strong>Domenica 13<\/strong>\u00a0il concerto di\u00a0<strong>Antonella Ruggiero<\/strong>, <strong>mercoled\u00ec 23 agosto\u00a0Giuliano Palma<\/strong>, che con \u201cGroovin\u201d animer\u00e0 la serata gradese sprigionando la sua energia coinvolgente. inconfondibile.<\/p>\n<p>A chiudere il <em>Sun&#038;Sounds Festival 2017<\/em>,\u00a0<strong>domenica 3 settembre Marina Rei<\/strong> che a Grado suoner\u00e0 in trio: lei alla voce, batteria, percussioni e tastiera, Fabio Fraschini al basso e Giorgio Condemi alla chitarra. Insieme a loro, ripercorrer\u00e0 la sua carriera proponendo i suoi successi dagli anni 90 fino ai brani pi\u00f9 recenti.<\/p>\n<p>Oltre ai \u201cbig\u201d in programma quest\u2019estate ci saranno tre ulteriori\u00a0<strong>concerti a ingresso libero nel centro storico di Grado<\/strong>; gruppi emergenti che hanno gi\u00e0 riscosso successo anche all\u2019estero; il\u00a0<strong>3 luglio<\/strong>\u00a0il trio\u00a0<strong>Mari\u00a0\u2013\u00a0O, <\/strong>il\u00a0<strong>29 luglio Matteo Pascotto<\/strong>\u00a0e il\u00a0<strong>5 agosto\u00a0<\/strong>il duo\u00a0<strong>Lubian-Canciani<\/strong>\u00a0in\u00a0<em>Orsetti Chiacchieroni.<\/em><\/p>\n<p>La rassegna ospita inoltre\u00a0<strong>il 24 luglio al Parco delle Rose<\/strong>, sempre a ingresso libero, l\u2019evento dei\u00a0<strong>Perpetuum Jazzile, <\/strong>gruppo sloveno nato nel 1983 e venuto alla ribalta internazionale per la cover a cappella di <em>Africa<\/em> dei Toto, il cui video a novembre 2015 ha totalizzato oltre 18 milioni di visualizzazioni su YouTube.<\/p>\n<p>Info: <a href=\"http:\/\/www.sunandsoundsfestival.it\" target=\"_blank\" rel=\"noopener\">www.sunandsoundsfestival.it<\/a><\/p>\n","protected":false},"excerpt":{"rendered":"<p>Presentato il Sun&#038;Sounds Festival<\/p>\n","protected":false},"author":28,"featured_media":23523,"comment_status":"closed","ping_status":"closed","sticky":false,"template":"","format":"standard","meta":{"dwc-title":[],"dwc-content":[],"footnotes":""},"categories":[37],"tags":[],"class_list":["post-23522","post","type-post","status-publish","format-standard","has-post-thumbnail","hentry","category-cultura-e-spettacolo"],"rttpg_featured_image_url":{"full":["https:\/\/imagazine.it\/wp-content\/uploads\/2024\/01\/19614-1.webp",750,499,false],"landscape":["https:\/\/imagazine.it\/wp-content\/uploads\/2024\/01\/19614-1.webp",750,499,false],"portraits":["https:\/\/imagazine.it\/wp-content\/uploads\/2024\/01\/19614-1.webp",750,499,false],"thumbnail":["https:\/\/imagazine.it\/wp-content\/uploads\/2024\/01\/19614-1-150x150.webp",150,150,true],"medium":["https:\/\/imagazine.it\/wp-content\/uploads\/2024\/01\/19614-1-300x200.webp",300,200,true],"large":["https:\/\/imagazine.it\/wp-content\/uploads\/2024\/01\/19614-1.webp",640,426,false],"thumblist":["https:\/\/imagazine.it\/wp-content\/uploads\/2024\/01\/19614-1.webp",300,200,false],"thumbrelated":["https:\/\/imagazine.it\/wp-content\/uploads\/2024\/01\/19614-1.webp",500,333,false],"meccarouselthumb":["https:\/\/imagazine.it\/wp-content\/uploads\/2024\/01\/19614-1.webp",474,315,false],"gridsquare":["https:\/\/imagazine.it\/wp-content\/uploads\/2024\/01\/19614-1.webp",391,260,false],"tileview":["https:\/\/imagazine.it\/wp-content\/uploads\/2024\/01\/19614-1.webp",300,200,false],"1536x1536":["https:\/\/imagazine.it\/wp-content\/uploads\/2024\/01\/19614-1.webp",750,499,false],"2048x2048":["https:\/\/imagazine.it\/wp-content\/uploads\/2024\/01\/19614-1.webp",750,499,false],"newsup-slider-full":["https:\/\/imagazine.it\/wp-content\/uploads\/2024\/01\/19614-1.webp",750,499,false],"newsup-featured":["https:\/\/imagazine.it\/wp-content\/uploads\/2024\/01\/19614-1.webp",750,499,false],"newsup-medium":["https:\/\/imagazine.it\/wp-content\/uploads\/2024\/01\/19614-1-720x380.webp",720,380,true],"tptn_thumbnail":["https:\/\/imagazine.it\/wp-content\/uploads\/2024\/01\/19614-1.webp",250,166,false],"sow-carousel-default":["https:\/\/imagazine.it\/wp-content\/uploads\/2024\/01\/19614-1-272x182.webp",272,182,true]},"rttpg_author":{"display_name":"redazione","author_link":"https:\/\/imagazine.it\/home_desk\/author\/redazione\/"},"rttpg_comment":0,"rttpg_category":"<a href=\"https:\/\/imagazine.it\/home_desk\/category\/cultura-e-spettacolo\/\" rel=\"category tag\">CULTURA&amp;SPETTACOLO<\/a>","rttpg_excerpt":"Presentato il Sun&Sounds Festival","_links":{"self":[{"href":"https:\/\/imagazine.it\/home_desk\/wp-json\/wp\/v2\/posts\/23522","targetHints":{"allow":["GET"]}}],"collection":[{"href":"https:\/\/imagazine.it\/home_desk\/wp-json\/wp\/v2\/posts"}],"about":[{"href":"https:\/\/imagazine.it\/home_desk\/wp-json\/wp\/v2\/types\/post"}],"author":[{"embeddable":true,"href":"https:\/\/imagazine.it\/home_desk\/wp-json\/wp\/v2\/users\/28"}],"replies":[{"embeddable":true,"href":"https:\/\/imagazine.it\/home_desk\/wp-json\/wp\/v2\/comments?post=23522"}],"version-history":[{"count":0,"href":"https:\/\/imagazine.it\/home_desk\/wp-json\/wp\/v2\/posts\/23522\/revisions"}],"wp:featuredmedia":[{"embeddable":true,"href":"https:\/\/imagazine.it\/home_desk\/wp-json\/wp\/v2\/media\/23523"}],"wp:attachment":[{"href":"https:\/\/imagazine.it\/home_desk\/wp-json\/wp\/v2\/media?parent=23522"}],"wp:term":[{"taxonomy":"category","embeddable":true,"href":"https:\/\/imagazine.it\/home_desk\/wp-json\/wp\/v2\/categories?post=23522"},{"taxonomy":"post_tag","embeddable":true,"href":"https:\/\/imagazine.it\/home_desk\/wp-json\/wp\/v2\/tags?post=23522"}],"curies":[{"name":"wp","href":"https:\/\/api.w.org\/{rel}","templated":true}]}}