{"id":23484,"date":"2017-05-29T00:00:00","date_gmt":"2017-05-28T23:00:00","guid":{"rendered":"https:\/\/imagazine.it\/?p=23484"},"modified":"2017-05-29T00:00:00","modified_gmt":"2017-05-28T23:00:00","slug":"festinval-cerca-la-propria-immagine","status":"publish","type":"post","link":"https:\/\/imagazine.it\/home_desk\/festinval-cerca-la-propria-immagine\/","title":{"rendered":"FestinVal cerca la propria immagine"},"content":{"rendered":"<p>In occasione della sua quinta edizione, il FestinVal\u00a0\u00a0&#8211;\u00a0contenitore di musica, arte, cultura e tradizione con una rassegna di concerti e stage di danza, musica e canto popolare dedicati al folk italiano ed europeo, a cura del Comune di Tramonti di Sotto e della Pro Loco Valtramontina &#8211; per la propria immagine si affida a un concorso di Illustrazione, che a sua volta produrr\u00e0 una mostra che andr\u00e0 ad arricchire il calendario degli eventi in programma dal 3 al 7 agosto.<\/p>\n<p>Il tema del concorso \u00e8\u00a0\u201cStorie d\u2019acqua e di sassi\u201d. Nell\u2019immagine dovranno essere presenti gli elementi chiave di questa edizione del festival: musica e danza, acqua e sasso. Il concorso, la cui partecipazione \u00e8 gratuita, \u00e8 aperto a tutti, senza alcun limite d\u2019et\u00e0. Ogni partecipante &#8211; che potr\u00e0 presentarsi come singolo o come gruppo &#8211; potr\u00e0 presentare un massimo di 2 opere inedite, non premiate o segnalate in altri concorsi. La tecnica di esecuzione \u00e8 libera: le immagini possono essere realizzate con qualunque tecnica grafica, tradizionale o digitale, ma devono essere a colori, e avere dimensioni di\u00a0297&#215;420 mm, formato verticale. Nel caso di immagine digitale, la dimensione \u00e8 di 420&#215;594\u2009mm, risoluzione 300 dpi, formato Tiff.\u00a0Le opere devono pervenire tassativamente entro sabato\u00a03 giugno 2017\u00a0alle\u00a0\u00a023:59. La giuria selezioner\u00e0 un\u2019opera vincitrice che ricever\u00e0 un premio in denaro di\u00a0300 euro e altre 20 opere che verranno esposte durante le giornate del festival. Inoltre i primi tre classificati saranno ospiti del FESTinVAL nelle giornate di sabato 6 e domenica 7 agosto con vitto e alloggio gratuiti.\u00a0<\/p>\n<p>La comunicazione del vincitore e delle immagini selezionate dalla giuria sar\u00e0 resa nota sul sito web e sulla pagina Facebook della nostra Associazione Pro Loco Valtramontina. Gli autori selezionati saranno anche informati tramite e-mail e\/o telefonicamente. Info:\u00a0<a href=\"mailto:alice.cleva90@gmail.com\" target=\"_blank\" rel=\"noopener\">alice.cleva90@gmail.com<\/a>; 339\u2009\u20096549598.<\/p>\n","protected":false},"excerpt":{"rendered":"<p>Concorso di illustrazione<\/p>\n","protected":false},"author":28,"featured_media":23485,"comment_status":"closed","ping_status":"closed","sticky":false,"template":"","format":"standard","meta":{"dwc-title":[],"dwc-content":[],"footnotes":""},"categories":[37],"tags":[],"class_list":["post-23484","post","type-post","status-publish","format-standard","has-post-thumbnail","hentry","category-cultura-e-spettacolo"],"rttpg_featured_image_url":{"full":["https:\/\/imagazine.it\/wp-content\/uploads\/2024\/01\/19565-1.webp",750,512,false],"landscape":["https:\/\/imagazine.it\/wp-content\/uploads\/2024\/01\/19565-1.webp",750,512,false],"portraits":["https:\/\/imagazine.it\/wp-content\/uploads\/2024\/01\/19565-1.webp",750,512,false],"thumbnail":["https:\/\/imagazine.it\/wp-content\/uploads\/2024\/01\/19565-1-150x150.webp",150,150,true],"medium":["https:\/\/imagazine.it\/wp-content\/uploads\/2024\/01\/19565-1-300x205.webp",300,205,true],"large":["https:\/\/imagazine.it\/wp-content\/uploads\/2024\/01\/19565-1.webp",640,437,false],"thumblist":["https:\/\/imagazine.it\/wp-content\/uploads\/2024\/01\/19565-1.webp",300,205,false],"thumbrelated":["https:\/\/imagazine.it\/wp-content\/uploads\/2024\/01\/19565-1.webp",500,341,false],"meccarouselthumb":["https:\/\/imagazine.it\/wp-content\/uploads\/2024\/01\/19565-1.webp",474,324,false],"gridsquare":["https:\/\/imagazine.it\/wp-content\/uploads\/2024\/01\/19565-1.webp",381,260,false],"tileview":["https:\/\/imagazine.it\/wp-content\/uploads\/2024\/01\/19565-1.webp",300,205,false],"1536x1536":["https:\/\/imagazine.it\/wp-content\/uploads\/2024\/01\/19565-1.webp",750,512,false],"2048x2048":["https:\/\/imagazine.it\/wp-content\/uploads\/2024\/01\/19565-1.webp",750,512,false],"newsup-slider-full":["https:\/\/imagazine.it\/wp-content\/uploads\/2024\/01\/19565-1.webp",750,512,false],"newsup-featured":["https:\/\/imagazine.it\/wp-content\/uploads\/2024\/01\/19565-1.webp",750,512,false],"newsup-medium":["https:\/\/imagazine.it\/wp-content\/uploads\/2024\/01\/19565-1-720x380.webp",720,380,true],"tptn_thumbnail":["https:\/\/imagazine.it\/wp-content\/uploads\/2024\/01\/19565-1.webp",250,171,false],"sow-carousel-default":["https:\/\/imagazine.it\/wp-content\/uploads\/2024\/01\/19565-1-272x182.webp",272,182,true]},"rttpg_author":{"display_name":"redazione","author_link":"https:\/\/imagazine.it\/home_desk\/author\/redazione\/"},"rttpg_comment":0,"rttpg_category":"<a href=\"https:\/\/imagazine.it\/home_desk\/category\/cultura-e-spettacolo\/\" rel=\"category tag\">CULTURA&amp;SPETTACOLO<\/a>","rttpg_excerpt":"Concorso di illustrazione","_links":{"self":[{"href":"https:\/\/imagazine.it\/home_desk\/wp-json\/wp\/v2\/posts\/23484","targetHints":{"allow":["GET"]}}],"collection":[{"href":"https:\/\/imagazine.it\/home_desk\/wp-json\/wp\/v2\/posts"}],"about":[{"href":"https:\/\/imagazine.it\/home_desk\/wp-json\/wp\/v2\/types\/post"}],"author":[{"embeddable":true,"href":"https:\/\/imagazine.it\/home_desk\/wp-json\/wp\/v2\/users\/28"}],"replies":[{"embeddable":true,"href":"https:\/\/imagazine.it\/home_desk\/wp-json\/wp\/v2\/comments?post=23484"}],"version-history":[{"count":0,"href":"https:\/\/imagazine.it\/home_desk\/wp-json\/wp\/v2\/posts\/23484\/revisions"}],"wp:featuredmedia":[{"embeddable":true,"href":"https:\/\/imagazine.it\/home_desk\/wp-json\/wp\/v2\/media\/23485"}],"wp:attachment":[{"href":"https:\/\/imagazine.it\/home_desk\/wp-json\/wp\/v2\/media?parent=23484"}],"wp:term":[{"taxonomy":"category","embeddable":true,"href":"https:\/\/imagazine.it\/home_desk\/wp-json\/wp\/v2\/categories?post=23484"},{"taxonomy":"post_tag","embeddable":true,"href":"https:\/\/imagazine.it\/home_desk\/wp-json\/wp\/v2\/tags?post=23484"}],"curies":[{"name":"wp","href":"https:\/\/api.w.org\/{rel}","templated":true}]}}