{"id":23442,"date":"2017-05-22T00:00:00","date_gmt":"2017-05-21T23:00:00","guid":{"rendered":"https:\/\/imagazine.it\/?p=23442"},"modified":"2017-05-22T00:00:00","modified_gmt":"2017-05-21T23:00:00","slug":"passioni-umane-e-divine-si-plasmano-a-illegio","status":"publish","type":"post","link":"https:\/\/imagazine.it\/home_desk\/passioni-umane-e-divine-si-plasmano-a-illegio\/","title":{"rendered":"Passioni umane e divine si plasmano a Illegio"},"content":{"rendered":"<p>Inaugurata a Illegio (Tolmezzo) la mostra &#8220;Amanti. Passioni umane e divine&#8221;, organizzata dal Comitato di San Floriano a cura di <strong>don Alessio Geretti<\/strong> e che rimarr\u00e0 aperta al pubblico fino a domenica 8 ottobre.<\/p>\n<p>La mostra conduce il visitatore in un percorso di quarantacinque dipinti e sculture che vanno dal Trecento al Novecento, provenienti da trenta collezioni europee e che elevano l&#39;animo accendendo l&#39;emozione con le storie pi\u00f9 incantevoli, struggenti, sublimi e tragiche: quelle che raccontano la potenza, sottile e grandiosa, dell&#39;amore.<\/p>\n<p>Le opere trovano origine da cinque fonti principali &#8211; la mitologia classica, la Sacra Scrittura, le vite dei santi, la letteratura cavalleresca e romantica, il teatro &#8211; e immergono il visitatore in una profonda meditazione sull&#39;amore, nel suo rapporto tra materia e spirito, tra gioia e tormento, tra la vita e la morte.<br \/> Ecco allora Venere e Adone, in un&#39;opera di Jaques Blanchard del 1632 mai vista prima in Italia, che riflette l&#39;insegnamento di Tiziano e rappresenta la stessa Venere innamorata, per uno scherzo di suo figlio Eros, di un uomo la cui bellezza la rende plasticamente arrendevole.<\/p>\n<p>Ma l&#39;emozione del sentimento viene materializzata anche dalle sculture del Canova: nell&#39;Endimione dormiente la luna ammira l&#39;irresistibile giovent\u00f9 del cacciatore. Una fascinazione che non vuole avere mai fine, e per questo Endimione rimane eternamente addormentato. Sospeso nel tempo.<br \/> Altro soggetto, stessa declinazione: Amore e Psiche. Qui il Canova modella la favola di Apuleio, quando Eros si innamora di un&#39;anima, delicata e fragile, come la farfalla che viene tenuta nella mano del dio.<\/p>\n<p>C&#39;\u00e8 poi il tradimento, come quello di Cleopatra a Marcantonio, che Johann Michael Rottmayr in un olio su tela, riflettendo un barocco nordico pesante, sublima artisticamente nell&#39;inganno compiuto usando l&#39;avvenenza.\u00a0E poi la perdizione, la danza di Salom\u00e8 che fa breccia nel cuore lascivo di Erode, dipinta dal croato Ivan Tisov, il quale, contaminato dalla secessione di Monaco, rappresenta una scena completamente concentrata sull&#39;ipnosi del ballo.<br \/> Nel percorso di Illegio 2017 trova spazio dirompente anche la sensualit\u00e0 mistica della Maddalena, con due opere per la prima volta esposte in Italia e siglate da Orazio Gentileschi e da Bartolom\u00e9 Esteban Murillo.<\/p>\n<p>Amore e morte, e in questo caso la fine prematura di Ernst Klimt (fratello del celebre Gustav), che scomparso a soli 28 anni \u00e8 riuscito a lasciare in eredit\u00e0 i Giovani innamorati nel giardino, raffigurando quella che per pochi anni sar\u00e0 sua moglie ma che rimarr\u00e0 eterna, perch\u00e9 il tempo passa e, con il dono della fede, il sentimento non muore mai.<\/p>\n<p>Alla cerimonia di inaugurazione sono intervenuti la presidente della Regione FVG <strong>Debora Serracchiani<\/strong>, il vicepresidente della Provincia di Udine, <strong>Franco Mattiussi<\/strong>, e il sindaco di Tolmezzo <strong>Francesco Brollo<\/strong>.\u00a0<\/p>\n","protected":false},"excerpt":{"rendered":"<p>Inaugurata la mostra &#8220;Amanti&#8221;<\/p>\n","protected":false},"author":28,"featured_media":23443,"comment_status":"closed","ping_status":"closed","sticky":false,"template":"","format":"standard","meta":{"dwc-title":[],"dwc-content":[],"footnotes":""},"categories":[37],"tags":[],"class_list":["post-23442","post","type-post","status-publish","format-standard","has-post-thumbnail","hentry","category-cultura-e-spettacolo"],"rttpg_featured_image_url":{"full":["https:\/\/imagazine.it\/wp-content\/uploads\/2024\/01\/19458-1.webp",750,478,false],"landscape":["https:\/\/imagazine.it\/wp-content\/uploads\/2024\/01\/19458-1.webp",750,478,false],"portraits":["https:\/\/imagazine.it\/wp-content\/uploads\/2024\/01\/19458-1.webp",750,478,false],"thumbnail":["https:\/\/imagazine.it\/wp-content\/uploads\/2024\/01\/19458-1-150x150.webp",150,150,true],"medium":["https:\/\/imagazine.it\/wp-content\/uploads\/2024\/01\/19458-1-300x191.webp",300,191,true],"large":["https:\/\/imagazine.it\/wp-content\/uploads\/2024\/01\/19458-1.webp",640,408,false],"thumblist":["https:\/\/imagazine.it\/wp-content\/uploads\/2024\/01\/19458-1.webp",300,191,false],"thumbrelated":["https:\/\/imagazine.it\/wp-content\/uploads\/2024\/01\/19458-1.webp",500,319,false],"meccarouselthumb":["https:\/\/imagazine.it\/wp-content\/uploads\/2024\/01\/19458-1.webp",474,302,false],"gridsquare":["https:\/\/imagazine.it\/wp-content\/uploads\/2024\/01\/19458-1.webp",391,249,false],"tileview":["https:\/\/imagazine.it\/wp-content\/uploads\/2024\/01\/19458-1.webp",300,191,false],"1536x1536":["https:\/\/imagazine.it\/wp-content\/uploads\/2024\/01\/19458-1.webp",750,478,false],"2048x2048":["https:\/\/imagazine.it\/wp-content\/uploads\/2024\/01\/19458-1.webp",750,478,false],"newsup-slider-full":["https:\/\/imagazine.it\/wp-content\/uploads\/2024\/01\/19458-1.webp",750,478,false],"newsup-featured":["https:\/\/imagazine.it\/wp-content\/uploads\/2024\/01\/19458-1.webp",750,478,false],"newsup-medium":["https:\/\/imagazine.it\/wp-content\/uploads\/2024\/01\/19458-1-720x380.webp",720,380,true],"tptn_thumbnail":["https:\/\/imagazine.it\/wp-content\/uploads\/2024\/01\/19458-1.webp",250,159,false],"sow-carousel-default":["https:\/\/imagazine.it\/wp-content\/uploads\/2024\/01\/19458-1-272x182.webp",272,182,true]},"rttpg_author":{"display_name":"redazione","author_link":"https:\/\/imagazine.it\/home_desk\/author\/redazione\/"},"rttpg_comment":0,"rttpg_category":"<a href=\"https:\/\/imagazine.it\/home_desk\/category\/cultura-e-spettacolo\/\" rel=\"category tag\">CULTURA&amp;SPETTACOLO<\/a>","rttpg_excerpt":"Inaugurata la mostra \"Amanti\"","_links":{"self":[{"href":"https:\/\/imagazine.it\/home_desk\/wp-json\/wp\/v2\/posts\/23442","targetHints":{"allow":["GET"]}}],"collection":[{"href":"https:\/\/imagazine.it\/home_desk\/wp-json\/wp\/v2\/posts"}],"about":[{"href":"https:\/\/imagazine.it\/home_desk\/wp-json\/wp\/v2\/types\/post"}],"author":[{"embeddable":true,"href":"https:\/\/imagazine.it\/home_desk\/wp-json\/wp\/v2\/users\/28"}],"replies":[{"embeddable":true,"href":"https:\/\/imagazine.it\/home_desk\/wp-json\/wp\/v2\/comments?post=23442"}],"version-history":[{"count":0,"href":"https:\/\/imagazine.it\/home_desk\/wp-json\/wp\/v2\/posts\/23442\/revisions"}],"wp:featuredmedia":[{"embeddable":true,"href":"https:\/\/imagazine.it\/home_desk\/wp-json\/wp\/v2\/media\/23443"}],"wp:attachment":[{"href":"https:\/\/imagazine.it\/home_desk\/wp-json\/wp\/v2\/media?parent=23442"}],"wp:term":[{"taxonomy":"category","embeddable":true,"href":"https:\/\/imagazine.it\/home_desk\/wp-json\/wp\/v2\/categories?post=23442"},{"taxonomy":"post_tag","embeddable":true,"href":"https:\/\/imagazine.it\/home_desk\/wp-json\/wp\/v2\/tags?post=23442"}],"curies":[{"name":"wp","href":"https:\/\/api.w.org\/{rel}","templated":true}]}}