{"id":23391,"date":"2017-05-15T00:00:00","date_gmt":"2017-05-14T23:00:00","guid":{"rendered":"https:\/\/imagazine.it\/?p=23391"},"modified":"2017-05-15T00:00:00","modified_gmt":"2017-05-14T23:00:00","slug":"lady-gaga-testimonial-del-fvg-pride","status":"publish","type":"post","link":"https:\/\/imagazine.it\/home_desk\/lady-gaga-testimonial-del-fvg-pride\/","title":{"rendered":"Lady Gaga testimonial del FVG Pride"},"content":{"rendered":"<p>Presentato oggi lo spot del FVG\u00a0Pride (evento che culminer\u00e0 con la grande parata in programma a Udine il prossimo sabato 10 giugno), realizzato dal regista <strong>Tomas UOLLI Marcuzzi<\/strong>, con la partecipazione speciale di <strong>Lady Gaga<\/strong>.\u00a0L&#39;idea alla base dello spot era realizzare un video ironico, divertente, giocando sia sugli\u00a0stereotipi del mondo LGBTQIA che sulle bellezze della nostra regione che, per la prima volta, ospiter\u00e0 un Pride.<\/p>\n<p>\u00abIl famoso claim dice &#8220;Ospiti di gente unica&#8221;, giusto? &#8211; spiegano gli ideatori.\u00a0Con questo video volevamo far capire che\u00a0il Friuli Venezia Giulia \u00e8 anche pronto ad ospitare gente unica. Nel video sono presenti\u00a0persone di tutti i tipi, omo, trans e anche famiglie normali, perch\u00e9 il Pride \u00e8 di tutti\u00bb.<\/p>\n<p>\u00abIl percorso compiuto fino adesso ci ha permesso di toccare numerose tematiche: gli eventi sono stati bene accolti da parte di un pubblico vario e sopratutto da un pubblico al quale di solito non arriviamo, grazie agli appuntamenti realizzati con le associazioni del territorio. Abbiamo approfondito e esplorato tante tematiche LGBTQIA, facendo arrivare il messaggio che parlare di diritti LGBTQIA significa parlare di diritti civili che sono i diritti di tutti. Il nostro obiettivo \u00e8 sempre stato quello di far capire che garantire i diritti di alcuni non significa toglierli ad altri, ma significa impegnarsi per una societ\u00e0 migliore per tutti. Questa esperienza ci ha permesso creare nuove sinergie che speriamo avranno una vita lunga dopo il Pride\u00bb.<strong>\u00a0Queste le parole del presidente del Comitato Fvg Pride, Nacho Quintana Vergara.<\/strong><\/p>\n<p>Fino al giorno della parata, prevista per il prossimo 10 giugno, gli appuntamenti calendarizzati a marchio Fvg Pride sono circa 80. Sono state coinvolte, in questo periodo, tutte e quattro le province del Friuli Venezia Giulia oltre ad alcuni comuni di Veneto e Trentino Alto Adige. A sostenere le iniziative del Fvg Pride sono stati 69 tra circoli e associazioni.<\/p>\n<p>Il 28 maggio si svolger\u00e0\u00a0anche il primo concorso\u00a0<strong>Miss Trans Triveneto<\/strong>,\u00a0al Kursaal\u00a0Club di Lignano Sabbiadoro.<\/p>\n<p>Per il terzo anno consecutivo il Comune di Udine aderir\u00e0 alla Giornata mondiale contro l\u2019omo-lesbo-bi-transfobia, che cade il 17 maggio. Quest\u2019anno gli eventi saranno targati Fvg Pride e cominceranno con lo srotolamento della bandiera contro l\u2019omofobia sulla facciata del Municipio.<\/p>\n<p>\u00abIl percorso di\u00a0<strong>Udine Rainbow<\/strong>\u00a0\u00e8 cominciato anni fa perch\u00e9 la collaborazione tra la Commissione Pari Opportunit\u00e0 del Comune di Udine con le associazioni LGBTQIA ha una lunga storia e intende continuare anche dopo lo svolgimento del Fvg Pride cos\u00ec come nei prossimi anni. Siamo onorati che quest\u2019anno Udine Rainbow si inserisca nel calendario del Fvg Pride che la nostra amministrazione ha sempre sostenuto\u00bb.\u00a0Queste le parole dell\u2019assessora comunale <strong>Cinzia Del Torre<\/strong>, intervenuta alla conferenza stampa.\u00a0<\/p>\n<p>\u00c8 stato ufficializzato anche il gemellaggio con il comitato organizzativo del Ljubljana Pride, che si svolger\u00e0 il 17 giugno,\u00a0come confermato dalla presenza degli\u00a0organizzatori sloveni <strong>Jadry Kokot<\/strong>, <strong>Lovro Centrih<\/strong>, <strong>Nina Hribernik<\/strong>.<\/p>\n","protected":false},"excerpt":{"rendered":"<p>Presentato lo spot dell&#8217;evento<\/p>\n","protected":false},"author":28,"featured_media":23392,"comment_status":"closed","ping_status":"closed","sticky":false,"template":"","format":"standard","meta":{"dwc-title":[],"dwc-content":[],"footnotes":""},"categories":[6],"tags":[],"class_list":["post-23391","post","type-post","status-publish","format-standard","has-post-thumbnail","hentry","category-societa"],"rttpg_featured_image_url":{"full":["https:\/\/imagazine.it\/wp-content\/uploads\/2024\/01\/19346-1.webp",750,508,false],"landscape":["https:\/\/imagazine.it\/wp-content\/uploads\/2024\/01\/19346-1.webp",750,508,false],"portraits":["https:\/\/imagazine.it\/wp-content\/uploads\/2024\/01\/19346-1.webp",750,508,false],"thumbnail":["https:\/\/imagazine.it\/wp-content\/uploads\/2024\/01\/19346-1-150x150.webp",150,150,true],"medium":["https:\/\/imagazine.it\/wp-content\/uploads\/2024\/01\/19346-1-300x203.webp",300,203,true],"large":["https:\/\/imagazine.it\/wp-content\/uploads\/2024\/01\/19346-1.webp",640,433,false],"thumblist":["https:\/\/imagazine.it\/wp-content\/uploads\/2024\/01\/19346-1.webp",300,203,false],"thumbrelated":["https:\/\/imagazine.it\/wp-content\/uploads\/2024\/01\/19346-1.webp",500,339,false],"meccarouselthumb":["https:\/\/imagazine.it\/wp-content\/uploads\/2024\/01\/19346-1.webp",474,321,false],"gridsquare":["https:\/\/imagazine.it\/wp-content\/uploads\/2024\/01\/19346-1.webp",384,260,false],"tileview":["https:\/\/imagazine.it\/wp-content\/uploads\/2024\/01\/19346-1.webp",300,203,false],"1536x1536":["https:\/\/imagazine.it\/wp-content\/uploads\/2024\/01\/19346-1.webp",750,508,false],"2048x2048":["https:\/\/imagazine.it\/wp-content\/uploads\/2024\/01\/19346-1.webp",750,508,false],"newsup-slider-full":["https:\/\/imagazine.it\/wp-content\/uploads\/2024\/01\/19346-1.webp",750,508,false],"newsup-featured":["https:\/\/imagazine.it\/wp-content\/uploads\/2024\/01\/19346-1.webp",750,508,false],"newsup-medium":["https:\/\/imagazine.it\/wp-content\/uploads\/2024\/01\/19346-1-720x380.webp",720,380,true],"tptn_thumbnail":["https:\/\/imagazine.it\/wp-content\/uploads\/2024\/01\/19346-1.webp",250,169,false],"sow-carousel-default":["https:\/\/imagazine.it\/wp-content\/uploads\/2024\/01\/19346-1-272x182.webp",272,182,true]},"rttpg_author":{"display_name":"redazione","author_link":"https:\/\/imagazine.it\/home_desk\/author\/redazione\/"},"rttpg_comment":0,"rttpg_category":"<a href=\"https:\/\/imagazine.it\/home_desk\/category\/societa\/\" rel=\"category tag\">SOCIET\u00c0<\/a>","rttpg_excerpt":"Presentato lo spot dell'evento","_links":{"self":[{"href":"https:\/\/imagazine.it\/home_desk\/wp-json\/wp\/v2\/posts\/23391","targetHints":{"allow":["GET"]}}],"collection":[{"href":"https:\/\/imagazine.it\/home_desk\/wp-json\/wp\/v2\/posts"}],"about":[{"href":"https:\/\/imagazine.it\/home_desk\/wp-json\/wp\/v2\/types\/post"}],"author":[{"embeddable":true,"href":"https:\/\/imagazine.it\/home_desk\/wp-json\/wp\/v2\/users\/28"}],"replies":[{"embeddable":true,"href":"https:\/\/imagazine.it\/home_desk\/wp-json\/wp\/v2\/comments?post=23391"}],"version-history":[{"count":0,"href":"https:\/\/imagazine.it\/home_desk\/wp-json\/wp\/v2\/posts\/23391\/revisions"}],"wp:featuredmedia":[{"embeddable":true,"href":"https:\/\/imagazine.it\/home_desk\/wp-json\/wp\/v2\/media\/23392"}],"wp:attachment":[{"href":"https:\/\/imagazine.it\/home_desk\/wp-json\/wp\/v2\/media?parent=23391"}],"wp:term":[{"taxonomy":"category","embeddable":true,"href":"https:\/\/imagazine.it\/home_desk\/wp-json\/wp\/v2\/categories?post=23391"},{"taxonomy":"post_tag","embeddable":true,"href":"https:\/\/imagazine.it\/home_desk\/wp-json\/wp\/v2\/tags?post=23391"}],"curies":[{"name":"wp","href":"https:\/\/api.w.org\/{rel}","templated":true}]}}