{"id":23389,"date":"2017-05-15T00:00:00","date_gmt":"2017-05-14T23:00:00","guid":{"rendered":"https:\/\/imagazine.it\/?p=23389"},"modified":"2017-05-15T00:00:00","modified_gmt":"2017-05-14T23:00:00","slug":"i-big-della-musica-si-concedono-a-trieste","status":"publish","type":"post","link":"https:\/\/imagazine.it\/home_desk\/i-big-della-musica-si-concedono-a-trieste\/","title":{"rendered":"I big della musica si concedono a Trieste"},"content":{"rendered":"<p>Saranno <strong>Ermal Meta<\/strong> e <strong>Paola Turci<\/strong> i due artisti di successo protagonisti\u00a0 dei concerti gratuiti del mese di luglio che si terranno in piazza dell&#39;Unit\u00e0 d&#39;Italia, rispettivamente il 9 e il 19 luglio.<\/p>\n<p>Il vicesindaco e assessore ai Grandi Eventi <strong>Pierpaolo Roberti<\/strong> ha illustrato, in una prima conferenza stampa, gli eventi musicali in programma nell&#39;estate 2017. Presenti il vicesegretario generale e direttore alla Cultura, Sport <strong>Fabio Lorenzut<\/strong> con il funzionario del Coordinamento Eventi <strong>Barbara Comelli<\/strong> e <strong>Loris Tramontin<\/strong> di Zenith srl.<\/p>\n<p>\u201cQuesta \u2013 ha spiegato Roberti \u2013 \u00e8 una delle prime conferenze stampa di presentazione degli eventi previsti in estate nella piazza dell&#39;Unit\u00e0 d&#39;Italia, rispettando quanto previsto a inizio del mandato, cio\u00e8 privilegiare i concerti gratuiti, offrendo un servizio ai cittadini, anche grazie al contributo della Fondazione CRTrieste, che al contempo generi indotto e possa far lavorare tutta la citt\u00e0. \u00c8 inoltre significativo che Ermal Meta e Paola Turci abbiano scelto Trieste quale unica data &#39;non a pagamento\u00a0del loro tour.\u00a0A breve indiremo un&#39;ulteriore conferenza stampa per annunciare altri nuovi concerti\u201d.<\/p>\n","protected":false},"excerpt":{"rendered":"<p>Annunciati due concerti gratuiti<\/p>\n","protected":false},"author":28,"featured_media":23390,"comment_status":"closed","ping_status":"closed","sticky":false,"template":"","format":"standard","meta":{"dwc-title":[],"dwc-content":[],"footnotes":""},"categories":[37],"tags":[],"class_list":["post-23389","post","type-post","status-publish","format-standard","has-post-thumbnail","hentry","category-cultura-e-spettacolo"],"rttpg_featured_image_url":{"full":["https:\/\/imagazine.it\/wp-content\/uploads\/2024\/01\/19342-1.webp",750,512,false],"landscape":["https:\/\/imagazine.it\/wp-content\/uploads\/2024\/01\/19342-1.webp",750,512,false],"portraits":["https:\/\/imagazine.it\/wp-content\/uploads\/2024\/01\/19342-1.webp",750,512,false],"thumbnail":["https:\/\/imagazine.it\/wp-content\/uploads\/2024\/01\/19342-1-150x150.webp",150,150,true],"medium":["https:\/\/imagazine.it\/wp-content\/uploads\/2024\/01\/19342-1-300x205.webp",300,205,true],"large":["https:\/\/imagazine.it\/wp-content\/uploads\/2024\/01\/19342-1.webp",640,437,false],"thumblist":["https:\/\/imagazine.it\/wp-content\/uploads\/2024\/01\/19342-1.webp",300,205,false],"thumbrelated":["https:\/\/imagazine.it\/wp-content\/uploads\/2024\/01\/19342-1.webp",500,341,false],"meccarouselthumb":["https:\/\/imagazine.it\/wp-content\/uploads\/2024\/01\/19342-1.webp",474,324,false],"gridsquare":["https:\/\/imagazine.it\/wp-content\/uploads\/2024\/01\/19342-1.webp",381,260,false],"tileview":["https:\/\/imagazine.it\/wp-content\/uploads\/2024\/01\/19342-1.webp",300,205,false],"1536x1536":["https:\/\/imagazine.it\/wp-content\/uploads\/2024\/01\/19342-1.webp",750,512,false],"2048x2048":["https:\/\/imagazine.it\/wp-content\/uploads\/2024\/01\/19342-1.webp",750,512,false],"newsup-slider-full":["https:\/\/imagazine.it\/wp-content\/uploads\/2024\/01\/19342-1.webp",750,512,false],"newsup-featured":["https:\/\/imagazine.it\/wp-content\/uploads\/2024\/01\/19342-1.webp",750,512,false],"newsup-medium":["https:\/\/imagazine.it\/wp-content\/uploads\/2024\/01\/19342-1-720x380.webp",720,380,true],"tptn_thumbnail":["https:\/\/imagazine.it\/wp-content\/uploads\/2024\/01\/19342-1.webp",250,171,false],"sow-carousel-default":["https:\/\/imagazine.it\/wp-content\/uploads\/2024\/01\/19342-1-272x182.webp",272,182,true]},"rttpg_author":{"display_name":"redazione","author_link":"https:\/\/imagazine.it\/home_desk\/author\/redazione\/"},"rttpg_comment":0,"rttpg_category":"<a href=\"https:\/\/imagazine.it\/home_desk\/category\/cultura-e-spettacolo\/\" rel=\"category tag\">CULTURA&amp;SPETTACOLO<\/a>","rttpg_excerpt":"Annunciati due concerti gratuiti","_links":{"self":[{"href":"https:\/\/imagazine.it\/home_desk\/wp-json\/wp\/v2\/posts\/23389","targetHints":{"allow":["GET"]}}],"collection":[{"href":"https:\/\/imagazine.it\/home_desk\/wp-json\/wp\/v2\/posts"}],"about":[{"href":"https:\/\/imagazine.it\/home_desk\/wp-json\/wp\/v2\/types\/post"}],"author":[{"embeddable":true,"href":"https:\/\/imagazine.it\/home_desk\/wp-json\/wp\/v2\/users\/28"}],"replies":[{"embeddable":true,"href":"https:\/\/imagazine.it\/home_desk\/wp-json\/wp\/v2\/comments?post=23389"}],"version-history":[{"count":0,"href":"https:\/\/imagazine.it\/home_desk\/wp-json\/wp\/v2\/posts\/23389\/revisions"}],"wp:featuredmedia":[{"embeddable":true,"href":"https:\/\/imagazine.it\/home_desk\/wp-json\/wp\/v2\/media\/23390"}],"wp:attachment":[{"href":"https:\/\/imagazine.it\/home_desk\/wp-json\/wp\/v2\/media?parent=23389"}],"wp:term":[{"taxonomy":"category","embeddable":true,"href":"https:\/\/imagazine.it\/home_desk\/wp-json\/wp\/v2\/categories?post=23389"},{"taxonomy":"post_tag","embeddable":true,"href":"https:\/\/imagazine.it\/home_desk\/wp-json\/wp\/v2\/tags?post=23389"}],"curies":[{"name":"wp","href":"https:\/\/api.w.org\/{rel}","templated":true}]}}