{"id":23367,"date":"2017-05-11T00:00:00","date_gmt":"2017-05-10T23:00:00","guid":{"rendered":"https:\/\/imagazine.it\/?p=23367"},"modified":"2017-05-11T00:00:00","modified_gmt":"2017-05-10T23:00:00","slug":"capitan-acciaio-premia-la-differenziata-triestina","status":"publish","type":"post","link":"https:\/\/imagazine.it\/home_desk\/capitan-acciaio-premia-la-differenziata-triestina\/","title":{"rendered":"Capitan Acciaio premia la differenziata triestina"},"content":{"rendered":"<p>L&#39;assessore all&#39;Ambiente del Comune di Trieste, <strong>Luisa Polli<\/strong>, ha ricevuto a nome della citt\u00e0, il Premio <em>\u201cCapitan Acciaio<\/em>\u201d per il miglior riciclo. Il riconoscimento \u00e8 stato assegnato da RICREA, il Consorzio Nazionale\u00a0 per il Recupero e il Riciclo degli Imballaggi in Acciaio) che riunisce i produttori della materia prima e dei contenitori in acciaio e che sensibilizza i cittadini sulle corrette modalit\u00e0 di raccolta e riciclo degli imballaggi d&#39;acciaio d&#39;uso domestico.<\/p>\n<p>Da parte dei responsabili del Consorzio\u00a0 \u00e8 stata sottolineata l&#39;importante opera di riciclo svolta a Trieste con dati molto promettenti nel 2015\/2016, auspicando che nel 2017 si verifichi ancor una maggior crescita in tal senso.<\/p>\n<p>\u201c<strong>Capitan Acciaio<\/strong>\u201d in persona, nel suo costume di color &#39;acciaio&#39; luccicante, ha ricordato l&#39;importanza di un riconoscimento \u201cche premia la citt\u00e0 di Trieste e che dev&#39;essere uno stimolo per non gettare\u00a0 tutti i rifiuti nello stesso posto e fare invece la raccolta differenziata, cos\u00ec ognuno di noi con un piccolo ma significativo gesto potr\u00e0 dire: anch&#39;io sono Capitan Acciaio\u201d.<\/p>\n<p>\u201cRiciclare \u2013 ha affermato l\u2019assessore Polli \u2013 crea un beneficio a tutta la comunit\u00e0 e un miglioramento ambientale specialmente per materiali come l&#39;acciaio che ha un vita infinita in particolare a Trieste dov&#39;\u00e8 insediata la Ferriera. \u00c8 un onore per la citt\u00e0 ricevere <em>\u201cCapitan Acciaio\u201d<\/em> perch\u00e9 questo \u00e8 un modo per sensibilizzare\u00a0 i bambini ed educare cos\u00ec le giovani generazioni, ne va della salvezza di tutto il pianeta\u201d.<\/p>\n","protected":false},"excerpt":{"rendered":"<p>Cerimonia ufficiale in citt\u00e0<\/p>\n","protected":false},"author":28,"featured_media":23368,"comment_status":"closed","ping_status":"closed","sticky":false,"template":"","format":"standard","meta":{"dwc-title":[],"dwc-content":[],"footnotes":""},"categories":[5],"tags":[],"class_list":["post-23367","post","type-post","status-publish","format-standard","has-post-thumbnail","hentry","category-attualita"],"rttpg_featured_image_url":{"full":["https:\/\/imagazine.it\/wp-content\/uploads\/2024\/01\/19293-1.webp",750,552,false],"landscape":["https:\/\/imagazine.it\/wp-content\/uploads\/2024\/01\/19293-1.webp",750,552,false],"portraits":["https:\/\/imagazine.it\/wp-content\/uploads\/2024\/01\/19293-1.webp",750,552,false],"thumbnail":["https:\/\/imagazine.it\/wp-content\/uploads\/2024\/01\/19293-1-150x150.webp",150,150,true],"medium":["https:\/\/imagazine.it\/wp-content\/uploads\/2024\/01\/19293-1-300x221.webp",300,221,true],"large":["https:\/\/imagazine.it\/wp-content\/uploads\/2024\/01\/19293-1.webp",640,471,false],"thumblist":["https:\/\/imagazine.it\/wp-content\/uploads\/2024\/01\/19293-1.webp",300,221,false],"thumbrelated":["https:\/\/imagazine.it\/wp-content\/uploads\/2024\/01\/19293-1.webp",500,368,false],"meccarouselthumb":["https:\/\/imagazine.it\/wp-content\/uploads\/2024\/01\/19293-1.webp",440,324,false],"gridsquare":["https:\/\/imagazine.it\/wp-content\/uploads\/2024\/01\/19293-1.webp",353,260,false],"tileview":["https:\/\/imagazine.it\/wp-content\/uploads\/2024\/01\/19293-1.webp",300,221,false],"1536x1536":["https:\/\/imagazine.it\/wp-content\/uploads\/2024\/01\/19293-1.webp",750,552,false],"2048x2048":["https:\/\/imagazine.it\/wp-content\/uploads\/2024\/01\/19293-1.webp",750,552,false],"newsup-slider-full":["https:\/\/imagazine.it\/wp-content\/uploads\/2024\/01\/19293-1.webp",750,552,false],"newsup-featured":["https:\/\/imagazine.it\/wp-content\/uploads\/2024\/01\/19293-1.webp",750,552,false],"newsup-medium":["https:\/\/imagazine.it\/wp-content\/uploads\/2024\/01\/19293-1-720x380.webp",720,380,true],"tptn_thumbnail":["https:\/\/imagazine.it\/wp-content\/uploads\/2024\/01\/19293-1.webp",250,184,false],"sow-carousel-default":["https:\/\/imagazine.it\/wp-content\/uploads\/2024\/01\/19293-1-272x182.webp",272,182,true]},"rttpg_author":{"display_name":"redazione","author_link":"https:\/\/imagazine.it\/home_desk\/author\/redazione\/"},"rttpg_comment":0,"rttpg_category":"<a href=\"https:\/\/imagazine.it\/home_desk\/category\/attualita\/\" rel=\"category tag\">ATTUALIT\u00c0<\/a>","rttpg_excerpt":"Cerimonia ufficiale in citt\u00e0","_links":{"self":[{"href":"https:\/\/imagazine.it\/home_desk\/wp-json\/wp\/v2\/posts\/23367","targetHints":{"allow":["GET"]}}],"collection":[{"href":"https:\/\/imagazine.it\/home_desk\/wp-json\/wp\/v2\/posts"}],"about":[{"href":"https:\/\/imagazine.it\/home_desk\/wp-json\/wp\/v2\/types\/post"}],"author":[{"embeddable":true,"href":"https:\/\/imagazine.it\/home_desk\/wp-json\/wp\/v2\/users\/28"}],"replies":[{"embeddable":true,"href":"https:\/\/imagazine.it\/home_desk\/wp-json\/wp\/v2\/comments?post=23367"}],"version-history":[{"count":0,"href":"https:\/\/imagazine.it\/home_desk\/wp-json\/wp\/v2\/posts\/23367\/revisions"}],"wp:featuredmedia":[{"embeddable":true,"href":"https:\/\/imagazine.it\/home_desk\/wp-json\/wp\/v2\/media\/23368"}],"wp:attachment":[{"href":"https:\/\/imagazine.it\/home_desk\/wp-json\/wp\/v2\/media?parent=23367"}],"wp:term":[{"taxonomy":"category","embeddable":true,"href":"https:\/\/imagazine.it\/home_desk\/wp-json\/wp\/v2\/categories?post=23367"},{"taxonomy":"post_tag","embeddable":true,"href":"https:\/\/imagazine.it\/home_desk\/wp-json\/wp\/v2\/tags?post=23367"}],"curies":[{"name":"wp","href":"https:\/\/api.w.org\/{rel}","templated":true}]}}