{"id":23365,"date":"2017-05-11T00:00:00","date_gmt":"2017-05-10T23:00:00","guid":{"rendered":"https:\/\/imagazine.it\/?p=23365"},"modified":"2017-05-11T00:00:00","modified_gmt":"2017-05-10T23:00:00","slug":"trieste-ritorna-il-bando-per-i-pulmini","status":"publish","type":"post","link":"https:\/\/imagazine.it\/home_desk\/trieste-ritorna-il-bando-per-i-pulmini\/","title":{"rendered":"Trieste, ritorna il bando per i pulmini"},"content":{"rendered":"<p>La Fondazione CRTrieste pubblica un bando per l&#39;assegnazione di automezzi a enti pubblici, persone giuridiche private senza scopo di lucro, cooperative che operano nel settore dello spettacolo, dell\u2019informazione e del tempo libero, imprese sociali e cooperative sociali che, in ragione delle attivit\u00e0 istituzionali, necessitano di strumenti adeguati al perseguimento dei propri fini statutari.\u00a0<\/p>\n<p>Le\u00a0 domande, da presentare esclusivamente secondo le indicazioni riportate nell\u2019apposito \u201cRegolamento\u201d, pubblicato sul\u00a0sito\u00a0<a data-saferedirecturl=\"https:\/\/www.google.com\/url?hl=it&#038;q=http:\/\/www.fondazionecrtrieste.it&#038;source=gmail&#038;ust=1494584157314000&#038;usg=AFQjCNEt4dPjz-MvHeAadz_tiZW8KwWM6Q\" href=\"http:\/\/www.fondazionecrtrieste.it\/\" target=\"_blank\" rel=\"noopener\">www.<wbr \/>fondazionecrtrieste.it<\/a>\u00a0\u00a0(sezione \u201cBandi\u201d), dovranno pervenire entro le ore 13 del 15 settembre 2017.<\/p>\n<p>Quattro le tipologie di automezzi che dovranno essere preventivamente indicati. In funzione delle specifiche destinazioni d\u2019uso, sar\u00e0 possibile optare per un veicolo di medie dimensioni (pulmino 9 posti), eventualmente allestito per il trasporto di persone con disabilit\u00e0, e autovetture furgonate.<\/p>\n<p>I richiedenti dovranno altres\u00ec descrivere il servizio che verr\u00e0 offerto, specificandone le modalit\u00e0 di attuazione, i percorsi previsti, il territorio di pertinenza, l\u2019utenza servita e gli obiettivi che si intendono perseguire.<\/p>\n<p>La valutazione delle richieste terr\u00e0 conto, fra l\u2019altro, della capacit\u00e0 di offrire un servizio di qualit\u00e0 in grado di coprire un\u2019area estesa del territorio di riferimento a beneficio di un numero elevato di cittadini, come pure il valore innovativo dell&#39;iniziativa e l&#39;esperienza maturata dal richiedente nel settore di attivit\u00e0 e nella realizzazione di iniziative analoghe.<\/p>\n<p>L\u2019assegnazione degli automezzi avverr\u00e0 sulla base di un\u2019analisi comparativa delle richieste.<\/p>\n<p>Per maggiori informazioni sul Bando \u00e8 possibile telefonare all\u2019Ufficio attivit\u00e0 istituzionale della Fondazione CRTrieste (040 3478656).<\/p>\n","protected":false},"excerpt":{"rendered":"<p>A cura della Fondazione CRTrieste<\/p>\n","protected":false},"author":28,"featured_media":23366,"comment_status":"closed","ping_status":"closed","sticky":false,"template":"","format":"standard","meta":{"dwc-title":[],"dwc-content":[],"footnotes":""},"categories":[5],"tags":[],"class_list":["post-23365","post","type-post","status-publish","format-standard","has-post-thumbnail","hentry","category-attualita"],"rttpg_featured_image_url":{"full":["https:\/\/imagazine.it\/wp-content\/uploads\/2024\/01\/19292-1.webp",750,486,false],"landscape":["https:\/\/imagazine.it\/wp-content\/uploads\/2024\/01\/19292-1.webp",750,486,false],"portraits":["https:\/\/imagazine.it\/wp-content\/uploads\/2024\/01\/19292-1.webp",750,486,false],"thumbnail":["https:\/\/imagazine.it\/wp-content\/uploads\/2024\/01\/19292-1-150x150.webp",150,150,true],"medium":["https:\/\/imagazine.it\/wp-content\/uploads\/2024\/01\/19292-1-300x194.webp",300,194,true],"large":["https:\/\/imagazine.it\/wp-content\/uploads\/2024\/01\/19292-1.webp",640,415,false],"thumblist":["https:\/\/imagazine.it\/wp-content\/uploads\/2024\/01\/19292-1.webp",300,194,false],"thumbrelated":["https:\/\/imagazine.it\/wp-content\/uploads\/2024\/01\/19292-1.webp",500,324,false],"meccarouselthumb":["https:\/\/imagazine.it\/wp-content\/uploads\/2024\/01\/19292-1.webp",474,307,false],"gridsquare":["https:\/\/imagazine.it\/wp-content\/uploads\/2024\/01\/19292-1.webp",391,253,false],"tileview":["https:\/\/imagazine.it\/wp-content\/uploads\/2024\/01\/19292-1.webp",300,194,false],"1536x1536":["https:\/\/imagazine.it\/wp-content\/uploads\/2024\/01\/19292-1.webp",750,486,false],"2048x2048":["https:\/\/imagazine.it\/wp-content\/uploads\/2024\/01\/19292-1.webp",750,486,false],"newsup-slider-full":["https:\/\/imagazine.it\/wp-content\/uploads\/2024\/01\/19292-1.webp",750,486,false],"newsup-featured":["https:\/\/imagazine.it\/wp-content\/uploads\/2024\/01\/19292-1.webp",750,486,false],"newsup-medium":["https:\/\/imagazine.it\/wp-content\/uploads\/2024\/01\/19292-1-720x380.webp",720,380,true],"tptn_thumbnail":["https:\/\/imagazine.it\/wp-content\/uploads\/2024\/01\/19292-1.webp",250,162,false],"sow-carousel-default":["https:\/\/imagazine.it\/wp-content\/uploads\/2024\/01\/19292-1-272x182.webp",272,182,true]},"rttpg_author":{"display_name":"redazione","author_link":"https:\/\/imagazine.it\/home_desk\/author\/redazione\/"},"rttpg_comment":0,"rttpg_category":"<a href=\"https:\/\/imagazine.it\/home_desk\/category\/attualita\/\" rel=\"category tag\">ATTUALIT\u00c0<\/a>","rttpg_excerpt":"A cura della Fondazione CRTrieste","_links":{"self":[{"href":"https:\/\/imagazine.it\/home_desk\/wp-json\/wp\/v2\/posts\/23365","targetHints":{"allow":["GET"]}}],"collection":[{"href":"https:\/\/imagazine.it\/home_desk\/wp-json\/wp\/v2\/posts"}],"about":[{"href":"https:\/\/imagazine.it\/home_desk\/wp-json\/wp\/v2\/types\/post"}],"author":[{"embeddable":true,"href":"https:\/\/imagazine.it\/home_desk\/wp-json\/wp\/v2\/users\/28"}],"replies":[{"embeddable":true,"href":"https:\/\/imagazine.it\/home_desk\/wp-json\/wp\/v2\/comments?post=23365"}],"version-history":[{"count":0,"href":"https:\/\/imagazine.it\/home_desk\/wp-json\/wp\/v2\/posts\/23365\/revisions"}],"wp:featuredmedia":[{"embeddable":true,"href":"https:\/\/imagazine.it\/home_desk\/wp-json\/wp\/v2\/media\/23366"}],"wp:attachment":[{"href":"https:\/\/imagazine.it\/home_desk\/wp-json\/wp\/v2\/media?parent=23365"}],"wp:term":[{"taxonomy":"category","embeddable":true,"href":"https:\/\/imagazine.it\/home_desk\/wp-json\/wp\/v2\/categories?post=23365"},{"taxonomy":"post_tag","embeddable":true,"href":"https:\/\/imagazine.it\/home_desk\/wp-json\/wp\/v2\/tags?post=23365"}],"curies":[{"name":"wp","href":"https:\/\/api.w.org\/{rel}","templated":true}]}}