{"id":23331,"date":"2017-05-05T00:00:00","date_gmt":"2017-05-04T23:00:00","guid":{"rendered":"https:\/\/imagazine.it\/?p=23331"},"modified":"2017-05-05T00:00:00","modified_gmt":"2017-05-04T23:00:00","slug":"il-vento-della-barcolana-soffia-sul-garda","status":"publish","type":"post","link":"https:\/\/imagazine.it\/home_desk\/il-vento-della-barcolana-soffia-sul-garda\/","title":{"rendered":"Il vento della Barcolana soffia sul Garda"},"content":{"rendered":"<p>Si svolger\u00e0 dal 15 al 18 giugno in Trentino la prima edizione di &#8220;In-vento&#8221;, organizzata grazie a un incisivo contributo di Barcolana.<\/p>\n<p>Si basa infatti sul modello della regata triestina la quattro giorni presentata oggi a Riva del Garda durante una conferenza stampa alla quale hanno preso parte, tra gli altri, il presidente della Provincia Autonoma di Trento, <strong>Ugo Rossi<\/strong>, la presidente del Friuli Venezia Giulia, <strong>Debora Serracchiani<\/strong>, gli assessori alla Cultura del Friuli Venezia Giulia e del Trentino, <strong>Gianni Torrenti<\/strong> e <strong>Tiziano Mellarini<\/strong>, il rettore dell&#39;Universit\u00e0 degli Studi di Trento, <strong>Paolo Collini<\/strong>, il presidente di Barcolana, <strong>Mitja Gialuz<\/strong>, e il presidente di Riva del Garda Fierecongressi, <strong>Roberto Pellegrini<\/strong>.<\/p>\n<p>&#8220;In-vento&#8221;, alla pari della manifestazione autunnale triestina, non sar\u00e0 solo un contenitore di regate e competizioni sportive ma soprattutto un&#39;iniziativa che punta a mettere assieme tutte le attivit\u00e0 e le opportunit\u00e0 offerte dal Lago di Garda: dallo sport al turismo, dalla cultura all&#39;economia, dalla ricerca all&#39;innovazione.<\/p>\n<p>In particolare \u00e8 stata sottolineata la potenzialit\u00e0 di &#8220;Rivalora&#8221;, la regata che si terr\u00e0 domenica 18 giugno e che, come la Barcolana, sar\u00e0 improntata pi\u00f9 sulla partecipazione che non sulla competizione.\u00a0&#8220;In-vento&#8221; sar\u00e0 anche ricco di incontri culturali, con proiezioni di film e dibattiti che vedranno protagoniste personalit\u00e0 sia del Trentino che del Friuli Venezia Giulia.<\/p>\n","protected":false},"excerpt":{"rendered":"<p>Nuovo evento in Trentino<\/p>\n","protected":false},"author":28,"featured_media":23332,"comment_status":"closed","ping_status":"closed","sticky":false,"template":"","format":"standard","meta":{"dwc-title":[],"dwc-content":[],"footnotes":""},"categories":[8],"tags":[],"class_list":["post-23331","post","type-post","status-publish","format-standard","has-post-thumbnail","hentry","category-turismo"],"rttpg_featured_image_url":{"full":["https:\/\/imagazine.it\/wp-content\/uploads\/2024\/01\/19221-1.webp",750,511,false],"landscape":["https:\/\/imagazine.it\/wp-content\/uploads\/2024\/01\/19221-1.webp",750,511,false],"portraits":["https:\/\/imagazine.it\/wp-content\/uploads\/2024\/01\/19221-1.webp",750,511,false],"thumbnail":["https:\/\/imagazine.it\/wp-content\/uploads\/2024\/01\/19221-1-150x150.webp",150,150,true],"medium":["https:\/\/imagazine.it\/wp-content\/uploads\/2024\/01\/19221-1-300x204.webp",300,204,true],"large":["https:\/\/imagazine.it\/wp-content\/uploads\/2024\/01\/19221-1.webp",640,436,false],"thumblist":["https:\/\/imagazine.it\/wp-content\/uploads\/2024\/01\/19221-1.webp",300,204,false],"thumbrelated":["https:\/\/imagazine.it\/wp-content\/uploads\/2024\/01\/19221-1.webp",500,341,false],"meccarouselthumb":["https:\/\/imagazine.it\/wp-content\/uploads\/2024\/01\/19221-1.webp",474,324,false],"gridsquare":["https:\/\/imagazine.it\/wp-content\/uploads\/2024\/01\/19221-1.webp",382,260,false],"tileview":["https:\/\/imagazine.it\/wp-content\/uploads\/2024\/01\/19221-1.webp",300,204,false],"1536x1536":["https:\/\/imagazine.it\/wp-content\/uploads\/2024\/01\/19221-1.webp",750,511,false],"2048x2048":["https:\/\/imagazine.it\/wp-content\/uploads\/2024\/01\/19221-1.webp",750,511,false],"newsup-slider-full":["https:\/\/imagazine.it\/wp-content\/uploads\/2024\/01\/19221-1.webp",750,511,false],"newsup-featured":["https:\/\/imagazine.it\/wp-content\/uploads\/2024\/01\/19221-1.webp",750,511,false],"newsup-medium":["https:\/\/imagazine.it\/wp-content\/uploads\/2024\/01\/19221-1-720x380.webp",720,380,true],"tptn_thumbnail":["https:\/\/imagazine.it\/wp-content\/uploads\/2024\/01\/19221-1.webp",250,170,false],"sow-carousel-default":["https:\/\/imagazine.it\/wp-content\/uploads\/2024\/01\/19221-1-272x182.webp",272,182,true]},"rttpg_author":{"display_name":"redazione","author_link":"https:\/\/imagazine.it\/home_desk\/author\/redazione\/"},"rttpg_comment":0,"rttpg_category":"<a href=\"https:\/\/imagazine.it\/home_desk\/category\/turismo\/\" rel=\"category tag\">TURISMO<\/a>","rttpg_excerpt":"Nuovo evento in Trentino","_links":{"self":[{"href":"https:\/\/imagazine.it\/home_desk\/wp-json\/wp\/v2\/posts\/23331","targetHints":{"allow":["GET"]}}],"collection":[{"href":"https:\/\/imagazine.it\/home_desk\/wp-json\/wp\/v2\/posts"}],"about":[{"href":"https:\/\/imagazine.it\/home_desk\/wp-json\/wp\/v2\/types\/post"}],"author":[{"embeddable":true,"href":"https:\/\/imagazine.it\/home_desk\/wp-json\/wp\/v2\/users\/28"}],"replies":[{"embeddable":true,"href":"https:\/\/imagazine.it\/home_desk\/wp-json\/wp\/v2\/comments?post=23331"}],"version-history":[{"count":0,"href":"https:\/\/imagazine.it\/home_desk\/wp-json\/wp\/v2\/posts\/23331\/revisions"}],"wp:featuredmedia":[{"embeddable":true,"href":"https:\/\/imagazine.it\/home_desk\/wp-json\/wp\/v2\/media\/23332"}],"wp:attachment":[{"href":"https:\/\/imagazine.it\/home_desk\/wp-json\/wp\/v2\/media?parent=23331"}],"wp:term":[{"taxonomy":"category","embeddable":true,"href":"https:\/\/imagazine.it\/home_desk\/wp-json\/wp\/v2\/categories?post=23331"},{"taxonomy":"post_tag","embeddable":true,"href":"https:\/\/imagazine.it\/home_desk\/wp-json\/wp\/v2\/tags?post=23331"}],"curies":[{"name":"wp","href":"https:\/\/api.w.org\/{rel}","templated":true}]}}