{"id":23311,"date":"2017-05-03T00:00:00","date_gmt":"2017-05-02T23:00:00","guid":{"rendered":"https:\/\/imagazine.it\/?p=23311"},"modified":"2017-05-03T00:00:00","modified_gmt":"2017-05-02T23:00:00","slug":"le-novita-editoriali-si-sfogliano-a-udine","status":"publish","type":"post","link":"https:\/\/imagazine.it\/home_desk\/le-novita-editoriali-si-sfogliano-a-udine\/","title":{"rendered":"Le novit\u00e0 editoriali si sfogliano a Udine"},"content":{"rendered":"<p>Diverse novit\u00e0 editoriali alla 13^ edizione del festival vicino\/lontano, in cartellone a Udine dall\u201911 al 14 maggio, sul filo conduttore di \u201c<strong>Utopia<\/strong>\u201d. A cominciare dal <strong>volume \u2013 dedicato a Tiziano Terzani<\/strong> <strong>\u2013 \u00a0\u201cDiverso da tutti e da nessuno\u201d<\/strong>, che la moglie <strong>Angela <\/strong>ha curato per Tea e che si presenta in anteprima a vicino\/lontano domenica 14 maggio, alle 11.30 nella Chiesa di San Francesco. Il libro contiene pi\u00f9 di quaranta testimonianze, la maggior parte inedite, firmate dai pi\u00f9 importanti corrispondenti dall\u2019Asia. Il volume \u00e8 arricchito da alcune immagini dell\u2019amico Abbas, fotografo della Magnum, ed \u00e8 chiuso dalla testimonianza della figlia Saskia e da un dialogo del figlio Folco con il \u201cVecchio\u201d, il saggio che ospit\u00f2 Terzani tra le montagne dell\u2019Himalaya. L\u2019occasione si presta a una riflessione sul ruolo della professione giornalistica ieri e oggi, e sar\u00e0 al centro del confronto che vedr\u00e0 sul palco di san Francesco, insieme ad Angela Terzani, <strong>Ferruccio de Bortoli, Bernardo Valli, Giovanna Botteri e Daniele Rielli<\/strong>.<\/p>\n<p>A <em>vicino\/lontano<\/em> sar\u00e0 presentato, di nuovo un\u2019anteprima, \u201cBurkini come metafora\u201d (Castelvecchi), il nuovo saggio del sociologo <strong>Stefano Allievi<\/strong>, uno dei pi\u00f9 accreditati studiosi della presenza islamica in Europa e delle sue implicazioni socio-culturali (Castelvecchi). L\u2019autore vi delinea il quadro di una societ\u00e0 plurale ma contraddittoria, in cui ancora non si \u00e8 imparato a discernere tra le differenze accettabili e quelle inaccettabili, sia che si parli di velo o di moschee, di libert\u00e0 personali o di diritti di culto. Ne parler\u00e0 sabato 13 maggio alle 11, alla Libreria Friuli, con la giornalista del <em>Corriere della Sera<\/em> <strong>Marta Serafini<\/strong>. Stefano Allievi e Marta Serafini, insieme al sociologo del terrorismo Alessandro Orsini, venerd\u00ec 12 maggio (ore 21.30 in San Francesco) sono anche i protagonisti del confronto \u201cIl Califfato, tra utopie e apocalisse\u201d.<\/p>\n<p>Tra gli ospiti pi\u00f9 attesi dell\u2019edizione 2017 di vicino\/lontano<strong> padre Alejandro Solalinde<\/strong>, candidato al Nobel per la Pace 2017. Il sacerdote messicano vive da anni sotto scorta. <strong>\u201cI narcos mi vogliono morto. Messico, un prete contro i trafficanti di uomini\u201d<\/strong> \u00e8 il titolo del libro in uscita il 4 maggio per EMI che Solalinde firma con la giornalista di <em>Avvenire<\/em> <strong>Lucia Capuzzi<\/strong> e nel quale si racconta anche nella sua veste di difensore dei migranti in viaggio verso la frontiera degli Stati Uniti, che la politica di Trump vuole rendere invalicabile. L\u2019appuntamento \u00e8 per sabato 13 maggio, alle 11.30 a Casa Cavazzini: con l\u2019autore converseranno <strong><a href=\"http:\/\/www.vicinolontano.it\/ospiti\/di-piazza-2\/\" target=\"_blank\" rel=\"noopener\">Pierluigi Di Piazza<\/a><\/strong>, <strong><a href=\"http:\/\/www.vicinolontano.it\/ospiti\/giulia-iacolutti\/\" target=\"_blank\" rel=\"noopener\">Giulia Iacolutti<\/a><\/strong> e <strong><a href=\"http:\/\/www.vicinolontano.it\/ospiti\/dazzan\/\" target=\"_blank\" rel=\"noopener\">Anna Dazzan<\/a><\/strong>. E domenica 14 maggio, alle 16, padre Solalinde interverr\u00e0 nel dibattito, condotto dalla giornalista di <em>Internazionale<\/em> <strong><a href=\"http:\/\/www.vicinolontano.it\/ospiti\/camilli\/\" target=\"_blank\" rel=\"noopener\">Annalisa Camilli<\/a><\/strong>, \u201cEmigrare: un diritto o una colpa?\u201d, che vedr\u00e0 coinvolti <strong>C\u00e9cile Kyenge<\/strong>, <strong><a href=\"http:\/\/www.vicinolontano.it\/ospiti\/de-filippi\/\" target=\"_blank\" rel=\"noopener\">Loris De Filippi<\/a><\/strong>, <strong><a href=\"http:\/\/www.vicinolontano.it\/ospiti\/mannocchi\/\" target=\"_blank\" rel=\"noopener\">Francesca Mannocchi<\/a><\/strong>, <strong><a href=\"http:\/\/www.vicinolontano.it\/ospiti\/schiavone\/\" target=\"_blank\" rel=\"noopener\">Gianfranco Schiavone<\/a><\/strong> e <strong>Salvatore Altiero<\/strong>.<\/p>\n<p>Il giornalista e inviato di guerra <strong>Alberto Negri<\/strong>, invitato a dialogare, la sera del 13 maggio, con il vincitore del premio Terzani <strong>Sorj Chalandon<\/strong> sulla situazione mediorientale, presenter\u00e0 nel pomeriggio a Udine, alle 18 alla libreria Tarantola, il suo ultimo saggio,<strong> \u201cIl musulmano errante\u201d<\/strong> (Rosenberg &#038; Sellier) in una conversazione con Valerio Pellizzari.<\/p>\n<p>Al festival che esplora <strong>l\u2019utopia <\/strong>non poteva mancare la posizione <strong>di Pier Paolo Pasolini<\/strong>: ne ha scritto <strong>Angela Felice, <\/strong>direttrice del Centro Studi Pier Paolo Pasolini di Casarsa. Presenter\u00e0 il suo ultimo lavoro, <strong><em>L&#39;utopia di Pasolini<\/em>, edito da Bottega Errante, <\/strong>venerd\u00ec 12 maggio, alle 18 a Casa Cavazzini, in dialogo con <strong><a href=\"http:\/\/www.vicinolontano.it\/ospiti\/borghello\/\" target=\"_blank\" rel=\"noopener\">Giampaolo Borghello<\/a><\/strong> e <strong><a href=\"http:\/\/www.vicinolontano.it\/ospiti\/vecchiet\/\" target=\"_blank\" rel=\"noopener\">Romano Vecchiet<\/a><\/strong>. Il saggio restituisce frammenti e passaggi significativi dell\u2019opera e del pensiero di uno degli intellettuali pi\u00f9 originali del Novecento. Sabato 13 maggio, alle 17 all\u2019Oratorio del Cristo ancora una novit\u00e0, firmata da <strong>Folco Terzani<\/strong>: il suo libro, edito da Sperling &#038; Kupfer, ripercorre la storia di Michele Graglia, conosciuto come \u201cthe Abs\u201d \u2013\u00a0 gli addominali \u2013 prima modello famosissimo, divenuto poi ultramaratoneta e in brevissimo tempo campione. Attraverso la storia dell\u2019amico, Folco Terzani si interroga sul senso universale di questa scelta: cosa ci spinge a metterci alla prova e qual \u00e8 il prezzo da pagare, pur di perseguire un sogno oltre ogni limite umano?<\/p>\n<p><strong>L\u2019edizione 2017 di vicino\/lontano <\/strong>avr\u00e0 anche un \u201cDopo festival\u201d: venerd\u00ec 19 maggio, alle 18 nell\u2019Oratorio del Cristo, quando <strong>l\u2019economista Francesco Giavazzi<\/strong>, editorialista del <em>Corriere della Sera<\/em> e <strong>il giornalista Giorgio Barbieri, autori de \u201cI signori del tempo perso\u201d (Longanesi)<\/strong>, converseranno con il direttore del Messaggero Veneto <strong>Omar Monestier<\/strong> intorno a uno dei problemi eternamente irrisolti del nostro Paese, l\u2019ipertrofia burocratica che costituisce un potere che trascende la politica e si manifesta soprattutto nella possibilit\u00e0 di rinviare o addirittura bloccare le decisioni. Ed \u00e8 spesso alibi e origine di corruzione e malaffare.<\/p>\n<p>Fra le novit\u00e0 2017 a vicino\/lontano anche <strong>il nuovo libro del giornalista <\/strong><strong>Paolo Medeossi, \u201cLa citt\u00e0 che inizia per U<\/strong>\u201d, edito da Bottega Errante, in uscita il 13 maggio:\u00a0sar\u00e0 presentato in un doppio appuntamento attraverso un dialogo itinerante lungo le vie della citt\u00e0, alla scoperta di una Udine mai osservata, fra angoli nascosti, personaggi sorprendenti, storie scomparse. L\u2019operatore umanitario <strong>Valerio la Martire <\/strong>ripercorrer\u00e0 \u2013 sabato 13 maggio, alle 18 alla Libreria Friuli &#8211; la penosa esperienza legata all\u2019epidemia di Ebola, presentando il suo<strong> \u201cIntoccabili\u201d<\/strong> (Marsilio): una storia vera e inaspettata, un viaggio in un inferno dal quale nessuno \u00e8 uscito indenne, nemmeno quelli che ce l\u2019hanno fatta. E il giornalista <strong>Paolo Coltro <\/strong>sar\u00e0 a vicino\/lontano sabato 13 maggio &#8211; ore 17, Libreria Cluf &#8211; per raccontare, in dialogo con Luana De Francisco,<strong> \u201cOltre Gomorra. I rifiuti d\u2019Italia<\/strong>\u201d (Cento Autori). Un libro che spiega come e perch\u00e9 la &#39;monnezza&#39; \u00e8 diventata oro: il pentito Nunzio Perrella ha raccontato all\u2019autore tutto quel che c&#39;\u00e8 da sapere sul traffico dei rifiuti in Italia. Alla libreria Od\u00f2s (venerd\u00ec 12 alle 18) sar\u00e0 presentata da <strong>Matteo Pioppi<\/strong>, <strong>Mariagrazia Salvador<\/strong> e <strong>Marco Vertovec<\/strong>, coordinati da <strong>Elena Commessatti<\/strong>, \u201c<strong>Sopravvivere a Sarajevo\u201d<\/strong>, traduzione italiana dell\u2019opera \u201cThe Art of Survival\u201d, parte di un ampio progetto culturale del gruppo di artisti bosniaci FAMA Collection che ci riporta nella vita di tutti i giorni di una citt\u00e0 che ha subito il pi\u00f9 lungo assedio della storia contemporanea. Due pubblicazioni per<strong> Gaspari <\/strong>si presentano infine a vicino\/lontano 2017:<strong> Maurizio De Blasio <\/strong>racconta sabato 13 (ore 11, Libreria Moderna Udinese) il suo<strong> \u201cPatria, Europa, umanit\u00e0 in Giuseppe Mazzini<\/strong>\u201d mentre <strong>Paolo Gaspari<\/strong>, autore di<strong> \u201cPreti in battaglia<em>\u201d, <\/em><\/strong>sar\u00e0 al festival sabato 13 maggio (ore 17, Libreria Friuli) in dialogo con la giornalista <strong>Valentina Viviani<\/strong> per un appassionato memoriale sugli eroici cappellani in trincea nella Grande Guerra.\u00a0<\/p>\n","protected":false},"excerpt":{"rendered":"<p>Al festival vicino\/lontano<\/p>\n","protected":false},"author":28,"featured_media":23312,"comment_status":"closed","ping_status":"closed","sticky":false,"template":"","format":"standard","meta":{"dwc-title":[],"dwc-content":[],"footnotes":""},"categories":[37],"tags":[],"class_list":["post-23311","post","type-post","status-publish","format-standard","has-post-thumbnail","hentry","category-cultura-e-spettacolo"],"rttpg_featured_image_url":{"full":["https:\/\/imagazine.it\/wp-content\/uploads\/2024\/01\/19192-1.webp",750,501,false],"landscape":["https:\/\/imagazine.it\/wp-content\/uploads\/2024\/01\/19192-1.webp",750,501,false],"portraits":["https:\/\/imagazine.it\/wp-content\/uploads\/2024\/01\/19192-1.webp",750,501,false],"thumbnail":["https:\/\/imagazine.it\/wp-content\/uploads\/2024\/01\/19192-1-150x150.webp",150,150,true],"medium":["https:\/\/imagazine.it\/wp-content\/uploads\/2024\/01\/19192-1-300x200.webp",300,200,true],"large":["https:\/\/imagazine.it\/wp-content\/uploads\/2024\/01\/19192-1.webp",640,428,false],"thumblist":["https:\/\/imagazine.it\/wp-content\/uploads\/2024\/01\/19192-1.webp",300,200,false],"thumbrelated":["https:\/\/imagazine.it\/wp-content\/uploads\/2024\/01\/19192-1.webp",500,334,false],"meccarouselthumb":["https:\/\/imagazine.it\/wp-content\/uploads\/2024\/01\/19192-1.webp",474,317,false],"gridsquare":["https:\/\/imagazine.it\/wp-content\/uploads\/2024\/01\/19192-1.webp",389,260,false],"tileview":["https:\/\/imagazine.it\/wp-content\/uploads\/2024\/01\/19192-1.webp",300,200,false],"1536x1536":["https:\/\/imagazine.it\/wp-content\/uploads\/2024\/01\/19192-1.webp",750,501,false],"2048x2048":["https:\/\/imagazine.it\/wp-content\/uploads\/2024\/01\/19192-1.webp",750,501,false],"newsup-slider-full":["https:\/\/imagazine.it\/wp-content\/uploads\/2024\/01\/19192-1.webp",750,501,false],"newsup-featured":["https:\/\/imagazine.it\/wp-content\/uploads\/2024\/01\/19192-1.webp",750,501,false],"newsup-medium":["https:\/\/imagazine.it\/wp-content\/uploads\/2024\/01\/19192-1-720x380.webp",720,380,true],"tptn_thumbnail":["https:\/\/imagazine.it\/wp-content\/uploads\/2024\/01\/19192-1.webp",250,167,false],"sow-carousel-default":["https:\/\/imagazine.it\/wp-content\/uploads\/2024\/01\/19192-1-272x182.webp",272,182,true]},"rttpg_author":{"display_name":"redazione","author_link":"https:\/\/imagazine.it\/home_desk\/author\/redazione\/"},"rttpg_comment":0,"rttpg_category":"<a href=\"https:\/\/imagazine.it\/home_desk\/category\/cultura-e-spettacolo\/\" rel=\"category tag\">CULTURA&amp;SPETTACOLO<\/a>","rttpg_excerpt":"Al festival vicino\/lontano","_links":{"self":[{"href":"https:\/\/imagazine.it\/home_desk\/wp-json\/wp\/v2\/posts\/23311","targetHints":{"allow":["GET"]}}],"collection":[{"href":"https:\/\/imagazine.it\/home_desk\/wp-json\/wp\/v2\/posts"}],"about":[{"href":"https:\/\/imagazine.it\/home_desk\/wp-json\/wp\/v2\/types\/post"}],"author":[{"embeddable":true,"href":"https:\/\/imagazine.it\/home_desk\/wp-json\/wp\/v2\/users\/28"}],"replies":[{"embeddable":true,"href":"https:\/\/imagazine.it\/home_desk\/wp-json\/wp\/v2\/comments?post=23311"}],"version-history":[{"count":0,"href":"https:\/\/imagazine.it\/home_desk\/wp-json\/wp\/v2\/posts\/23311\/revisions"}],"wp:featuredmedia":[{"embeddable":true,"href":"https:\/\/imagazine.it\/home_desk\/wp-json\/wp\/v2\/media\/23312"}],"wp:attachment":[{"href":"https:\/\/imagazine.it\/home_desk\/wp-json\/wp\/v2\/media?parent=23311"}],"wp:term":[{"taxonomy":"category","embeddable":true,"href":"https:\/\/imagazine.it\/home_desk\/wp-json\/wp\/v2\/categories?post=23311"},{"taxonomy":"post_tag","embeddable":true,"href":"https:\/\/imagazine.it\/home_desk\/wp-json\/wp\/v2\/tags?post=23311"}],"curies":[{"name":"wp","href":"https:\/\/api.w.org\/{rel}","templated":true}]}}