{"id":23269,"date":"2017-04-26T00:00:00","date_gmt":"2017-04-25T23:00:00","guid":{"rendered":"https:\/\/imagazine.it\/?p=23269"},"modified":"2017-04-26T00:00:00","modified_gmt":"2017-04-25T23:00:00","slug":"a-trieste-le-stanze-segrete-di-vittorio-sgarbi","status":"publish","type":"post","link":"https:\/\/imagazine.it\/home_desk\/a-trieste-le-stanze-segrete-di-vittorio-sgarbi\/","title":{"rendered":"A Trieste le stanze segrete di Vittorio Sgarbi"},"content":{"rendered":"<p>Presentata a Trieste la mostra <strong><em>\u201cLe stanze segrete di Vittorio Sgarbi\u201d, <\/em><\/strong>alla presenza dell&#39;assessore comunale alla Cultura <strong>Giorgio Rossi<\/strong> e dello stesso <strong>Vittorio Sgarbi<\/strong>.<\/p>\n<p>L&#39;esposizione, allestita al Salone degli Incanti, aprir\u00e0 al pubblico gioved\u00ec 27 aprile e sar\u00e0 visitabile fino al 20 agosto 2017.<\/p>\n<p>In concomitanza con la mostra il Civico Museo Sartorio di Trieste (in largo Papa Giovanni XXIII, 1) ospita un&#39;ulteriore esposizione, a cura di Vittorio Sgarbi e del Conservatore dei Civici Musei <strong>Lorenza Resciniti<\/strong>, incentrata sui dipinti e sulle sculture pi\u00f9 emblematici della casa museo e della collezione dei Civici Musei di Storia ed Arte,\u00a0 intitolata <strong><em>\u201cCapolavori del Museo Sartorio scelti da Vittorio Sgarbi e restauri de Gli Orti di Venezia\u201d, <\/em><\/strong>collocata nel Salone da ballo del Museo.<\/p>\n<p>Dedicata a Rina Cavallini, madre di Vittorio Sgarbi, l&#39;esposizione realizzata al Salone degli Incanti<em>,<\/em> vuole dar conto in primis della peculiare e complessa \u201cgeografia artistica\u201d della nostra nazione. Saranno esposte quasi 200 opere, tra dipinti, disegni e sculture, dalla fine del Quattrocento alla met\u00e0 del Novecento che rappresentano infatti le principali \u201cscuole\u201d italiane. La selezione di opere comprende, tra gli altri, artisti come Niccol\u00f2 dell&#39;Arca, Lorenzo Lotto, Guercino, Guido Cagnacci, Baciccio, Artemisia Gentileschi, Lorenzo Bartolini, Francesco Hayez. La mostra sar\u00e0 arricchita da una selezione di oltre cinquanta opere di artisti triestini: Giuseppe Bernardino Bison, Giuseppe Tominz, Umberto Veruda, Arturo Rietti, Oscar Hermann-Lamb, Franco Asco, Attilio Selva, Giovanni Zangrando, Arturo Nathan, Edmondo Passauro, Bruno Croatto, Pietro Lucano, Leonor Fini, Carlo Sbis\u00e0, Mario Ceconi di Montececon, Edgardo Sambo.<\/p>\n<p>\u201cUn mostra straordinaria, come straordinario \u00e8 Vittorio \u2013 ha affermato l&#39;assessore Rossi \u2013 per la quale abbiamo scelto entrambi come simbolo il ritratto di una bambina che osserva su un libro le opere di Raffaello e Tiziano e che rivolge lo sguardo verso il padre. Una bambina che lancia un messaggio, una sfida, contro l&#39;ignoranza, per dare l&#39;occasione ai giovani di crescere e di avere un&#39;opportunit\u00e0 per il futuro\u201d.\u00a0<\/p>\n<p>Saranno inoltre pubblicati tre cataloghi, per il Sartorio, per il Salone degli Incanti e uno di carattere storico.<\/p>\n","protected":false},"excerpt":{"rendered":"<p>Presentata la mostra al Salone degli Incanti<\/p>\n","protected":false},"author":28,"featured_media":23270,"comment_status":"closed","ping_status":"closed","sticky":false,"template":"","format":"standard","meta":{"dwc-title":[],"dwc-content":[],"footnotes":""},"categories":[37],"tags":[],"class_list":["post-23269","post","type-post","status-publish","format-standard","has-post-thumbnail","hentry","category-cultura-e-spettacolo"],"rttpg_featured_image_url":{"full":["https:\/\/imagazine.it\/wp-content\/uploads\/2024\/01\/19088-1.webp",750,500,false],"landscape":["https:\/\/imagazine.it\/wp-content\/uploads\/2024\/01\/19088-1.webp",750,500,false],"portraits":["https:\/\/imagazine.it\/wp-content\/uploads\/2024\/01\/19088-1.webp",750,500,false],"thumbnail":["https:\/\/imagazine.it\/wp-content\/uploads\/2024\/01\/19088-1-150x150.webp",150,150,true],"medium":["https:\/\/imagazine.it\/wp-content\/uploads\/2024\/01\/19088-1-300x200.webp",300,200,true],"large":["https:\/\/imagazine.it\/wp-content\/uploads\/2024\/01\/19088-1.webp",640,427,false],"thumblist":["https:\/\/imagazine.it\/wp-content\/uploads\/2024\/01\/19088-1.webp",300,200,false],"thumbrelated":["https:\/\/imagazine.it\/wp-content\/uploads\/2024\/01\/19088-1.webp",500,333,false],"meccarouselthumb":["https:\/\/imagazine.it\/wp-content\/uploads\/2024\/01\/19088-1.webp",474,316,false],"gridsquare":["https:\/\/imagazine.it\/wp-content\/uploads\/2024\/01\/19088-1.webp",391,260,false],"tileview":["https:\/\/imagazine.it\/wp-content\/uploads\/2024\/01\/19088-1.webp",300,200,false],"1536x1536":["https:\/\/imagazine.it\/wp-content\/uploads\/2024\/01\/19088-1.webp",750,500,false],"2048x2048":["https:\/\/imagazine.it\/wp-content\/uploads\/2024\/01\/19088-1.webp",750,500,false],"newsup-slider-full":["https:\/\/imagazine.it\/wp-content\/uploads\/2024\/01\/19088-1.webp",750,500,false],"newsup-featured":["https:\/\/imagazine.it\/wp-content\/uploads\/2024\/01\/19088-1.webp",750,500,false],"newsup-medium":["https:\/\/imagazine.it\/wp-content\/uploads\/2024\/01\/19088-1-720x380.webp",720,380,true],"tptn_thumbnail":["https:\/\/imagazine.it\/wp-content\/uploads\/2024\/01\/19088-1.webp",250,167,false],"sow-carousel-default":["https:\/\/imagazine.it\/wp-content\/uploads\/2024\/01\/19088-1-272x182.webp",272,182,true]},"rttpg_author":{"display_name":"redazione","author_link":"https:\/\/imagazine.it\/home_desk\/author\/redazione\/"},"rttpg_comment":0,"rttpg_category":"<a href=\"https:\/\/imagazine.it\/home_desk\/category\/cultura-e-spettacolo\/\" rel=\"category tag\">CULTURA&amp;SPETTACOLO<\/a>","rttpg_excerpt":"Presentata la mostra al Salone degli Incanti","_links":{"self":[{"href":"https:\/\/imagazine.it\/home_desk\/wp-json\/wp\/v2\/posts\/23269","targetHints":{"allow":["GET"]}}],"collection":[{"href":"https:\/\/imagazine.it\/home_desk\/wp-json\/wp\/v2\/posts"}],"about":[{"href":"https:\/\/imagazine.it\/home_desk\/wp-json\/wp\/v2\/types\/post"}],"author":[{"embeddable":true,"href":"https:\/\/imagazine.it\/home_desk\/wp-json\/wp\/v2\/users\/28"}],"replies":[{"embeddable":true,"href":"https:\/\/imagazine.it\/home_desk\/wp-json\/wp\/v2\/comments?post=23269"}],"version-history":[{"count":0,"href":"https:\/\/imagazine.it\/home_desk\/wp-json\/wp\/v2\/posts\/23269\/revisions"}],"wp:featuredmedia":[{"embeddable":true,"href":"https:\/\/imagazine.it\/home_desk\/wp-json\/wp\/v2\/media\/23270"}],"wp:attachment":[{"href":"https:\/\/imagazine.it\/home_desk\/wp-json\/wp\/v2\/media?parent=23269"}],"wp:term":[{"taxonomy":"category","embeddable":true,"href":"https:\/\/imagazine.it\/home_desk\/wp-json\/wp\/v2\/categories?post=23269"},{"taxonomy":"post_tag","embeddable":true,"href":"https:\/\/imagazine.it\/home_desk\/wp-json\/wp\/v2\/tags?post=23269"}],"curies":[{"name":"wp","href":"https:\/\/api.w.org\/{rel}","templated":true}]}}