{"id":23245,"date":"2017-04-21T00:00:00","date_gmt":"2017-04-20T23:00:00","guid":{"rendered":"https:\/\/imagazine.it\/?p=23245"},"modified":"2017-04-21T00:00:00","modified_gmt":"2017-04-20T23:00:00","slug":"il-sauvignon-del-fvg-delizia-la-francia","status":"publish","type":"post","link":"https:\/\/imagazine.it\/home_desk\/il-sauvignon-del-fvg-delizia-la-francia\/","title":{"rendered":"Il Sauvignon del FVG delizia la Francia"},"content":{"rendered":"<p>Medagliere ricco quello conquistato dal Friuli Venezia Giulia durante lo svolgimento dell\u2019ultimo <em>Concorso mondiale del Sauvignon<\/em> tenutosi a Bordeaux. I podi scalati dalle aziende regionali, infatti, sono stati 24 sui 28 complessivi italiani. Di questi, 14 sono quelli conquistati dal Friuli Colli Orientali e Ramandolo (2 dell\u2019annata 2016 e 12 del 2015), compresa la medaglia d\u2019oro per il migliore Sauvignon d\u2019Italia assegnato all\u2019azienda Cadibon di Corno di Rosazzo.<\/p>\n<p>Da questi numeri \u00e8 nata l\u2019idea di un confronto, in compagnia di una decina di giornalisti, per provare a capire, con una degustazione ad hoc svoltasi in Villa Nachini-Cabassi di Corno di Rosazzo, i perch\u00e9 di questo successo divenuto.<\/p>\n<p>\u00abIl Consorzio \u00e8 impegnato da oltre 10 anni sul percorso del miglioramento della qualit\u00e0 e bevibilit\u00e0 del Sauvignon del nostro territorio che, come si vede, \u00e8 oramai riconosciuta nel mondo\u00bb, ha affermato il presidente <strong>Michele Pavan<\/strong>, introducendo la serata.<\/p>\n<p>\u00abA Bordeaux, in proporzione ai campioni presentati, l\u2019Italia \u2013 ha sottolineato <strong>Roberto Zironi<\/strong> dell\u2019Universit\u00e0 di Udine \u2013 ha vinto pi\u00f9 premi della Francia e condivide con la Spagna il primato di investimenti sui vitigni bianchi e aromatici. Questi riconoscimenti contribuiranno a dare slancio al vitigno che trova molti estimatori in Europa e nel mondo\u00bb.<\/p>\n<p>Convinti, su questa tesi, anche i produttori \u201cmedagliati\u201d presenti alla degustazione, i quali guardano gi\u00e0 alla prossima edizione del Concorso (itinerante) che si terr\u00e0 a Graz, in Austria, nella primavera del 2018.<\/p>\n<p>\u00abIn quella occasione \u2013 ha anticipato Pavan in conclusione della serata \u2013 vorremmo presentare ufficialmente la candidatura del FVG a ospitare l\u2019edizione del 2019. In tal senso, la prima richiesta ufficiale \u00e8 gi\u00e0 stata fatta dal Consorzio e appoggiata dalla Regione. Per raggiungere tale significativo risultato, gi\u00e0 ottenuto nell\u2019edizione del 2015, bisogna che, per\u00f2, tutta la filiera sostenga convintamente la proposta e si presenti a Graz numerosa, con idee chiare e compattezza di obiettivi\u00bb.<\/p>\n","protected":false},"excerpt":{"rendered":"<p>Al concorso mondiale di Bordeaux<\/p>\n","protected":false},"author":28,"featured_media":23246,"comment_status":"closed","ping_status":"closed","sticky":false,"template":"","format":"standard","meta":{"dwc-title":[],"dwc-content":[],"footnotes":""},"categories":[6],"tags":[],"class_list":["post-23245","post","type-post","status-publish","format-standard","has-post-thumbnail","hentry","category-societa"],"rttpg_featured_image_url":{"full":["https:\/\/imagazine.it\/wp-content\/uploads\/2024\/01\/19044-1.webp",750,468,false],"landscape":["https:\/\/imagazine.it\/wp-content\/uploads\/2024\/01\/19044-1.webp",750,468,false],"portraits":["https:\/\/imagazine.it\/wp-content\/uploads\/2024\/01\/19044-1.webp",750,468,false],"thumbnail":["https:\/\/imagazine.it\/wp-content\/uploads\/2024\/01\/19044-1-150x150.webp",150,150,true],"medium":["https:\/\/imagazine.it\/wp-content\/uploads\/2024\/01\/19044-1-300x187.webp",300,187,true],"large":["https:\/\/imagazine.it\/wp-content\/uploads\/2024\/01\/19044-1.webp",640,399,false],"thumblist":["https:\/\/imagazine.it\/wp-content\/uploads\/2024\/01\/19044-1.webp",300,187,false],"thumbrelated":["https:\/\/imagazine.it\/wp-content\/uploads\/2024\/01\/19044-1.webp",500,312,false],"meccarouselthumb":["https:\/\/imagazine.it\/wp-content\/uploads\/2024\/01\/19044-1.webp",474,296,false],"gridsquare":["https:\/\/imagazine.it\/wp-content\/uploads\/2024\/01\/19044-1.webp",391,244,false],"tileview":["https:\/\/imagazine.it\/wp-content\/uploads\/2024\/01\/19044-1.webp",300,187,false],"1536x1536":["https:\/\/imagazine.it\/wp-content\/uploads\/2024\/01\/19044-1.webp",750,468,false],"2048x2048":["https:\/\/imagazine.it\/wp-content\/uploads\/2024\/01\/19044-1.webp",750,468,false],"newsup-slider-full":["https:\/\/imagazine.it\/wp-content\/uploads\/2024\/01\/19044-1.webp",750,468,false],"newsup-featured":["https:\/\/imagazine.it\/wp-content\/uploads\/2024\/01\/19044-1.webp",750,468,false],"newsup-medium":["https:\/\/imagazine.it\/wp-content\/uploads\/2024\/01\/19044-1-720x380.webp",720,380,true],"tptn_thumbnail":["https:\/\/imagazine.it\/wp-content\/uploads\/2024\/01\/19044-1.webp",250,156,false],"sow-carousel-default":["https:\/\/imagazine.it\/wp-content\/uploads\/2024\/01\/19044-1-272x182.webp",272,182,true]},"rttpg_author":{"display_name":"redazione","author_link":"https:\/\/imagazine.it\/home_desk\/author\/redazione\/"},"rttpg_comment":0,"rttpg_category":"<a href=\"https:\/\/imagazine.it\/home_desk\/category\/societa\/\" rel=\"category tag\">SOCIET\u00c0<\/a>","rttpg_excerpt":"Al concorso mondiale di Bordeaux","_links":{"self":[{"href":"https:\/\/imagazine.it\/home_desk\/wp-json\/wp\/v2\/posts\/23245","targetHints":{"allow":["GET"]}}],"collection":[{"href":"https:\/\/imagazine.it\/home_desk\/wp-json\/wp\/v2\/posts"}],"about":[{"href":"https:\/\/imagazine.it\/home_desk\/wp-json\/wp\/v2\/types\/post"}],"author":[{"embeddable":true,"href":"https:\/\/imagazine.it\/home_desk\/wp-json\/wp\/v2\/users\/28"}],"replies":[{"embeddable":true,"href":"https:\/\/imagazine.it\/home_desk\/wp-json\/wp\/v2\/comments?post=23245"}],"version-history":[{"count":0,"href":"https:\/\/imagazine.it\/home_desk\/wp-json\/wp\/v2\/posts\/23245\/revisions"}],"wp:featuredmedia":[{"embeddable":true,"href":"https:\/\/imagazine.it\/home_desk\/wp-json\/wp\/v2\/media\/23246"}],"wp:attachment":[{"href":"https:\/\/imagazine.it\/home_desk\/wp-json\/wp\/v2\/media?parent=23245"}],"wp:term":[{"taxonomy":"category","embeddable":true,"href":"https:\/\/imagazine.it\/home_desk\/wp-json\/wp\/v2\/categories?post=23245"},{"taxonomy":"post_tag","embeddable":true,"href":"https:\/\/imagazine.it\/home_desk\/wp-json\/wp\/v2\/tags?post=23245"}],"curies":[{"name":"wp","href":"https:\/\/api.w.org\/{rel}","templated":true}]}}