{"id":23235,"date":"2017-04-19T00:00:00","date_gmt":"2017-04-18T23:00:00","guid":{"rendered":"https:\/\/imagazine.it\/?p=23235"},"modified":"2017-04-19T00:00:00","modified_gmt":"2017-04-18T23:00:00","slug":"trieste-si-rispecchia-tra-mare-e-cielo","status":"publish","type":"post","link":"https:\/\/imagazine.it\/home_desk\/trieste-si-rispecchia-tra-mare-e-cielo\/","title":{"rendered":"Trieste si rispecchia tra mare e cielo"},"content":{"rendered":"<p>Due esposizioni e una serie di iniziative dedicate al ruolo di primo piano giocato dal Golfo di Trieste nella produzione e nell&#39;utilizzo degli idrovolanti. Appuntamenti presentati oggi a Palazzo Gopcevich nel capoluogo giuliano nel corso di una conferenza stampa cui hanno partecipato l\u2019assessore comunale alla Cultura <strong>Giorgio Rossi<\/strong> con il conservatore <strong>Stefano Bianchi<\/strong>, <strong>Mauro Martinenzi<\/strong>, direttore della Fondazione Fincantieri e curatore della mostra <em>\u201c<strong>IDROVOLANTI: l\u2019epopea dei Cant tra le due guerre\u201d<\/strong><\/em> &#8211; che si inaugura sabato 22 aprile alle 11 nella Sala Selva proprio a Palazzo Gopcevich &#8211; ed <strong>Egidio Braicovich<\/strong>, presidente dell\u2019Associazione di Volontariato MareCielo Gianni Widmer che ha presentato la <strong><em>rievocazione della linea Trieste-Zara<\/em><\/strong> <strong><em>e la mostra fotografica<\/em><\/strong> la cui inaugurazione \u00e8 in programma venerd\u00ec 21 aprile alle 17.30 presso il Museo della Civilt\u00e0 Istriana Fiumana e Dalmata in via Torino. Presenti anche il presidente dell&#39;I.R.C.I. <strong>Franco Degrassi<\/strong> con il direttore <strong>Piero Delbello<\/strong>.<\/p>\n<p>Proprio la mostra fotografica ha per tema il rapporto tra Trieste con il mondo degli idrovolanti, visto come perfetta sintesi tra mare e cielo che proprio negli anni\u00a0 \u201920 e \u201930 trov\u00f2 la sua piena realizzazione in citt\u00e0. E che ebbe come protagonista un giovane\u00a0 pilota: Gianni Widmer. L\u2019esposizione\u00a0 accompagner\u00e0 il visitatore\u00a0 in un viaggio\u00a0 che inizia agli albori\u00a0 dell\u2019idroaviazione nel mondo sino ai nostri giorni.\u00a0 Nel cammino espositivo si potranno ammirare alcuni modelli di idrovolanti CANT\u00a0 messi a disposizione dell\u2019Associazione Aldebaran,\u00a0\u00a0 oltre all\u2019attivit\u00e0 che i disegnatori dell\u2019Accademia di Fumetto hanno realizzato l\u2019anno passato in occasione della rievocazione del 90\u00b0 anniversario del 1\u00b0 volo Trieste &#8211; Torino &#8211; Trieste,\u00a0 organizzata dall\u2019Associazione MareCielo G. Widmer. Oltre alla mostra, visitabile fino\u00a0 al\u00a0 28 maggio, la manifestazione si svilupper\u00e0 con un crescendo di eventi che porteranno alla rievocazione di sabato 6 maggio alle ore 11 del 1\u00b0 volo Trieste &#8211; Zara che gli aerei della SISA (Societ\u00e0 Italiana Servizi Aerei) fecero pi\u00f9 di 90 anni fa.<\/p>\n<p>Il programma completo della manifestazione prevede: <strong>gioved\u00ec 27 aprile,<\/strong> alle ore 17.30 &#8211; conferenza\u00a0 \u201cGianni Widmer. Aviatore di Frontiera\u201d presso la Sala Bazlen di Palazzo Gopcevich; <strong>mercoled\u00ec 3 maggio<\/strong>, ore 12 &#8211; conferenza \u201cL\u2019idrovolante e la mobilit\u00e0 sostenibile\u201d presso I.R.C.I.\u00a0 Civico Museo della Civilt\u00e0 Istriana Fiumana Dalmata; <strong>gioved\u00ec 4 maggio<\/strong>, ore 17 &#8211; conferenza \u201cSulle ali del mare\u201d presso I.R.C.I.\u00a0 Civico Museo della Civilt\u00e0 Istriana Fiumana Dalmata; <strong>venerd\u00ec 5 maggio<\/strong>, ore 16.30 &#8211; arrivo dell\u2019idrovolante proveniente da Como; <strong>sabato 6 maggio<\/strong> &#8211; a partire dalle ore 10 l\u2019idrovolante sar\u00e0 ormeggiato alla radice del Molo Audace, per poi decollare alla volta di Zara alle ore 11. Dalle ore 9 alle 13 \u00e8 previsto un annullo filatelico all\u2019I.R.C.I.\u00a0 presso il Civico Museo della Civilt\u00e0 Istriana Fiumana Dalmata; dalle ore 9 alle ore 18 avr\u00e0 luogo l\u2019evento \u201cLa via del fumetto\u201d, seguendo via Torino alla scoperta della mostra\u00a0 nelle sale dell\u2019I.R.C.I.; <strong>domenica 7 maggio<\/strong>, nello specchio di mare antistante il Molo Audace ammarer\u00e0 alle ore 12 l\u2019idrovolante di rientro da Zara e alle ore 15 decoller\u00e0 alla volta di Como chiudendo cos\u00ec la manifestazione.<\/p>\n<p>La mostra <strong><em>\u201cIdrovolanti. L\u2019epopea dei CANT fra le due guerre\u201d <\/em><\/strong>rester\u00e0 invece aperta fino a domenica 7 maggio. Per l\u2019allestimento la Fondazione Fincantieri ha attinto al suo archivio fotografico, con molte immagini inedite, arricchite da documenti di propriet\u00e0 di istituzioni pubbliche e private del territorio: quasi 500 documenti fra i quali sono stati selezionati i circa 150 che saranno presentati nell\u2019occasione. A corredo della mostra \u00e8 stato realizzato un volume di 160 pagine, curato da <strong>Susanna Ognibene<\/strong>, ricco di immagini e documenti originali, che ricostruisce le diverse fasi e la storia dei protagonisti di questa esperienza produttiva e umana, con il contesto in cui essa si colloc\u00f2. Per l\u2019attivit\u00e0 di ricerca, la Fondazione Fincantieri si \u00e8 avvalsa di un gruppo di lavoro composto da <strong>Lucio Gregoretti<\/strong>, <strong>Carlo D\u2019Agostino<\/strong>, <strong>Rino Romano<\/strong> ed <strong>Edino Valcovich<\/strong>. L\u2019esposizione, gi\u00e0 presentata a Monfalcone nel 2016, dopo Trieste sar\u00e0 riproposta a Palermo, dal 14 maggio al 2 giugno.<\/p>\n<p>Anche questa mostra prevede una serie di eventi collaterali:<strong> sabato 29 aprile<\/strong>, ore 17.30, \u201cUomini con le ali: Filippo Zappata e Mario Stoppani\u201d, Conferenza a cura di Carlo D\u2019Agostino, Rino Romano, con il contributo di <strong>Isabella Stoppani<\/strong>; <strong>mercoled\u00ec 3 maggio<\/strong>, ore 17.30, Presentazione del libro \u201cIdrovolanti. L\u2019epopea dei CANT tra le due guerre\u201d, a cura di Susanna Ognibene; <strong>sabato 6 maggio<\/strong>, ore 17.30, \u201cArchitetture per il volo: dalle Officine Aeronautiche all\u2019Idroscalo Civile di Trieste\u201d, Conferenza a cura di Edino Valcovich.<\/p>\n<p>Nei giorni <strong>6 e 7 maggio<\/strong>, a conclusione delle due mostre, nello specchio di mare davanti Molo Audace ammarer\u00e0 e decoller\u00e0 un idrovolante, in ricordo dei voli delle prime linee aeree commerciali italiane della S.I.S.A.\u00a0<\/p>\n","protected":false},"excerpt":{"rendered":"<p>Presentate due mostre sugli idrovolanti<\/p>\n","protected":false},"author":28,"featured_media":23236,"comment_status":"closed","ping_status":"closed","sticky":false,"template":"","format":"standard","meta":{"dwc-title":[],"dwc-content":[],"footnotes":""},"categories":[5],"tags":[],"class_list":["post-23235","post","type-post","status-publish","format-standard","has-post-thumbnail","hentry","category-attualita"],"rttpg_featured_image_url":{"full":["https:\/\/imagazine.it\/wp-content\/uploads\/2024\/01\/19019-1.webp",750,500,false],"landscape":["https:\/\/imagazine.it\/wp-content\/uploads\/2024\/01\/19019-1.webp",750,500,false],"portraits":["https:\/\/imagazine.it\/wp-content\/uploads\/2024\/01\/19019-1.webp",750,500,false],"thumbnail":["https:\/\/imagazine.it\/wp-content\/uploads\/2024\/01\/19019-1-150x150.webp",150,150,true],"medium":["https:\/\/imagazine.it\/wp-content\/uploads\/2024\/01\/19019-1-300x200.webp",300,200,true],"large":["https:\/\/imagazine.it\/wp-content\/uploads\/2024\/01\/19019-1.webp",640,427,false],"thumblist":["https:\/\/imagazine.it\/wp-content\/uploads\/2024\/01\/19019-1.webp",300,200,false],"thumbrelated":["https:\/\/imagazine.it\/wp-content\/uploads\/2024\/01\/19019-1.webp",500,333,false],"meccarouselthumb":["https:\/\/imagazine.it\/wp-content\/uploads\/2024\/01\/19019-1.webp",474,316,false],"gridsquare":["https:\/\/imagazine.it\/wp-content\/uploads\/2024\/01\/19019-1.webp",391,260,false],"tileview":["https:\/\/imagazine.it\/wp-content\/uploads\/2024\/01\/19019-1.webp",300,200,false],"1536x1536":["https:\/\/imagazine.it\/wp-content\/uploads\/2024\/01\/19019-1.webp",750,500,false],"2048x2048":["https:\/\/imagazine.it\/wp-content\/uploads\/2024\/01\/19019-1.webp",750,500,false],"newsup-slider-full":["https:\/\/imagazine.it\/wp-content\/uploads\/2024\/01\/19019-1.webp",750,500,false],"newsup-featured":["https:\/\/imagazine.it\/wp-content\/uploads\/2024\/01\/19019-1.webp",750,500,false],"newsup-medium":["https:\/\/imagazine.it\/wp-content\/uploads\/2024\/01\/19019-1-720x380.webp",720,380,true],"tptn_thumbnail":["https:\/\/imagazine.it\/wp-content\/uploads\/2024\/01\/19019-1.webp",250,167,false],"sow-carousel-default":["https:\/\/imagazine.it\/wp-content\/uploads\/2024\/01\/19019-1-272x182.webp",272,182,true]},"rttpg_author":{"display_name":"redazione","author_link":"https:\/\/imagazine.it\/home_desk\/author\/redazione\/"},"rttpg_comment":0,"rttpg_category":"<a href=\"https:\/\/imagazine.it\/home_desk\/category\/attualita\/\" rel=\"category tag\">ATTUALIT\u00c0<\/a>","rttpg_excerpt":"Presentate due mostre sugli idrovolanti","_links":{"self":[{"href":"https:\/\/imagazine.it\/home_desk\/wp-json\/wp\/v2\/posts\/23235","targetHints":{"allow":["GET"]}}],"collection":[{"href":"https:\/\/imagazine.it\/home_desk\/wp-json\/wp\/v2\/posts"}],"about":[{"href":"https:\/\/imagazine.it\/home_desk\/wp-json\/wp\/v2\/types\/post"}],"author":[{"embeddable":true,"href":"https:\/\/imagazine.it\/home_desk\/wp-json\/wp\/v2\/users\/28"}],"replies":[{"embeddable":true,"href":"https:\/\/imagazine.it\/home_desk\/wp-json\/wp\/v2\/comments?post=23235"}],"version-history":[{"count":0,"href":"https:\/\/imagazine.it\/home_desk\/wp-json\/wp\/v2\/posts\/23235\/revisions"}],"wp:featuredmedia":[{"embeddable":true,"href":"https:\/\/imagazine.it\/home_desk\/wp-json\/wp\/v2\/media\/23236"}],"wp:attachment":[{"href":"https:\/\/imagazine.it\/home_desk\/wp-json\/wp\/v2\/media?parent=23235"}],"wp:term":[{"taxonomy":"category","embeddable":true,"href":"https:\/\/imagazine.it\/home_desk\/wp-json\/wp\/v2\/categories?post=23235"},{"taxonomy":"post_tag","embeddable":true,"href":"https:\/\/imagazine.it\/home_desk\/wp-json\/wp\/v2\/tags?post=23235"}],"curies":[{"name":"wp","href":"https:\/\/api.w.org\/{rel}","templated":true}]}}