{"id":23225,"date":"2017-04-18T00:00:00","date_gmt":"2017-04-17T23:00:00","guid":{"rendered":"https:\/\/imagazine.it\/?p=23225"},"modified":"2017-04-18T00:00:00","modified_gmt":"2017-04-17T23:00:00","slug":"le-musiche-del-mondo-risuonano-in-fvg","status":"publish","type":"post","link":"https:\/\/imagazine.it\/home_desk\/le-musiche-del-mondo-risuonano-in-fvg\/","title":{"rendered":"Le musiche del mondo risuonano in FVG"},"content":{"rendered":"<p>Provengono da ogni parte del globo gli artisti che, come ogni estate <strong>ininterrottamente dal 1979<\/strong>, animeranno i palchi di <strong>Folkest<\/strong> \u00a0<strong>dal 22 giugno al 10 luglio prossimi<\/strong> &#8211; con una serie di concerti programmati anche dopo il festival, fino al 26 luglio &#8211; tra <strong>Udine, Spilimbergo, Villa Manin, Tolmezzo, Udine<\/strong>, ma anche <strong>Capodistria<\/strong> e la <strong>Slovenia<\/strong>, per un totale di <strong>24 piazze raggiunte dagli appuntamenti<\/strong> del principale festival che esplora le musiche e le culture del mondo.<\/p>\n<p>Artisti molto differenti fra di loro e un <strong>festival<\/strong> <strong>multicolore<\/strong> pensato proprio per valorizzare tutta quella musica che, al di l\u00e0 dall\u2019essere definita <em>folk<\/em>, <em>world<\/em>, <em>jazz<\/em> o <em>cantautorale<\/em>, <em>pura<\/em> o <em>contaminata<\/em>, sappia dare voce alle radici culturali di qualsiasi parte del mondo, ancora una volta un\u2019occasione per valicare i confini fra i generi. Ci narreranno leggende antiche e storie comuni, saghe di eroi e racconti di gente semplice che appartengono a tutti e fanno parte dell\u2019orgoglio culturale dei popoli, ma spesso sono le stesse storie, declinate in lingue diverse. Dei, semidei, pane azzimo e pan nero&#8230;<\/p>\n<p>Dopo il focus dello scorso anno, incentrato sulla <strong>Sardegna<\/strong> e culminato con la consegna del <strong>Premio Folkest alla Carriera<\/strong> a <strong>Luigi Lai<\/strong>, maestro delle millenarie <strong><em>launeddas<\/em><\/strong>, quest&#39;anno si rimarr\u00e0 nel <strong>Mediterraneo<\/strong>, con dedica alla <strong>citt\u00e0 di Napoli<\/strong> e al suo intreccio culturale, multi-etnico per connotazione, napoletano per vocazione e unicit\u00e0 dell&#39;ispirazione musicale. Spaio cos\u00ec ad artisti partenopei: <strong>Enzo Avitabile<\/strong>, <strong>vincitore di due <em>Premi David di Donatello<\/em><\/strong>, si esibir\u00e0 a Montereale Valcellina il <strong>28 giugno<\/strong>, e che vedr\u00e0 all&#39;opera <strong>Teresa De Sio<\/strong> con un grande omaggio a Pino Daniele, in programma a <strong>Capodistria il 21 luglio<\/strong>, i <strong>Solis String Quartet e<\/strong> <strong>Jenny Sorrenti<\/strong> con<strong> Saint Just<\/strong> a <strong>Spilimbergo il 9 luglio<\/strong> e i pi\u00f9 giovani, e meno noti, <strong>Vianova e Suon&#038;Passion<\/strong>.<\/p>\n<p>Non mancher\u00e0 alla 39^ edizione di <strong>Folkest<\/strong> il mondo della <strong>canzone anglosassone<\/strong> con i principi e inventori del <em>folk-rock<\/em> britannico, i <strong>Fairport Convention<\/strong>, il <strong>10 luglio a Spilimbergo<\/strong>, e la voce e<em> front man <\/em>dei <strong>Genesis<\/strong>, uno dei gruppi pi\u00f9 importanti e innovativi della storia del rock progressivo, <strong>Ray Wilson<\/strong>, in concerto sempre a Spilimbergo, l&#39;11 luglio. Spazio anche per le nuove frontiere del <em>folk-metal<\/em>, con i lombardi <strong>Folkstone<\/strong> il 12 luglio a <strong>Spilimbergo<\/strong> e, per la <strong>grande canzone d&#39;autore italiana<\/strong>, con l\u2019esibizione di <strong>Ron<\/strong> attesa il <strong>22 luglio a Capodistria<\/strong>.<\/p>\n<p>Negli oltre settanta appuntamenti complessivi non mancheranno i suoni e le melodie di tradizione e ispirazione <strong><em>celtica<\/em><\/strong>, una sezione che non manca mai al festival, cos\u00ec come le <strong><em>musiche di confine<\/em><\/strong>, dal <strong><em>manouche<\/em><\/strong> al <strong><em>balcanico<\/em><\/strong>, al <strong><em>klezmer<\/em><\/strong>, al <strong><em>blues<\/em><\/strong>. Senza dimenticare la <strong>pattuglia degli artisti regionali<\/strong>, che come ogni anno avranno significative presenze, con un\u2019importante anteprima nella storica cornice del Castello di Ragogna l&#39;11 luglio con <strong><em>La Fieste da Sedon<\/em><\/strong>, che chiamer\u00e0 a raccolta tutti <strong>i suonatori della musica popolare friulana<\/strong> per il consueto appuntamento d&#39;inizio estate.<\/p>\n<p><strong>Altra significativa anteprima a Ospedaletto di Gemona<\/strong>: una serata tutta al femminile con la presenza di <strong>Ambra Pintore<\/strong> con il suo quartetto (gi\u00e0 vincitrice assoluta di <em>Suonare@Folkest<\/em> nel 2015), che presenter\u00e0 il suo nuovo progetto discografico, prodotto da Sar&#39;d music. Sullo stesso palco trover\u00e0 spazio anche la giovanissima <strong>Martina Jori<\/strong>, <em>ladina<\/em> del <em>Sud Tirolo<\/em>.<\/p>\n<p>Infine l&#39;ampio capitolo delle <strong>nuove proposte italiane<\/strong> con l&#39;appuntamento di <strong>Suonare@Folkest<\/strong>. La cui serata finale si svolger\u00e0 il 4 luglio al <em>Castello di Udine.<\/em> Ospiti d&#39;onore i <em>siciliani<\/em> <strong>Pupi di Surfaro<\/strong>, vincitori del <strong>Premio Andrea Parodi<\/strong> di <em>Cagliari<\/em> per il 2016.<\/p>\n<p>Nel periodo <em>clou<\/em> del festival, <strong>concentrato a Spilimbergo tra il 7 e il 10 luglio<\/strong>, ci saranno spazi dedicati ai pi\u00f9 piccoli con <em>Vieni a provare uno strumento<\/em> con i docenti della scuola di musica <strong>Gottardo Tomat<\/strong> e lo spettacolo gioco con il <strong>Molino Rosenkranz<\/strong>. Le presentazioni di alcune <strong>novit\u00e0 editoriali<\/strong>, <strong>incontri e dibattiti pubblici<\/strong> faranno da cornice ai momenti pi\u00f9 spettacolari del festival, rappresentandone un ideale completamento. \u00c8 questo un settore che dalla scorsa edizione \u00e8 stato particolarmente curato, con il coinvolgimento di <em>case editoriali<\/em> regionali e nazionali e di importanti istituzioni come il <strong>Nuovo IMAIE<\/strong>.<\/p>\n<p>Ma la 39^ edizione di Folkest, sar\u00e0 preceduta da <strong>due grandi anteprime primaverili<\/strong>, a cominciare, <strong>sabato 29 aprile<\/strong>, dal concerto di <strong>Eugenio Finardi<\/strong> al Teatro comunale Candoni di <strong>Tolmezzo<\/strong>, organizzato con <strong><em>Nuova Pro Loco Tolmezzo<\/em><\/strong>.<\/p>\n<p><strong>Sabato 6 maggio<\/strong>, invece, in programma la Teatro Nuovo Giovanni da Udine (ore 21) la ripresa di <strong><em>Orcolat \u201976: Simone Cristicchi racconta l\u2019Orco che divora la terra. Ieri e oggi<\/em><\/strong>, con Cristicchi e Francesca Gallo, l\u2019attrice <strong>Maia Monzani<\/strong>, il <strong>Coro del Friuli Venezia Giulia<\/strong>, preparato dal M\u00b0 <strong>Cristiano Dell&#39;Oste<\/strong>, e la <strong>Mitteleuropa Orchestra<\/strong> diretta dal M\u00b0 <strong>Valter Sivilotti<\/strong>.<\/p>\n","protected":false},"excerpt":{"rendered":"<p>Presentato Folkest 2017<\/p>\n","protected":false},"author":28,"featured_media":23226,"comment_status":"closed","ping_status":"closed","sticky":false,"template":"","format":"standard","meta":{"dwc-title":[],"dwc-content":[],"footnotes":""},"categories":[37],"tags":[],"class_list":["post-23225","post","type-post","status-publish","format-standard","has-post-thumbnail","hentry","category-cultura-e-spettacolo"],"rttpg_featured_image_url":{"full":["https:\/\/imagazine.it\/wp-content\/uploads\/2024\/01\/18994-1.webp",750,500,false],"landscape":["https:\/\/imagazine.it\/wp-content\/uploads\/2024\/01\/18994-1.webp",750,500,false],"portraits":["https:\/\/imagazine.it\/wp-content\/uploads\/2024\/01\/18994-1.webp",750,500,false],"thumbnail":["https:\/\/imagazine.it\/wp-content\/uploads\/2024\/01\/18994-1-150x150.webp",150,150,true],"medium":["https:\/\/imagazine.it\/wp-content\/uploads\/2024\/01\/18994-1-300x200.webp",300,200,true],"large":["https:\/\/imagazine.it\/wp-content\/uploads\/2024\/01\/18994-1.webp",640,427,false],"thumblist":["https:\/\/imagazine.it\/wp-content\/uploads\/2024\/01\/18994-1.webp",300,200,false],"thumbrelated":["https:\/\/imagazine.it\/wp-content\/uploads\/2024\/01\/18994-1.webp",500,333,false],"meccarouselthumb":["https:\/\/imagazine.it\/wp-content\/uploads\/2024\/01\/18994-1.webp",474,316,false],"gridsquare":["https:\/\/imagazine.it\/wp-content\/uploads\/2024\/01\/18994-1.webp",391,260,false],"tileview":["https:\/\/imagazine.it\/wp-content\/uploads\/2024\/01\/18994-1.webp",300,200,false],"1536x1536":["https:\/\/imagazine.it\/wp-content\/uploads\/2024\/01\/18994-1.webp",750,500,false],"2048x2048":["https:\/\/imagazine.it\/wp-content\/uploads\/2024\/01\/18994-1.webp",750,500,false],"newsup-slider-full":["https:\/\/imagazine.it\/wp-content\/uploads\/2024\/01\/18994-1.webp",750,500,false],"newsup-featured":["https:\/\/imagazine.it\/wp-content\/uploads\/2024\/01\/18994-1.webp",750,500,false],"newsup-medium":["https:\/\/imagazine.it\/wp-content\/uploads\/2024\/01\/18994-1-720x380.webp",720,380,true],"tptn_thumbnail":["https:\/\/imagazine.it\/wp-content\/uploads\/2024\/01\/18994-1.webp",250,167,false],"sow-carousel-default":["https:\/\/imagazine.it\/wp-content\/uploads\/2024\/01\/18994-1-272x182.webp",272,182,true]},"rttpg_author":{"display_name":"redazione","author_link":"https:\/\/imagazine.it\/home_desk\/author\/redazione\/"},"rttpg_comment":0,"rttpg_category":"<a href=\"https:\/\/imagazine.it\/home_desk\/category\/cultura-e-spettacolo\/\" rel=\"category tag\">CULTURA&amp;SPETTACOLO<\/a>","rttpg_excerpt":"Presentato Folkest 2017","_links":{"self":[{"href":"https:\/\/imagazine.it\/home_desk\/wp-json\/wp\/v2\/posts\/23225","targetHints":{"allow":["GET"]}}],"collection":[{"href":"https:\/\/imagazine.it\/home_desk\/wp-json\/wp\/v2\/posts"}],"about":[{"href":"https:\/\/imagazine.it\/home_desk\/wp-json\/wp\/v2\/types\/post"}],"author":[{"embeddable":true,"href":"https:\/\/imagazine.it\/home_desk\/wp-json\/wp\/v2\/users\/28"}],"replies":[{"embeddable":true,"href":"https:\/\/imagazine.it\/home_desk\/wp-json\/wp\/v2\/comments?post=23225"}],"version-history":[{"count":0,"href":"https:\/\/imagazine.it\/home_desk\/wp-json\/wp\/v2\/posts\/23225\/revisions"}],"wp:featuredmedia":[{"embeddable":true,"href":"https:\/\/imagazine.it\/home_desk\/wp-json\/wp\/v2\/media\/23226"}],"wp:attachment":[{"href":"https:\/\/imagazine.it\/home_desk\/wp-json\/wp\/v2\/media?parent=23225"}],"wp:term":[{"taxonomy":"category","embeddable":true,"href":"https:\/\/imagazine.it\/home_desk\/wp-json\/wp\/v2\/categories?post=23225"},{"taxonomy":"post_tag","embeddable":true,"href":"https:\/\/imagazine.it\/home_desk\/wp-json\/wp\/v2\/tags?post=23225"}],"curies":[{"name":"wp","href":"https:\/\/api.w.org\/{rel}","templated":true}]}}