{"id":23219,"date":"2017-04-14T00:00:00","date_gmt":"2017-04-13T23:00:00","guid":{"rendered":"https:\/\/imagazine.it\/?p=23219"},"modified":"2017-04-14T00:00:00","modified_gmt":"2017-04-13T23:00:00","slug":"lignano-nuovo-hotel-di-lusso-e-rinnovo-delle-terme","status":"publish","type":"post","link":"https:\/\/imagazine.it\/home_desk\/lignano-nuovo-hotel-di-lusso-e-rinnovo-delle-terme\/","title":{"rendered":"Lignano, nuovo hotel di lusso e rinnovo delle terme"},"content":{"rendered":"<p>Il Consiglio comunale di Lignano Sabbiadoro ha autorizzato il rilascio del Permesso di Costruire riguardante l&#39;intervento di ristrutturazione e ampliamento del complesso termale di Lignano Riviera, con introduzione dell&#39;uso alberghiero proposto dalla <strong>Societ\u00e0 Imprese Lignano Spa (Sil)<\/strong>.<\/p>\n<p>Attualmente, le Terme di Riviera sono chiuse e, negli ultimi due anni, sono state soggette ad attivit\u00e0 parziale. Il nuovo progetto voluto dalla Sil, concessionaria del bene demaniale, e \u201csposato\u201d dal Comune di Lignano Sabbiadoro prevede la <strong>creazione di un hotel 4 stelle superior<\/strong>, dotato di <strong>39 suite da 50 metri quadrati in riva al mare<\/strong>, ricavato in alcuni spazi dello stabilimento gi\u00e0 esistenti. Oltre alla struttura ricettiva, sono previsti <strong>500 metri quadrati dedicati al wellness<\/strong>, una <strong>Spa<\/strong> e il <strong>parco piscine ludico-termali da 1.500 mq<\/strong>. Il costo complessivo della riqualificazione \u00e8 pari a <strong>18 milioni di euro<\/strong>. La partenza dei lavori, una volta ottenute tutte le necessarie autorizzazioni, \u00e8 imminente e gi\u00e0 nel 2018 dovrebbero essere pronti l&#39;ingresso dedicato, la Spa e la piscina interna.<\/p>\n<p>A servizio non soltanto delle terme, ma anche a beneficio di tutta la cittadinanza, sar\u00e0 <strong>creata una nuova pista ciclabile,<\/strong> in sede propria e inserita nel contesto della Bicipolitana denominata \u201cLinea delle Acque\u201d, che correr\u00e0 sul lato sud del lungomare Riccardo Riva per arrivare fino a Corso delle Nazioni e si aggancer\u00e0, infine, al percorso cicloturistico comunale. L&#39;istruttoria \u00e8 gi\u00e0 pervenuta agli uffici comunali competenti.<\/p>\n<p>\u00abSiamo arrivati a una soluzione che potr\u00e0 comportare un effettivo rilancio delle Terme di Lignano Riviera &#8211; commenta il sindaco di Lignano Sabbiadoro, <strong>Luca Fanotto<\/strong> -, grazie a un progetto che supera gli scogli di quelli precedenti ed \u00e8 pi\u00f9 sostenibile economicamente da parte della Societ\u00e0 rispetto a quello in precedenza approvato e che chiudeva con un quadro economico di circa 24 milioni di euro, difficilmente ammortizzabile negli anni rimanenti della concessione\u00bb.<\/p>\n<p>\u00abIl cammino compiuto in totale accordo con l&#39;Amministrazione comunale tutta e con i vari enti sovracomunali preposti &#8211; evidenzia l&#39;architetto <strong>Maria Amoroso<\/strong>, progettista del complesso e tecnico della societ\u00e0 &#8211; vede la sua concretizzazione nella ristrutturazione in chiave contemporanea delle terme, storicamente legate alla Citt\u00e0 di Lignano Sabbiadoro e la realizzazione del raffinato hotel a 4 stelle. Con i suoi volumi puliti, la scelta dei materiali, l\u2019attenzione al patrimonio paesaggistico il progetto raccoglie il testimone lasciato dall\u2019architetto Valle e sposa il concetto intrinseco dell\u2019architettura razionalista che ha voluto \u201cinserirsi nell&#39;ambito della storia piuttosto che dell&#39;arte\u201d\u00bb.<\/p>\n","protected":false},"excerpt":{"rendered":"<p>Via libera del Consiglio comunale<\/p>\n","protected":false},"author":28,"featured_media":23220,"comment_status":"closed","ping_status":"closed","sticky":false,"template":"","format":"standard","meta":{"dwc-title":[],"dwc-content":[],"footnotes":""},"categories":[8],"tags":[],"class_list":["post-23219","post","type-post","status-publish","format-standard","has-post-thumbnail","hentry","category-turismo"],"rttpg_featured_image_url":{"full":["https:\/\/imagazine.it\/wp-content\/uploads\/2024\/01\/18979-1.webp",750,428,false],"landscape":["https:\/\/imagazine.it\/wp-content\/uploads\/2024\/01\/18979-1.webp",750,428,false],"portraits":["https:\/\/imagazine.it\/wp-content\/uploads\/2024\/01\/18979-1.webp",750,428,false],"thumbnail":["https:\/\/imagazine.it\/wp-content\/uploads\/2024\/01\/18979-1-150x150.webp",150,150,true],"medium":["https:\/\/imagazine.it\/wp-content\/uploads\/2024\/01\/18979-1-300x171.webp",300,171,true],"large":["https:\/\/imagazine.it\/wp-content\/uploads\/2024\/01\/18979-1.webp",640,365,false],"thumblist":["https:\/\/imagazine.it\/wp-content\/uploads\/2024\/01\/18979-1.webp",300,171,false],"thumbrelated":["https:\/\/imagazine.it\/wp-content\/uploads\/2024\/01\/18979-1.webp",500,285,false],"meccarouselthumb":["https:\/\/imagazine.it\/wp-content\/uploads\/2024\/01\/18979-1.webp",474,270,false],"gridsquare":["https:\/\/imagazine.it\/wp-content\/uploads\/2024\/01\/18979-1.webp",391,223,false],"tileview":["https:\/\/imagazine.it\/wp-content\/uploads\/2024\/01\/18979-1.webp",300,171,false],"1536x1536":["https:\/\/imagazine.it\/wp-content\/uploads\/2024\/01\/18979-1.webp",750,428,false],"2048x2048":["https:\/\/imagazine.it\/wp-content\/uploads\/2024\/01\/18979-1.webp",750,428,false],"newsup-slider-full":["https:\/\/imagazine.it\/wp-content\/uploads\/2024\/01\/18979-1.webp",750,428,false],"newsup-featured":["https:\/\/imagazine.it\/wp-content\/uploads\/2024\/01\/18979-1.webp",750,428,false],"newsup-medium":["https:\/\/imagazine.it\/wp-content\/uploads\/2024\/01\/18979-1-720x380.webp",720,380,true],"tptn_thumbnail":["https:\/\/imagazine.it\/wp-content\/uploads\/2024\/01\/18979-1.webp",250,143,false],"sow-carousel-default":["https:\/\/imagazine.it\/wp-content\/uploads\/2024\/01\/18979-1-272x182.webp",272,182,true]},"rttpg_author":{"display_name":"redazione","author_link":"https:\/\/imagazine.it\/home_desk\/author\/redazione\/"},"rttpg_comment":0,"rttpg_category":"<a href=\"https:\/\/imagazine.it\/home_desk\/category\/turismo\/\" rel=\"category tag\">TURISMO<\/a>","rttpg_excerpt":"Via libera del Consiglio comunale","_links":{"self":[{"href":"https:\/\/imagazine.it\/home_desk\/wp-json\/wp\/v2\/posts\/23219","targetHints":{"allow":["GET"]}}],"collection":[{"href":"https:\/\/imagazine.it\/home_desk\/wp-json\/wp\/v2\/posts"}],"about":[{"href":"https:\/\/imagazine.it\/home_desk\/wp-json\/wp\/v2\/types\/post"}],"author":[{"embeddable":true,"href":"https:\/\/imagazine.it\/home_desk\/wp-json\/wp\/v2\/users\/28"}],"replies":[{"embeddable":true,"href":"https:\/\/imagazine.it\/home_desk\/wp-json\/wp\/v2\/comments?post=23219"}],"version-history":[{"count":0,"href":"https:\/\/imagazine.it\/home_desk\/wp-json\/wp\/v2\/posts\/23219\/revisions"}],"wp:featuredmedia":[{"embeddable":true,"href":"https:\/\/imagazine.it\/home_desk\/wp-json\/wp\/v2\/media\/23220"}],"wp:attachment":[{"href":"https:\/\/imagazine.it\/home_desk\/wp-json\/wp\/v2\/media?parent=23219"}],"wp:term":[{"taxonomy":"category","embeddable":true,"href":"https:\/\/imagazine.it\/home_desk\/wp-json\/wp\/v2\/categories?post=23219"},{"taxonomy":"post_tag","embeddable":true,"href":"https:\/\/imagazine.it\/home_desk\/wp-json\/wp\/v2\/tags?post=23219"}],"curies":[{"name":"wp","href":"https:\/\/api.w.org\/{rel}","templated":true}]}}