{"id":23213,"date":"2017-04-14T00:00:00","date_gmt":"2017-04-13T23:00:00","guid":{"rendered":"https:\/\/imagazine.it\/?p=23213"},"modified":"2017-04-14T00:00:00","modified_gmt":"2017-04-13T23:00:00","slug":"niccolo-fabi-in-concerto-a-cervignano","status":"publish","type":"post","link":"https:\/\/imagazine.it\/home_desk\/niccolo-fabi-in-concerto-a-cervignano\/","title":{"rendered":"Niccol\u00f2 Fabi in concerto a Cervignano"},"content":{"rendered":"<p>Onde Mediterranee Festival\u00a0 annuncia il primo grande nome dell\u2019estate 2017. Il 21 luglio, al Parco Europa Unita di Cervignano, si esibir\u00e0 <strong>Niccol\u00f2 Fabi<\/strong>, che festeggia vent\u2019anni di carriera con il tour \u201cDiventi Inventi\u201d, che da giugno a\u00a0settembre lo porter\u00e0 a esibirsi sui migliori palchi e festival estivi italiani per raccontare dal vivo il suo percorso artistico e musicale.<\/p>\n<p>Il concerto di Niccol\u00f2 Fabi \u00e8 il primo ad essere annunciato del cartellone di Onde Mediterranee Festival 2017, che si svolger\u00e0 dal 20 al 22 luglio al Parco Europa\u00a0Unita di Cervignano del Friuli con una tre giorni di musica, cultura e intrattenimento.<\/p>\n<p>L\u2019artista romano, che la scorsa estate ha fatto \u201carrampicare\u201d quattromila persone sul Monte Canin, a 1.850 m., \u00e8 tra i pi\u00f9 sensibili e profondi \u00a0cantautori italiani degli ultimi anni,\u00a0avvalorando, canzone dopo canzone, la sua vis creativa; nei suoi lavori c\u2019\u00e8 sempre tanta sperimentazione e nel suo percorso si nota un avvicinamento sempre pi\u00f9 evidente alla\u00a0musica d&#39;oltreoceano. Il suo repertorio, incentrato sulla ricerca della libert\u00e0 espressiva, \u00e8 la dimostrazione di come si possa coniugare il pop e la musica d\u2019autore, in perfetto\u00a0equilibrio tra leggerezza e impegno.<\/p>\n<p>Il suo ultimo lavoro, \u201cUna somma di piccole cose\u201d, uscito nel 2016, \u00e8 da lui stesso definito \u201cil disco che avrei sempre voluto scrivere\u201d. \u00a0Niccol\u00f2 Fabi ha composto pi\u00f9 di 80 canzoni,\u00a0pubblicato 8 dischi di inediti, 1 raccolta ufficiale, 1 progetto sperimentale come produttore, 1 disco di inediti con la super band\u00a0FabiSilvestriGazz\u00e8\u00a0e ha ricevuto 2 Targhe Tenco\u00a0per \u201cMiglior Disco in Assoluto\u201d (per i suoi ultimi due album). A Cervignano porter\u00e0 gli ultimi successi ma anche quelli storici come \u201cLasciarsi un giorno a Roma\u201d, \u201cVento d\u2019estate\u201d,\u00a0\u201cIl negozio di antiquariato\u201d.<br \/> Il concerto \u00e8 inserito nell&#39;ambito del Festival Onde Mediterranee, promosso da Euritmica con il sostegno della Regione FVG, del Comune di\u00a0Cervignano del Friuli ed \u00e8 realizzato in collaborazione con Zenit Srl.<\/p>\n<p>\u00a0<\/p>\n","protected":false},"excerpt":{"rendered":"<p>Il 21 luglio al Parco Europa<\/p>\n","protected":false},"author":28,"featured_media":23214,"comment_status":"closed","ping_status":"closed","sticky":false,"template":"","format":"standard","meta":{"dwc-title":[],"dwc-content":[],"footnotes":""},"categories":[37],"tags":[],"class_list":["post-23213","post","type-post","status-publish","format-standard","has-post-thumbnail","hentry","category-cultura-e-spettacolo"],"rttpg_featured_image_url":{"full":["https:\/\/imagazine.it\/wp-content\/uploads\/2024\/01\/18971-1.webp",750,566,false],"landscape":["https:\/\/imagazine.it\/wp-content\/uploads\/2024\/01\/18971-1.webp",750,566,false],"portraits":["https:\/\/imagazine.it\/wp-content\/uploads\/2024\/01\/18971-1.webp",750,566,false],"thumbnail":["https:\/\/imagazine.it\/wp-content\/uploads\/2024\/01\/18971-1-150x150.webp",150,150,true],"medium":["https:\/\/imagazine.it\/wp-content\/uploads\/2024\/01\/18971-1-300x226.webp",300,226,true],"large":["https:\/\/imagazine.it\/wp-content\/uploads\/2024\/01\/18971-1.webp",640,483,false],"thumblist":["https:\/\/imagazine.it\/wp-content\/uploads\/2024\/01\/18971-1.webp",300,226,false],"thumbrelated":["https:\/\/imagazine.it\/wp-content\/uploads\/2024\/01\/18971-1.webp",500,377,false],"meccarouselthumb":["https:\/\/imagazine.it\/wp-content\/uploads\/2024\/01\/18971-1.webp",429,324,false],"gridsquare":["https:\/\/imagazine.it\/wp-content\/uploads\/2024\/01\/18971-1.webp",345,260,false],"tileview":["https:\/\/imagazine.it\/wp-content\/uploads\/2024\/01\/18971-1.webp",300,226,false],"1536x1536":["https:\/\/imagazine.it\/wp-content\/uploads\/2024\/01\/18971-1.webp",750,566,false],"2048x2048":["https:\/\/imagazine.it\/wp-content\/uploads\/2024\/01\/18971-1.webp",750,566,false],"newsup-slider-full":["https:\/\/imagazine.it\/wp-content\/uploads\/2024\/01\/18971-1.webp",750,566,false],"newsup-featured":["https:\/\/imagazine.it\/wp-content\/uploads\/2024\/01\/18971-1.webp",750,566,false],"newsup-medium":["https:\/\/imagazine.it\/wp-content\/uploads\/2024\/01\/18971-1-720x380.webp",720,380,true],"tptn_thumbnail":["https:\/\/imagazine.it\/wp-content\/uploads\/2024\/01\/18971-1.webp",250,189,false],"sow-carousel-default":["https:\/\/imagazine.it\/wp-content\/uploads\/2024\/01\/18971-1-272x182.webp",272,182,true]},"rttpg_author":{"display_name":"redazione","author_link":"https:\/\/imagazine.it\/home_desk\/author\/redazione\/"},"rttpg_comment":0,"rttpg_category":"<a href=\"https:\/\/imagazine.it\/home_desk\/category\/cultura-e-spettacolo\/\" rel=\"category tag\">CULTURA&amp;SPETTACOLO<\/a>","rttpg_excerpt":"Il 21 luglio al Parco Europa","_links":{"self":[{"href":"https:\/\/imagazine.it\/home_desk\/wp-json\/wp\/v2\/posts\/23213","targetHints":{"allow":["GET"]}}],"collection":[{"href":"https:\/\/imagazine.it\/home_desk\/wp-json\/wp\/v2\/posts"}],"about":[{"href":"https:\/\/imagazine.it\/home_desk\/wp-json\/wp\/v2\/types\/post"}],"author":[{"embeddable":true,"href":"https:\/\/imagazine.it\/home_desk\/wp-json\/wp\/v2\/users\/28"}],"replies":[{"embeddable":true,"href":"https:\/\/imagazine.it\/home_desk\/wp-json\/wp\/v2\/comments?post=23213"}],"version-history":[{"count":0,"href":"https:\/\/imagazine.it\/home_desk\/wp-json\/wp\/v2\/posts\/23213\/revisions"}],"wp:featuredmedia":[{"embeddable":true,"href":"https:\/\/imagazine.it\/home_desk\/wp-json\/wp\/v2\/media\/23214"}],"wp:attachment":[{"href":"https:\/\/imagazine.it\/home_desk\/wp-json\/wp\/v2\/media?parent=23213"}],"wp:term":[{"taxonomy":"category","embeddable":true,"href":"https:\/\/imagazine.it\/home_desk\/wp-json\/wp\/v2\/categories?post=23213"},{"taxonomy":"post_tag","embeddable":true,"href":"https:\/\/imagazine.it\/home_desk\/wp-json\/wp\/v2\/tags?post=23213"}],"curies":[{"name":"wp","href":"https:\/\/api.w.org\/{rel}","templated":true}]}}