{"id":23207,"date":"2017-04-13T00:00:00","date_gmt":"2017-04-12T23:00:00","guid":{"rendered":"https:\/\/imagazine.it\/?p=23207"},"modified":"2017-04-13T00:00:00","modified_gmt":"2017-04-12T23:00:00","slug":"paraciclismo-a-maniago-la-coppa-del-mondo","status":"publish","type":"post","link":"https:\/\/imagazine.it\/home_desk\/paraciclismo-a-maniago-la-coppa-del-mondo\/","title":{"rendered":"Paraciclismo, a Maniago la Coppa del Mondo"},"content":{"rendered":"<p>Maniago ospiter\u00e0 dal 12 al 14 maggio la Coppa del Mondo di paraciclismo cos\u00ec come era avvenuto nel 2015. L&#39;evento, presentato oggi nel palasport della citt\u00e0 dei coltelli alla presenza del vicepresidente del Friuli Venezia Giulia, <strong>Sergio Bolzonello<\/strong>, sar\u00e0 un\u2019anteprima del Mondiale 2018 gi\u00e0 assegnato proprio alla cittadina pordenonese.<\/p>\n<p>&#8220;Si tratta di una manifestazione eccellente &#8211; ha commentato Bolzonello &#8211; che richiamer\u00e0 centinaia di atleti da 42 Paesi, un momento di sport ad alto livello intriso di valori e di ideali solidali che caratterizzano l&#39;impegno dell&#39;intera comunit\u00e0 locale&#8221;.<\/p>\n<p>Bolzonello ha ricordato che &#8220;Maniago ha saputo diventare un punto di riferimento per lo sport, accogliendo sul territorio, con il coinvolgimento dei suoi cittadini, una manifestazione unica per i suoi contenuti e per il messaggio che gli atleti paralimpici sanno trasmettere&#8221;.<\/p>\n<p>Cos\u00ec come nel 2014, ha invece evidenziato il patron per il Friuli Venezia Giulia del comitato organizzatore della Giro d&#39;Italia, <strong>Enzo Cainero<\/strong>, Maniago sar\u00e0 attraversata anche dalla Corsa Rosa, ospitandone un traguardo volante.<\/p>\n<p>Testimonial della presentazione \u00e8 stato il protagonista dell&#39;edizione precedente della Coppa del Mondo nel maniaghese, il gi\u00e0 campione di F1 e olimpionico di paraciclismo, <strong>Alex Zanardi<\/strong>, personaggio molto legato al territorio friulano e &#8220;alla sua meravigliosa gente che sa infondere energia anche a chi ne deve spendere di pi\u00f9 rispetto agli altri per raggiungere i traguardi della quotidianit\u00e0&#8221;.<\/p>\n<p>Tra gli altri atleti presenti, la &#8220;Rossa Volante&#8221; <strong>Francesca Porcellato<\/strong> e l&#39;olimpionica <strong>Giada Rossi<\/strong>.\u00a0<\/p>\n","protected":false},"excerpt":{"rendered":"<p>Anteprima dei Mondiali 2018<\/p>\n","protected":false},"author":28,"featured_media":23208,"comment_status":"closed","ping_status":"closed","sticky":false,"template":"","format":"standard","meta":{"dwc-title":[],"dwc-content":[],"footnotes":""},"categories":[38],"tags":[],"class_list":["post-23207","post","type-post","status-publish","format-standard","has-post-thumbnail","hentry","category-sport"],"rttpg_featured_image_url":{"full":["https:\/\/imagazine.it\/wp-content\/uploads\/2024\/01\/18966-1.webp",750,523,false],"landscape":["https:\/\/imagazine.it\/wp-content\/uploads\/2024\/01\/18966-1.webp",750,523,false],"portraits":["https:\/\/imagazine.it\/wp-content\/uploads\/2024\/01\/18966-1.webp",750,523,false],"thumbnail":["https:\/\/imagazine.it\/wp-content\/uploads\/2024\/01\/18966-1-150x150.webp",150,150,true],"medium":["https:\/\/imagazine.it\/wp-content\/uploads\/2024\/01\/18966-1-300x209.webp",300,209,true],"large":["https:\/\/imagazine.it\/wp-content\/uploads\/2024\/01\/18966-1.webp",640,446,false],"thumblist":["https:\/\/imagazine.it\/wp-content\/uploads\/2024\/01\/18966-1.webp",300,209,false],"thumbrelated":["https:\/\/imagazine.it\/wp-content\/uploads\/2024\/01\/18966-1.webp",500,349,false],"meccarouselthumb":["https:\/\/imagazine.it\/wp-content\/uploads\/2024\/01\/18966-1.webp",465,324,false],"gridsquare":["https:\/\/imagazine.it\/wp-content\/uploads\/2024\/01\/18966-1.webp",373,260,false],"tileview":["https:\/\/imagazine.it\/wp-content\/uploads\/2024\/01\/18966-1.webp",300,209,false],"1536x1536":["https:\/\/imagazine.it\/wp-content\/uploads\/2024\/01\/18966-1.webp",750,523,false],"2048x2048":["https:\/\/imagazine.it\/wp-content\/uploads\/2024\/01\/18966-1.webp",750,523,false],"newsup-slider-full":["https:\/\/imagazine.it\/wp-content\/uploads\/2024\/01\/18966-1.webp",750,523,false],"newsup-featured":["https:\/\/imagazine.it\/wp-content\/uploads\/2024\/01\/18966-1.webp",750,523,false],"newsup-medium":["https:\/\/imagazine.it\/wp-content\/uploads\/2024\/01\/18966-1-720x380.webp",720,380,true],"tptn_thumbnail":["https:\/\/imagazine.it\/wp-content\/uploads\/2024\/01\/18966-1.webp",250,174,false],"sow-carousel-default":["https:\/\/imagazine.it\/wp-content\/uploads\/2024\/01\/18966-1-272x182.webp",272,182,true]},"rttpg_author":{"display_name":"redazione","author_link":"https:\/\/imagazine.it\/home_desk\/author\/redazione\/"},"rttpg_comment":0,"rttpg_category":"<a href=\"https:\/\/imagazine.it\/home_desk\/category\/sport\/\" rel=\"category tag\">SPORT<\/a>","rttpg_excerpt":"Anteprima dei Mondiali 2018","_links":{"self":[{"href":"https:\/\/imagazine.it\/home_desk\/wp-json\/wp\/v2\/posts\/23207","targetHints":{"allow":["GET"]}}],"collection":[{"href":"https:\/\/imagazine.it\/home_desk\/wp-json\/wp\/v2\/posts"}],"about":[{"href":"https:\/\/imagazine.it\/home_desk\/wp-json\/wp\/v2\/types\/post"}],"author":[{"embeddable":true,"href":"https:\/\/imagazine.it\/home_desk\/wp-json\/wp\/v2\/users\/28"}],"replies":[{"embeddable":true,"href":"https:\/\/imagazine.it\/home_desk\/wp-json\/wp\/v2\/comments?post=23207"}],"version-history":[{"count":0,"href":"https:\/\/imagazine.it\/home_desk\/wp-json\/wp\/v2\/posts\/23207\/revisions"}],"wp:featuredmedia":[{"embeddable":true,"href":"https:\/\/imagazine.it\/home_desk\/wp-json\/wp\/v2\/media\/23208"}],"wp:attachment":[{"href":"https:\/\/imagazine.it\/home_desk\/wp-json\/wp\/v2\/media?parent=23207"}],"wp:term":[{"taxonomy":"category","embeddable":true,"href":"https:\/\/imagazine.it\/home_desk\/wp-json\/wp\/v2\/categories?post=23207"},{"taxonomy":"post_tag","embeddable":true,"href":"https:\/\/imagazine.it\/home_desk\/wp-json\/wp\/v2\/tags?post=23207"}],"curies":[{"name":"wp","href":"https:\/\/api.w.org\/{rel}","templated":true}]}}